{"id":293124,"date":"2026-02-13T12:00:00","date_gmt":"2026-02-13T11:00:00","guid":{"rendered":"https:\/\/www.tucomarca.com\/wordpress\/segunda\/?p=293124"},"modified":"2026-02-13T19:07:48","modified_gmt":"2026-02-13T18:07:48","slug":"el-pp-demana-la-revisio-de-les-infraestructures-ferroviaries-de-la-provincia-de-valencia","status":"publish","type":"post","link":"https:\/\/tucomarca.whitekongsoftware.com\/ca\/el-pp-demana-la-revisio-de-les-infraestructures-ferroviaries-de-la-provincia-de-valencia\/","title":{"rendered":"El PP demana la revisi\u00f3 de les infraestructures ferrovi\u00e0ries de la prov\u00edncia de Val\u00e8ncia\u00a0"},"content":{"rendered":"\n<h3 class=\"wp-block-heading\">Mazzolari: &#8220;Exigim un pla d&#8217;actuaci\u00f3 urgent, amb calendari i dotaci\u00f3 pressupost\u00e0ria concreta, per a l&#8217;esmena de les defici\u00e8ncies detectades en l&#8217;auditoria&#8221;.<\/h3>\n\n\n<div class=\"wp-block-image\">\n<figure class=\"alignleft size-large is-resized\"><img loading=\"lazy\" decoding=\"async\" width=\"911\" height=\"1024\" src=\"http:\/\/www.tucomarca.com\/wordpress\/segunda\/wp-content\/uploads\/2026\/02\/MazzolariPP-911x1024.jpg\" alt=\"\" class=\"wp-image-293123\" style=\"width:242px;height:auto\" srcset=\"https:\/\/tucomarca.whitekongsoftware.com\/wp-content\/uploads\/2026\/02\/MazzolariPP-911x1024.jpg 911w, https:\/\/tucomarca.whitekongsoftware.com\/wp-content\/uploads\/2026\/02\/MazzolariPP-267x300.jpg 267w, https:\/\/tucomarca.whitekongsoftware.com\/wp-content\/uploads\/2026\/02\/MazzolariPP-768x863.jpg 768w, https:\/\/tucomarca.whitekongsoftware.com\/wp-content\/uploads\/2026\/02\/MazzolariPP-1367x1536.jpg 1367w, https:\/\/tucomarca.whitekongsoftware.com\/wp-content\/uploads\/2026\/02\/MazzolariPP.jpg 1424w\" sizes=\"auto, (max-width: 911px) 100vw, 911px\" \/><\/figure>\n<\/div>\n\n\n<p class=\"wp-block-paragraph\">El Partit Popular en la Diputaci\u00f3 de Val\u00e8ncia ha presentat una iniciativa, que es debatr\u00e0 dimarts que ve, per a instar a ADIF a la realitzaci\u00f3 immediata d&#8217;una auditoria extraordin\u00e0ria, integral i independent sobre l&#8217;estat real i la seguretat actual de les infraestructures ferrovi\u00e0ries a la prov\u00edncia de Val\u00e8ncia, que incloga, com a m\u00ednim, vies, andanes, estacions, sistemes de senyalitzaci\u00f3, electrificaci\u00f3 i altres elements de seguretat.<br>\u00a0<br>&#8220;\u00c9s imprescindible esta auditoria perqu\u00e8 la xarxa ferrovi\u00e0ria espanyola mostra clars signes de deterioraci\u00f3 deguda, entre altres, a una inversi\u00f3 insuficient en la seua conservaci\u00f3&#8221;, ha esgrimit la portaveu del PP en la instituci\u00f3 provincial, Reme Mazzolari, qui ha destacat que &#8220;segons la Comissi\u00f3 Europea, Espanya invertix menys en manteniment,renovaci\u00f3 i millora de la xarxa ferrovi\u00e0ria per passatger-quil\u00f2metre que la mitjana de la Uni\u00f3 Europea, la qual cosa agreuja la situaci\u00f3 i exigix una resposta immediata&#8221;.<br>\u00a0<br>Esta moci\u00f3 ve motivada despr\u00e9s del recent accident ferroviari ocorregut en Adamuz, amb el tr\u00e0gic balan\u00e7 de 46 v\u00edctimes mortals i centenars de ferits, i el sinistre en la l\u00ednia de Rodalies entre Sant Sadurn\u00ed d&#8217;Anoia i Gelida, en el qual va morir una persona i altres 37 van resultar ferides. Per a Mazzolari, &#8220;uns successos tr\u00e0gics i preocupants, que han generat una profunda alarma entre la ciutadania i han posat de manifest les greus conseq\u00fc\u00e8ncies que pot implicar la falta d&#8217;un manteniment adequat, la insufici\u00e8ncia de controls t\u00e8cnics o una gesti\u00f3 ineficient de la xarxa ferrovi\u00e0ria&#8221;.<br>\u00a0<br>Per aix\u00f2, ha subratllat, &#8220;exigim un pla d&#8217;actuaci\u00f3 urgent, amb calendari i dotaci\u00f3 pressupost\u00e0ria concreta, per a l&#8217;esmena de les defici\u00e8ncies detectades en l&#8217;auditoria de la prov\u00edncia de Val\u00e8ncia, prioritzant aquelles que afecten directament la seguretat de les persones&#8221;.<br>\u00a0<br>A m\u00e9s, la moci\u00f3 insta el Ministeri de Transports i Mobilitat Sostenible a assumir les responsabilitats pol\u00edtiques derivades de la deterioraci\u00f3 de la xarxa ferrovi\u00e0ria i de la falta de control i manteniment adequats i sol\u00b7licita la dimissi\u00f3 del ministre de Transports i Mobilitat Sostenible, \u00d3scar Puente, per la seua responsabilitat pol\u00edtica en la gesti\u00f3 de<br>les infraestructures ferrovi\u00e0ries i davant la gravetat dels fets i les conseq\u00fc\u00e8ncies humanes derivades de les defici\u00e8ncies existents.<\/p>\n\n\n\n<p class=\"wp-block-paragraph\"><\/p>\n","protected":false},"excerpt":{"rendered":"<div class=\"mh-excerpt\">Mazzolari: &#8220;Exigim un pla d&#8217;actuaci\u00f3 urgent, amb calendari i dotaci\u00f3 pressupost\u00e0ria concreta, per a l&#8217;esmena de les defici\u00e8ncies detectades en l&#8217;auditoria&#8221;. El Partit Popular en la Diputaci\u00f3 de Val\u00e8ncia ha presentat una iniciativa, que es <a class=\"mh-excerpt-more\" href=\"https:\/\/tucomarca.whitekongsoftware.com\/ca\/el-pp-demana-la-revisio-de-les-infraestructures-ferroviaries-de-la-provincia-de-valencia\/\" title=\"El PP demana la revisi\u00f3 de les infraestructures ferrovi\u00e0ries de la prov\u00edncia de Val\u00e8ncia\u00a0\">[+] <\/a><\/div>\n","protected":false},"author":12,"featured_media":242081,"comment_status":"open","ping_status":"open","sticky":false,"template":"","format":"standard","meta":{"footnotes":""},"categories":[10898,10948,10894,10904,10947,10896,10897],"tags":[22464,23920],"class_list":["post-293124","post","type-post","status-publish","format-standard","has-post-thumbnail","category-ventana-ca","category-infraestructuras-ca","category-la-comarca-ca","category-sin-categorizar-ca","category-politica","category-seccion-ca","category-sucesos-la-comarca-ca","tag-pp-provincia-de-valencia-ca","tag-revision-de-las-infraestructuras-ferroviarias-ca"],"_links":{"self":[{"href":"https:\/\/tucomarca.whitekongsoftware.com\/ca\/wp-json\/wp\/v2\/posts\/293124","targetHints":{"allow":["GET"]}}],"collection":[{"href":"https:\/\/tucomarca.whitekongsoftware.com\/ca\/wp-json\/wp\/v2\/posts"}],"about":[{"href":"https:\/\/tucomarca.whitekongsoftware.com\/ca\/wp-json\/wp\/v2\/types\/post"}],"author":[{"embeddable":true,"href":"https:\/\/tucomarca.whitekongsoftware.com\/ca\/wp-json\/wp\/v2\/users\/12"}],"replies":[{"embeddable":true,"href":"https:\/\/tucomarca.whitekongsoftware.com\/ca\/wp-json\/wp\/v2\/comments?post=293124"}],"version-history":[{"count":0,"href":"https:\/\/tucomarca.whitekongsoftware.com\/ca\/wp-json\/wp\/v2\/posts\/293124\/revisions"}],"wp:featuredmedia":[{"embeddable":true,"href":"https:\/\/tucomarca.whitekongsoftware.com\/ca\/wp-json\/wp\/v2\/media\/242081"}],"wp:attachment":[{"href":"https:\/\/tucomarca.whitekongsoftware.com\/ca\/wp-json\/wp\/v2\/media?parent=293124"}],"wp:term":[{"taxonomy":"category","embeddable":true,"href":"https:\/\/tucomarca.whitekongsoftware.com\/ca\/wp-json\/wp\/v2\/categories?post=293124"},{"taxonomy":"post_tag","embeddable":true,"href":"https:\/\/tucomarca.whitekongsoftware.com\/ca\/wp-json\/wp\/v2\/tags?post=293124"}],"curies":[{"name":"wp","href":"https:\/\/api.w.org\/{rel}","templated":true}]}}