{"id":293118,"date":"2026-02-13T11:00:00","date_gmt":"2026-02-13T10:00:00","guid":{"rendered":"https:\/\/www.tucomarca.com\/wordpress\/segunda\/?p=293118"},"modified":"2026-02-13T19:10:33","modified_gmt":"2026-02-13T18:10:33","slug":"la-diputacio-de-valencia-impulsa-un-sistema-perque-els-ajuntaments-convertisquen-lestalvi-energetic-en-ingressos","status":"publish","type":"post","link":"https:\/\/tucomarca.whitekongsoftware.com\/ca\/la-diputacio-de-valencia-impulsa-un-sistema-perque-els-ajuntaments-convertisquen-lestalvi-energetic-en-ingressos\/","title":{"rendered":"La Diputaci\u00f3 de Val\u00e8ncia impulsa un sistema perqu\u00e8 els ajuntaments convertisquen l&#8217;estalvi energ\u00e8tic en ingressos"},"content":{"rendered":"\n<h3 class=\"wp-block-heading\">El nou Acord Marc facilita l&#8217;acc\u00e9s al sistema CAU i preveu generar m\u00e9s de dos milions d&#8217;euros anuals per als municipis de la prov\u00edncia.<\/h3>\n\n\n\n<p class=\"wp-block-paragraph\">La Diputaci\u00f3 de Val\u00e8ncia ha posat en marxa, a trav\u00e9s de la seua Central de Compres, la licitaci\u00f3 d&#8217;un nou servici que permetr\u00e0 als ajuntaments de la prov\u00edncia monetitzar els estalvis energ\u00e8tics derivats de les seues inversions en efici\u00e8ncia, mitjan\u00e7ant el Sistema de Certificats d&#8217;Estalvi Energ\u00e8tic (CAU).<\/p>\n\n\n\n<p class=\"wp-block-paragraph\">Este sistema oferix a les entitats locals la possibilitat de recuperar part de la inversi\u00f3 realitzada en actuacions de millora energ\u00e8tica, com la reducci\u00f3 del consum en edificis o instal\u00b7lacions municipals, convertint estos estalvis en una compensaci\u00f3 econ\u00f2mica directa.<\/p>\n\n\n\n<p class=\"wp-block-paragraph\">El diputat responsable de l&#8217;\u00e0rea, Avelino Mascarell, ha explicat que \u201csom conscients que el sistema de certificats d&#8217;estalvi energ\u00e8tic pot resultar complex per a molts ajuntaments, tant per la tramitaci\u00f3 administrativa com per les exig\u00e8ncies de la Llei de Contractes del Sector P\u00fablic\u201d, i per aix\u00f2 ha assenyalat que \u201cdes de la Diputaci\u00f3 hem decidit fer un pas avant i crear un Acord marc a trav\u00e9s de la Central de Compres\u201d.<\/p>\n\n\n\n<p class=\"wp-block-paragraph\">En este sentit, Mascarell ha confirmat que ser\u00e0 la mateixa instituci\u00f3 provincial la que licite i seleccione als agents, &#8220;de manera que els ajuntaments \u00fanicament hagen de firmar la cessi\u00f3 dels estalvis energ\u00e8tics derivats de les seues actuacions de millora\u201d, una f\u00f3rmula que, segons ha remarcat, \u201csimplifica el proc\u00e9s i permet que tots els municipis, independentment de la seua grand\u00e0ria, puguen beneficiar-se d&#8217;este sistema en igualtat de condicions\u201d.<\/p>\n\n\n\n<p class=\"wp-block-paragraph\">Gr\u00e0cies a esta iniciativa, els consistoris simplifiquen notablement els tr\u00e0mits administratius i obtenen una retribuci\u00f3 econ\u00f2mica pr\u00e8viament establida en l&#8217;Acord marc. La previsi\u00f3 \u00e9s que este sistema permeta injectar m\u00e9s de dos milions d&#8217;euros anuals en les arques municipals, refor\u00e7ant el finan\u00e7ament local a partir de pol\u00edtiques de sostenibilitat i efici\u00e8ncia energ\u00e8tica.<\/p>\n\n\n\n<p class=\"wp-block-paragraph\"><\/p>\n","protected":false},"excerpt":{"rendered":"<div class=\"mh-excerpt\">El nou Acord Marc facilita l&#8217;acc\u00e9s al sistema CAU i preveu generar m\u00e9s de dos milions d&#8217;euros anuals per als municipis de la prov\u00edncia. La Diputaci\u00f3 de Val\u00e8ncia ha posat en marxa, a trav\u00e9s de <a class=\"mh-excerpt-more\" href=\"https:\/\/tucomarca.whitekongsoftware.com\/ca\/la-diputacio-de-valencia-impulsa-un-sistema-perque-els-ajuntaments-convertisquen-lestalvi-energetic-en-ingressos\/\" title=\"La Diputaci\u00f3 de Val\u00e8ncia impulsa un sistema perqu\u00e8 els ajuntaments convertisquen l&#8217;estalvi energ\u00e8tic en ingressos\">[+] <\/a><\/div>\n","protected":false},"author":12,"featured_media":293116,"comment_status":"open","ping_status":"open","sticky":false,"template":"","format":"standard","meta":{"footnotes":""},"categories":[10898,10948,10894,10904,10903,10947,10896],"tags":[23918,11246],"class_list":["post-293118","post","type-post","status-publish","format-standard","has-post-thumbnail","category-ventana-ca","category-infraestructuras-ca","category-la-comarca-ca","category-sin-categorizar-ca","category-medio-ambiente-la-comarca-ca","category-politica","category-seccion-ca","tag-ahorro-energetico-ca","tag-diputacio-de-valencia-ca"],"_links":{"self":[{"href":"https:\/\/tucomarca.whitekongsoftware.com\/ca\/wp-json\/wp\/v2\/posts\/293118","targetHints":{"allow":["GET"]}}],"collection":[{"href":"https:\/\/tucomarca.whitekongsoftware.com\/ca\/wp-json\/wp\/v2\/posts"}],"about":[{"href":"https:\/\/tucomarca.whitekongsoftware.com\/ca\/wp-json\/wp\/v2\/types\/post"}],"author":[{"embeddable":true,"href":"https:\/\/tucomarca.whitekongsoftware.com\/ca\/wp-json\/wp\/v2\/users\/12"}],"replies":[{"embeddable":true,"href":"https:\/\/tucomarca.whitekongsoftware.com\/ca\/wp-json\/wp\/v2\/comments?post=293118"}],"version-history":[{"count":0,"href":"https:\/\/tucomarca.whitekongsoftware.com\/ca\/wp-json\/wp\/v2\/posts\/293118\/revisions"}],"wp:featuredmedia":[{"embeddable":true,"href":"https:\/\/tucomarca.whitekongsoftware.com\/ca\/wp-json\/wp\/v2\/media\/293116"}],"wp:attachment":[{"href":"https:\/\/tucomarca.whitekongsoftware.com\/ca\/wp-json\/wp\/v2\/media?parent=293118"}],"wp:term":[{"taxonomy":"category","embeddable":true,"href":"https:\/\/tucomarca.whitekongsoftware.com\/ca\/wp-json\/wp\/v2\/categories?post=293118"},{"taxonomy":"post_tag","embeddable":true,"href":"https:\/\/tucomarca.whitekongsoftware.com\/ca\/wp-json\/wp\/v2\/tags?post=293118"}],"curies":[{"name":"wp","href":"https:\/\/api.w.org\/{rel}","templated":true}]}}