{"id":293046,"date":"2026-02-12T12:15:00","date_gmt":"2026-02-12T11:15:00","guid":{"rendered":"https:\/\/www.tucomarca.com\/wordpress\/segunda\/?p=293046"},"modified":"2026-02-12T20:04:33","modified_gmt":"2026-02-12T19:04:33","slug":"lajuntament-dutiel-cedeix-al-ministeri-de-linterior-dos-habitatges-del-parc-dobres-publiques-de-el-tollo-per-a-albergar-la-caserna-de-la-guardia-civil-del-municipi","status":"publish","type":"post","link":"https:\/\/tucomarca.whitekongsoftware.com\/ca\/lajuntament-dutiel-cedeix-al-ministeri-de-linterior-dos-habitatges-del-parc-dobres-publiques-de-el-tollo-per-a-albergar-la-caserna-de-la-guardia-civil-del-municipi\/","title":{"rendered":"L&#8217;Ajuntament d&#8217;Utiel cedeix al Ministeri de l&#8217;Interior dos habitatges del Parc d&#8217;Obres P\u00fabliques de &#8216;El Tollo&#8217; per a albergar la Caserna de la Gu\u00e0rdia Civil del municipi"},"content":{"rendered":"\n<h3 class=\"wp-block-heading\">Els habitatges, conegudes com les cases dels antics peons caminers, pertanyien a la Generalitat i el consistori utielano va sol\u00b7licitar la cessi\u00f3 dels immobles per a tramitar aquesta concessi\u00f3 al Govern Central.<\/h3>\n\n\n\n<p class=\"wp-block-paragraph\">L&#8217;Ajuntament d&#8217;Utiel ha acordat concedir al Ministeri de l&#8217;Interior l&#8217;\u00fas dels habitatges 1 i 2, situades en el denominat Parc d&#8217;Obres P\u00fabliques de &#8220;El Tollo\u201d (antigues cases de peons caminers) perqu\u00e8 puguen convertir-se en seu de la Casa Caserna de la Gu\u00e0rdia Civil d&#8217;Utiel.<\/p>\n\n\n\n<p class=\"wp-block-paragraph\">Inicialment la titularitat d&#8217;aquests habitatges pertanyia a la Conselleria de Medi Ambient, Infraestructures i Territori i l&#8217;Ajuntament d&#8217;Utiel va sol\u00b7licitar la cessi\u00f3 dels immobles (mutaci\u00f3 demanial externa) per a, de manera temporal, acollir als agents de la Gu\u00e0rdia Civil d&#8217;Utiel i al lloc de comandament de la caserna, ja que aquestes depend\u00e8ncies van quedar totalment inhabilitades despr\u00e9s de la DANA.<\/p>\n\n\n\n<p class=\"wp-block-paragraph\">Els habitatges, situades en la carretera N-III km 262, passaran ara a rehabilitar-se per a adequar aquest espai com a seu del Lloc de la Gu\u00e0rdia Civil fins a la construcci\u00f3 de la nova Caserna.<\/p>\n\n\n\n<p class=\"wp-block-paragraph\">\u201c\u00c9s una gran not\u00edcia per a Utiel i la comarca perqu\u00e8 els agents de la Gu\u00e0rdia Civil d&#8217;Utiel podran disposar d&#8217;unes instal\u00b7lacions adequades per a desenvolupar les seues funcions i aix\u00ed prestar els serveis que corresponen a un lloc de la Gu\u00e0rdia Civil per a atendre la ciutadania\u201c, assenyalava l&#8217;alcalde d&#8217;Utiel, Ricardo Gabald\u00f3n.<\/p>\n","protected":false},"excerpt":{"rendered":"<div class=\"mh-excerpt\">Els habitatges, conegudes com les cases dels antics peons caminers, pertanyien a la Generalitat i el consistori utielano va sol\u00b7licitar la cessi\u00f3 dels immobles per a tramitar aquesta concessi\u00f3 al Govern Central. L&#8217;Ajuntament d&#8217;Utiel ha <a class=\"mh-excerpt-more\" href=\"https:\/\/tucomarca.whitekongsoftware.com\/ca\/lajuntament-dutiel-cedeix-al-ministeri-de-linterior-dos-habitatges-del-parc-dobres-publiques-de-el-tollo-per-a-albergar-la-caserna-de-la-guardia-civil-del-municipi\/\" title=\"L&#8217;Ajuntament d&#8217;Utiel cedeix al Ministeri de l&#8217;Interior dos habitatges del Parc d&#8217;Obres P\u00fabliques de &#8216;El Tollo&#8217; per a albergar la Caserna de la Gu\u00e0rdia Civil del municipi\">[+] <\/a><\/div>\n","protected":false},"author":12,"featured_media":293043,"comment_status":"open","ping_status":"open","sticky":false,"template":"","format":"standard","meta":{"footnotes":""},"categories":[21466,10948,10894,10904,10903,10947,10909,10896,10897,11059],"tags":[23905,15409,23906,10910,11174],"class_list":["post-293046","post","type-post","status-publish","format-standard","has-post-thumbnail","category-dana-ca","category-infraestructuras-ca","category-la-comarca-ca","category-sin-categorizar-ca","category-medio-ambiente-la-comarca-ca","category-politica","category-requena-utiel-ca","category-seccion-ca","category-sucesos-la-comarca-ca","category-utiel-ca","tag-cuartel-guardia-civil-ca","tag-dana-2-ca","tag-el-tollo-ca","tag-requena-utiel-ca","tag-utiel-ca"],"_links":{"self":[{"href":"https:\/\/tucomarca.whitekongsoftware.com\/ca\/wp-json\/wp\/v2\/posts\/293046","targetHints":{"allow":["GET"]}}],"collection":[{"href":"https:\/\/tucomarca.whitekongsoftware.com\/ca\/wp-json\/wp\/v2\/posts"}],"about":[{"href":"https:\/\/tucomarca.whitekongsoftware.com\/ca\/wp-json\/wp\/v2\/types\/post"}],"author":[{"embeddable":true,"href":"https:\/\/tucomarca.whitekongsoftware.com\/ca\/wp-json\/wp\/v2\/users\/12"}],"replies":[{"embeddable":true,"href":"https:\/\/tucomarca.whitekongsoftware.com\/ca\/wp-json\/wp\/v2\/comments?post=293046"}],"version-history":[{"count":0,"href":"https:\/\/tucomarca.whitekongsoftware.com\/ca\/wp-json\/wp\/v2\/posts\/293046\/revisions"}],"wp:featuredmedia":[{"embeddable":true,"href":"https:\/\/tucomarca.whitekongsoftware.com\/ca\/wp-json\/wp\/v2\/media\/293043"}],"wp:attachment":[{"href":"https:\/\/tucomarca.whitekongsoftware.com\/ca\/wp-json\/wp\/v2\/media?parent=293046"}],"wp:term":[{"taxonomy":"category","embeddable":true,"href":"https:\/\/tucomarca.whitekongsoftware.com\/ca\/wp-json\/wp\/v2\/categories?post=293046"},{"taxonomy":"post_tag","embeddable":true,"href":"https:\/\/tucomarca.whitekongsoftware.com\/ca\/wp-json\/wp\/v2\/tags?post=293046"}],"curies":[{"name":"wp","href":"https:\/\/api.w.org\/{rel}","templated":true}]}}