{"id":292732,"date":"2026-02-10T11:50:00","date_gmt":"2026-02-10T10:50:00","guid":{"rendered":"https:\/\/www.tucomarca.com\/wordpress\/segunda\/?p=292732"},"modified":"2026-02-25T13:47:41","modified_gmt":"2026-02-25T12:47:41","slug":"els-bombers-sufquen-un-incendi-en-una-industria-de-resines-a-vilamarxant","status":"publish","type":"post","link":"https:\/\/tucomarca.whitekongsoftware.com\/ca\/els-bombers-sufquen-un-incendi-en-una-industria-de-resines-a-vilamarxant\/","title":{"rendered":"Els bombers sufquen un incendi en una ind\u00fastria de resines a Vilamarxant"},"content":{"rendered":"\n<p class=\"wp-block-paragraph\">Efectius del Consorci Provincial de Bombers de Val\u00e8ncia han intervingut este dimarts en un incendi declarat en una ind\u00fastria de resines situada al pol\u00edgon industrial Enxilagar del Rullo, al terme municipal de Vilamarxant.<\/p>\n\n\n\n<p class=\"wp-block-paragraph\">L\u2019av\u00eds es va rebre a les 13.23 hores, alertant d\u2019un incendi en una nau industrial que afectava un silo que emmagatzemava p\u00e8l\u00b7lets de polipropil\u00e8. Fins al lloc es van despla\u00e7ar dues dotacions de bombers i dues unitats de comandament del Consorci.<\/p>\n\n\n\n<p class=\"wp-block-paragraph\">Gr\u00e0cies a la r\u00e0pida actuaci\u00f3 dels efectius, l\u2019incendi va ser sufocat en poc de temps, evitant la seua propagaci\u00f3 a altres zones de la instal\u00b7laci\u00f3 i a naus confrontants. No s\u2019han registrat danys personals.<\/p>\n","protected":false},"excerpt":{"rendered":"<div class=\"mh-excerpt\">Efectius del Consorci Provincial de Bombers de Val\u00e8ncia han intervingut este dimarts en un incendi declarat en una ind\u00fastria de resines situada al pol\u00edgon industrial Enxilagar del Rullo, al terme municipal de Vilamarxant. L\u2019av\u00eds es <a class=\"mh-excerpt-more\" href=\"https:\/\/tucomarca.whitekongsoftware.com\/ca\/els-bombers-sufquen-un-incendi-en-una-industria-de-resines-a-vilamarxant\/\" title=\"Els bombers sufquen un incendi en una ind\u00fastria de resines a Vilamarxant\">[+] <\/a><\/div>\n","protected":false},"author":12,"featured_media":292731,"comment_status":"open","ping_status":"open","sticky":false,"template":"","format":"standard","meta":{"footnotes":""},"categories":[10892,10898,10894,10904,10896,10897,10927],"tags":[10899,20509,11090],"class_list":["post-292732","post","type-post","status-publish","format-standard","has-post-thumbnail","category-camp-de-turia-ca","category-ventana-ca","category-la-comarca-ca","category-sin-categorizar-ca","category-seccion-ca","category-sucesos-la-comarca-ca","category-vilamarxant-ca","tag-camp-de-turia-ca","tag-consorcio-de-bomberos-de-valencia-ca","tag-vilamarxant-ca"],"_links":{"self":[{"href":"https:\/\/tucomarca.whitekongsoftware.com\/ca\/wp-json\/wp\/v2\/posts\/292732","targetHints":{"allow":["GET"]}}],"collection":[{"href":"https:\/\/tucomarca.whitekongsoftware.com\/ca\/wp-json\/wp\/v2\/posts"}],"about":[{"href":"https:\/\/tucomarca.whitekongsoftware.com\/ca\/wp-json\/wp\/v2\/types\/post"}],"author":[{"embeddable":true,"href":"https:\/\/tucomarca.whitekongsoftware.com\/ca\/wp-json\/wp\/v2\/users\/12"}],"replies":[{"embeddable":true,"href":"https:\/\/tucomarca.whitekongsoftware.com\/ca\/wp-json\/wp\/v2\/comments?post=292732"}],"version-history":[{"count":0,"href":"https:\/\/tucomarca.whitekongsoftware.com\/ca\/wp-json\/wp\/v2\/posts\/292732\/revisions"}],"wp:featuredmedia":[{"embeddable":true,"href":"https:\/\/tucomarca.whitekongsoftware.com\/ca\/wp-json\/wp\/v2\/media\/292731"}],"wp:attachment":[{"href":"https:\/\/tucomarca.whitekongsoftware.com\/ca\/wp-json\/wp\/v2\/media?parent=292732"}],"wp:term":[{"taxonomy":"category","embeddable":true,"href":"https:\/\/tucomarca.whitekongsoftware.com\/ca\/wp-json\/wp\/v2\/categories?post=292732"},{"taxonomy":"post_tag","embeddable":true,"href":"https:\/\/tucomarca.whitekongsoftware.com\/ca\/wp-json\/wp\/v2\/tags?post=292732"}],"curies":[{"name":"wp","href":"https:\/\/api.w.org\/{rel}","templated":true}]}}