{"id":292718,"date":"2026-02-10T11:55:00","date_gmt":"2026-02-10T10:55:00","guid":{"rendered":"https:\/\/www.tucomarca.com\/wordpress\/segunda\/?p=292718"},"modified":"2026-02-25T13:46:21","modified_gmt":"2026-02-25T12:46:21","slug":"la-generalitat-adjudica-prop-de-18-000-metres-quadrats-de-sol-industrial-a-campofrio-per-a-la-seua-futura-planta-de-produccio-a-utiel","status":"publish","type":"post","link":"https:\/\/tucomarca.whitekongsoftware.com\/ca\/la-generalitat-adjudica-prop-de-18-000-metres-quadrats-de-sol-industrial-a-campofrio-per-a-la-seua-futura-planta-de-produccio-a-utiel\/","title":{"rendered":"La Generalitat adjudica prop de 18.000 metres quadrats de s\u00f2l industrial a Campofr\u00edo per a la seua futura planta de producci\u00f3 a Utiel"},"content":{"rendered":"\n<h3 class=\"wp-block-heading\">L\u2019operaci\u00f3 complementa els m\u00e9s de 26.000 metres quadrats ja adjudicats i contribuir\u00e0 a desenrotllar un dels centres de producci\u00f3 m\u00e9s moderns d\u2019Europa.<\/h3>\n\n\n\n<h3 class=\"wp-block-heading\">Mari\u00e1n Cano: \u201cEsta operaci\u00f3 demostra el nostre suport a les empreses perqu\u00e8 s\u2019instal\u00b7len i generen ocupaci\u00f3 en la Comunitat Valenciana\u201d.<\/h3>\n\n\n\n<h3 class=\"wp-block-heading\">La consellera recorda que el Consell ha concedit amb car\u00e0cter excepcional 11 milions d\u2019euros a Campofr\u00edo per a la seua recuperaci\u00f3 despr\u00e9s de la DANA.<\/h3>\n\n\n\n<p class=\"wp-block-paragraph\">La consellera d\u2019Ind\u00fastria, Turisme, Innovaci\u00f3 i Comer\u00e7, Mari\u00e1n Cano, ha anunciat que el Consell ha adjudicat una parcel\u00b7la d\u2019uns 18.000 metres quadrats de s\u00f2l industrial en el Parc Empresarial Nuevo Tollo d\u2019Utiel a l\u2019empresa Campofr\u00edo SB, SLU, \u201cun pas decisiu per a la posada en marxa de la futura planta de producci\u00f3 que la companyia desenrotllar\u00e0 en el municipi\u201d.<\/p>\n\n\n\n<p class=\"wp-block-paragraph\">Cal destacar que esta operaci\u00f3, que s\u2019ha materialitzat&nbsp;a trav\u00e9s de l\u2019Ivace, en la modalitat de compravenda, complementa els m\u00e9s de 26.000 metres quadrats ja adjudicats a Campofr\u00edo, \u201cconsolidant aix\u00ed un projecte industrial estrat\u00e8gic per a la prov\u00edncia de Val\u00e8ncia i per a la Comunitat Valenciana\u201d.<\/p>\n\n\n\n<p class=\"wp-block-paragraph\">\u201cEn total, hem posat a la disposici\u00f3 de l\u2019empresa uns 44.000 metres quadrats de s\u00f2l industrial sobre els quals es constituir\u00e0 la futura f\u00e0brica d\u2019elaboraci\u00f3 de productes carnis projectada per Campofr\u00edo\u201d, ha subratllat Cano.<\/p>\n\n\n\n<p class=\"wp-block-paragraph\">La titular d\u2019Ind\u00fastria ha ressaltat que \u201cesta actuaci\u00f3 \u00e9s un exemple clar de com des del Govern Valenci\u00e0 estem fent costat al sector empresarial, acompanyant-lo perqu\u00e8 puguen desenrotllar ac\u00ed, en la nostra Comunitat, els seus projectes i generar ocupaci\u00f3 de qualitat, inversi\u00f3, competitivitat i oportunitats reals per al territori\u201d.<\/p>\n\n\n\n<p class=\"wp-block-paragraph\"><strong>11 milions d\u2019euros en ajudes del Consell<\/strong><\/p>\n\n\n\n<p class=\"wp-block-paragraph\">Aix\u00ed mateix, la consellera ha recordat que la Generalitat va concedir, el mes de gener passat, 11 milions d\u2019euros en ajudes directes a Campofr\u00edo, \u201camb car\u00e0cter excepcional i per raons d\u2019inter\u00e9s p\u00fablic econ\u00f2mic\u201d, en el marc del pla de recuperaci\u00f3 de les zones afectades per la dana del 29 d\u2019octubre de 2024, despr\u00e9s dels greus desperfectes patits per les instal\u00b7lacions de la companyia a Torrent.<\/p>\n\n\n\n<p class=\"wp-block-paragraph\">Campofr\u00edo t\u00e9 previst desenrotllar en el Parc Empresarial Nuevo Tollo d\u2019Utiel un complex industrial que albergar\u00e0 una s\u00e8rie de processos de fabricaci\u00f3, transformaci\u00f3 i comercialitzaci\u00f3 de productes carnis.<\/p>\n\n\n\n<p class=\"wp-block-paragraph\">Una actuaci\u00f3 que permetr\u00e0 a la companyia disposar d\u2019un dels centres de producci\u00f3 m\u00e9s moderns i avan\u00e7ats que posse\u00efx a Europa, de manera que la nova planta es convertir\u00e0 en un dels principals referents del sector en la fabricaci\u00f3 de productes carnis.<\/p>\n\n\n\n<p class=\"wp-block-paragraph\">En este sentit, Mari\u00e1n Cano ha assenyalat que \u201cestem impulsant una ind\u00fastria d\u2019alt valor afegit, capa\u00e7 de competir en l\u2019\u00e0mbit europeu i de generar creixement econ\u00f2mic\u201d.<\/p>\n\n\n\n<p class=\"wp-block-paragraph\">La inversi\u00f3 prevista ascendix a 134 milions d\u2019euros, que, segons ha destacat la consellera, \u201cdemostra la confian\u00e7a d\u2019una companyia l\u00edder per implantar-se en s\u00f2l industrial en la Comunitat Valenciana\u201d.<\/p>\n\n\n\n<p class=\"wp-block-paragraph\"><strong>Manteniment de m\u00e9s de 300 ocupacions<\/strong><\/p>\n\n\n\n<p class=\"wp-block-paragraph\">La futura f\u00e0brica garantir\u00e0 el manteniment de m\u00e9s de 300 llocs de treball amb els quals comptava la companyia en la seua planta de Torrent afectada per la dana. \u201cParlem d\u2019ocupaci\u00f3 estable i de qualitat, que tindr\u00e0 un efecte tractor sobre l\u2019economia local i comarcal\u201d, ha afirmat Cano, que ha subratllat que esta actuaci\u00f3 \u201ccontribu\u00efx a fixar poblaci\u00f3, dinamitzar l\u2019interior i refor\u00e7ar el teixit productiu\u201d.<\/p>\n\n\n\n<p class=\"wp-block-paragraph\">A m\u00e9s, el nou centre permetr\u00e0 la creaci\u00f3 de sinergies amb empreses ja establides en el parc empresarial. Aix\u00ed mateix, estar\u00e0 dotat dels m\u00e9s moderns sistemes de generaci\u00f3, consum i recuperaci\u00f3 d\u2019energia, amb l\u2019objectiu de minimitzar el seu impacte mediambiental.<\/p>\n","protected":false},"excerpt":{"rendered":"<div class=\"mh-excerpt\">L\u2019operaci\u00f3 complementa els m\u00e9s de 26.000 metres quadrats ja adjudicats i contribuir\u00e0 a desenrotllar un dels centres de producci\u00f3 m\u00e9s moderns d\u2019Europa. Mari\u00e1n Cano: \u201cEsta operaci\u00f3 demostra el nostre suport a les empreses perqu\u00e8 s\u2019instal\u00b7len <a class=\"mh-excerpt-more\" href=\"https:\/\/tucomarca.whitekongsoftware.com\/ca\/la-generalitat-adjudica-prop-de-18-000-metres-quadrats-de-sol-industrial-a-campofrio-per-a-la-seua-futura-planta-de-produccio-a-utiel\/\" title=\"La Generalitat adjudica prop de 18.000 metres quadrats de s\u00f2l industrial a Campofr\u00edo per a la seua futura planta de producci\u00f3 a Utiel\">[+] <\/a><\/div>\n","protected":false},"author":12,"featured_media":270518,"comment_status":"open","ping_status":"open","sticky":false,"template":"","format":"standard","meta":{"footnotes":""},"categories":[21466,10898,10948,10894,10904,10947,10909,10896,11059],"tags":[22732,15409,10910,11174],"class_list":["post-292718","post","type-post","status-publish","format-standard","has-post-thumbnail","category-dana-ca","category-ventana-ca","category-infraestructuras-ca","category-la-comarca-ca","category-sin-categorizar-ca","category-politica","category-requena-utiel-ca","category-seccion-ca","category-utiel-ca","tag-campofrio-ca","tag-dana-2-ca","tag-requena-utiel-ca","tag-utiel-ca"],"_links":{"self":[{"href":"https:\/\/tucomarca.whitekongsoftware.com\/ca\/wp-json\/wp\/v2\/posts\/292718","targetHints":{"allow":["GET"]}}],"collection":[{"href":"https:\/\/tucomarca.whitekongsoftware.com\/ca\/wp-json\/wp\/v2\/posts"}],"about":[{"href":"https:\/\/tucomarca.whitekongsoftware.com\/ca\/wp-json\/wp\/v2\/types\/post"}],"author":[{"embeddable":true,"href":"https:\/\/tucomarca.whitekongsoftware.com\/ca\/wp-json\/wp\/v2\/users\/12"}],"replies":[{"embeddable":true,"href":"https:\/\/tucomarca.whitekongsoftware.com\/ca\/wp-json\/wp\/v2\/comments?post=292718"}],"version-history":[{"count":0,"href":"https:\/\/tucomarca.whitekongsoftware.com\/ca\/wp-json\/wp\/v2\/posts\/292718\/revisions"}],"wp:featuredmedia":[{"embeddable":true,"href":"https:\/\/tucomarca.whitekongsoftware.com\/ca\/wp-json\/wp\/v2\/media\/270518"}],"wp:attachment":[{"href":"https:\/\/tucomarca.whitekongsoftware.com\/ca\/wp-json\/wp\/v2\/media?parent=292718"}],"wp:term":[{"taxonomy":"category","embeddable":true,"href":"https:\/\/tucomarca.whitekongsoftware.com\/ca\/wp-json\/wp\/v2\/categories?post=292718"},{"taxonomy":"post_tag","embeddable":true,"href":"https:\/\/tucomarca.whitekongsoftware.com\/ca\/wp-json\/wp\/v2\/tags?post=292718"}],"curies":[{"name":"wp","href":"https:\/\/api.w.org\/{rel}","templated":true}]}}