{"id":292699,"date":"2026-02-10T11:10:00","date_gmt":"2026-02-10T10:10:00","guid":{"rendered":"https:\/\/www.tucomarca.com\/wordpress\/segunda\/?p=292699"},"modified":"2026-02-10T18:17:29","modified_gmt":"2026-02-10T17:17:29","slug":"la-diputacio-incrementa-les-ajudes-a-les-comissions-falleres-de-la-provincia","status":"publish","type":"post","link":"https:\/\/tucomarca.whitekongsoftware.com\/ca\/la-diputacio-incrementa-les-ajudes-a-les-comissions-falleres-de-la-provincia\/","title":{"rendered":"La Diputaci\u00f3 incrementa les ajudes a les comissions falleres de la prov\u00edncia"},"content":{"rendered":"\n<h3 class=\"wp-block-heading\">La corporaci\u00f3 provincial ha obert la convocat\u00f2ria de subvencions a estes entitats per a 2026, que compta amb un pressupost de 465.000 euros enfront dels 450.000 euros de l&#8217;any passat.<\/h3>\n\n\n\n<h3 class=\"wp-block-heading\">El termini per a sol\u00b7licitar estes ajudes finalitza el pr\u00f2xim 10 de mar\u00e7.<\/h3>\n\n\n\n<p class=\"wp-block-paragraph\">La Diputaci\u00f3 de Val\u00e8ncia ha incrementat per al 2026 les ajudes que destina anualment a les comissions falleres de tota la prov\u00edncia. La corporaci\u00f3 ha publicat en el BOP l&#8217;obertura de la convocat\u00f2ria de les subvencions que cada any repartix entre estes entitats, i que enguany est\u00e0 dotada amb un pressupost de 465.000 euros, la qual cosa suposa un augment de 15.000 euros respecte a la convocat\u00f2ria anterior.<\/p>\n\n\n\n<p class=\"wp-block-paragraph\">\u201cAmb l&#8217;ampliaci\u00f3 d&#8217;estes ajudes vam demostrar el nostre comprom\u00eds amb les Falles, una senya d&#8217;identitat del poble valenci\u00e0 que hem de protegir i cuidar\u201d, ha manifestat Vicent Momp\u00f3, president de la Diputaci\u00f3, que ha remarcat que \u201cel suport que des de la nostra instituci\u00f3 oferim a les falles de tota la prov\u00edncia \u00e9s tamb\u00e9 un suport als nostres pobles i tradicions, perqu\u00e8 la festa de les falles no sols es viu a Val\u00e8ncia capital, sin\u00f3 que \u00e9s un tret de la cultura valenciana molt est\u00e9s als pobles de la prov\u00edncia\u201d.<\/p>\n\n\n\n<p class=\"wp-block-paragraph\">El termini per a sol\u00b7licitar les ajudes s&#8217;ha obert este dimarts i conclou el pr\u00f2xim 10 de mar\u00e7. Solament poden aspirar a la subvenci\u00f3 aquelles comissions falleres que tinguen la seua seu a la prov\u00edncia de Val\u00e8ncia, i els diners rebuts haur\u00e0 de destinar-se al desenvolupament de les activitats pr\u00f2pies de la festa fallera.<\/p>\n\n\n\n<p class=\"wp-block-paragraph\">La presentaci\u00f3 de les sol\u00b7licituds i la seua tramitaci\u00f3 es realitzaran, exclusivament, de manera telem\u00e0tica, a trav\u00e9s de la Seu Electr\u00f2nica de la Diputaci\u00f3 de Val\u00e8ncia, utilitzant la carpeta habilitada per a aix\u00f2. La sol\u00b7licitud haur\u00e0 de firmar-se, electr\u00f2nicament mitjan\u00e7ant Certificat de Representant de l&#8217;Entitat.<\/p>\n\n\n\n<figure class=\"wp-block-image size-large\"><img loading=\"lazy\" decoding=\"async\" width=\"1024\" height=\"691\" src=\"http:\/\/www.tucomarca.com\/wordpress\/segunda\/wp-content\/uploads\/2026\/02\/OntinyentRecepcionfallera-1024x691.jpg\" alt=\"\" class=\"wp-image-292694\" srcset=\"https:\/\/tucomarca.whitekongsoftware.com\/wp-content\/uploads\/2026\/02\/OntinyentRecepcionfallera-1024x691.jpg 1024w, https:\/\/tucomarca.whitekongsoftware.com\/wp-content\/uploads\/2026\/02\/OntinyentRecepcionfallera-300x202.jpg 300w, https:\/\/tucomarca.whitekongsoftware.com\/wp-content\/uploads\/2026\/02\/OntinyentRecepcionfallera-768x518.jpg 768w, https:\/\/tucomarca.whitekongsoftware.com\/wp-content\/uploads\/2026\/02\/OntinyentRecepcionfallera.jpg 1181w\" sizes=\"auto, (max-width: 1024px) 100vw, 1024px\" \/><\/figure>\n","protected":false},"excerpt":{"rendered":"<div class=\"mh-excerpt\">La corporaci\u00f3 provincial ha obert la convocat\u00f2ria de subvencions a estes entitats per a 2026, que compta amb un pressupost de 465.000 euros enfront dels 450.000 euros de l&#8217;any passat. El termini per a sol\u00b7licitar <a class=\"mh-excerpt-more\" href=\"https:\/\/tucomarca.whitekongsoftware.com\/ca\/la-diputacio-incrementa-les-ajudes-a-les-comissions-falleres-de-la-provincia\/\" title=\"La Diputaci\u00f3 incrementa les ajudes a les comissions falleres de la prov\u00edncia\">[+] <\/a><\/div>\n","protected":false},"author":12,"featured_media":292693,"comment_status":"open","ping_status":"open","sticky":false,"template":"","format":"standard","meta":{"footnotes":""},"categories":[10898,10948,10894,10904,11007,10947,10896],"tags":[23888,11246],"class_list":["post-292699","post","type-post","status-publish","format-standard","has-post-thumbnail","category-ventana-ca","category-infraestructuras-ca","category-la-comarca-ca","category-sin-categorizar-ca","category-ocio-y-cultura-ca","category-politica","category-seccion-ca","tag-ayudas-a-las-comisiones-falleras-ca","tag-diputacio-de-valencia-ca"],"_links":{"self":[{"href":"https:\/\/tucomarca.whitekongsoftware.com\/ca\/wp-json\/wp\/v2\/posts\/292699","targetHints":{"allow":["GET"]}}],"collection":[{"href":"https:\/\/tucomarca.whitekongsoftware.com\/ca\/wp-json\/wp\/v2\/posts"}],"about":[{"href":"https:\/\/tucomarca.whitekongsoftware.com\/ca\/wp-json\/wp\/v2\/types\/post"}],"author":[{"embeddable":true,"href":"https:\/\/tucomarca.whitekongsoftware.com\/ca\/wp-json\/wp\/v2\/users\/12"}],"replies":[{"embeddable":true,"href":"https:\/\/tucomarca.whitekongsoftware.com\/ca\/wp-json\/wp\/v2\/comments?post=292699"}],"version-history":[{"count":0,"href":"https:\/\/tucomarca.whitekongsoftware.com\/ca\/wp-json\/wp\/v2\/posts\/292699\/revisions"}],"wp:featuredmedia":[{"embeddable":true,"href":"https:\/\/tucomarca.whitekongsoftware.com\/ca\/wp-json\/wp\/v2\/media\/292693"}],"wp:attachment":[{"href":"https:\/\/tucomarca.whitekongsoftware.com\/ca\/wp-json\/wp\/v2\/media?parent=292699"}],"wp:term":[{"taxonomy":"category","embeddable":true,"href":"https:\/\/tucomarca.whitekongsoftware.com\/ca\/wp-json\/wp\/v2\/categories?post=292699"},{"taxonomy":"post_tag","embeddable":true,"href":"https:\/\/tucomarca.whitekongsoftware.com\/ca\/wp-json\/wp\/v2\/tags?post=292699"}],"curies":[{"name":"wp","href":"https:\/\/api.w.org\/{rel}","templated":true}]}}