{"id":292678,"date":"2026-02-10T11:15:00","date_gmt":"2026-02-10T10:15:00","guid":{"rendered":"https:\/\/www.tucomarca.com\/wordpress\/segunda\/?p=292678"},"modified":"2026-02-10T15:02:58","modified_gmt":"2026-02-10T14:02:58","slug":"barbara-i-alejandra-ja-regnen-en-placeta-del-marques-de-turis","status":"publish","type":"post","link":"https:\/\/tucomarca.whitekongsoftware.com\/ca\/barbara-i-alejandra-ja-regnen-en-placeta-del-marques-de-turis\/","title":{"rendered":"B\u00e1rbara i Alejandra ja regnen en Placeta del Marqu\u00e9s de Tur\u00eds"},"content":{"rendered":"\n<p class=\"wp-block-paragraph\">La\u00a0Falla Placeta del Marqu\u00e9s de Tur\u00eds\u00a0ha viscut aquest cap de setmana un dels moments m\u00e9s esperats del seu calendari faller amb l&#8217;Exaltaci\u00f3\u00a0 de les seues Falleres Majors 2026.<\/p>\n\n\n\n<p class=\"wp-block-paragraph\">Emotivitat i bon humor es van donar la m\u00e0 en les presentacions on Alejandra Alcover Llopis i B\u00e1rbara Baldov\u00ed Cama\u00f1es van brillar entre les falleres i els fallers de la comissi\u00f3 Placeta del Marqu\u00e9s<\/p>\n\n\n\n<p class=\"wp-block-paragraph\">El\u00a0dissabte 7 de febrer\u00a0es va celebrar l&#8217;Exaltaci\u00f3 de la Fallera Major,\u00a0B\u00e1rbara Baldov\u00ed Cama\u00f1es, acompanyada del president de la comissi\u00f3,\u00a0Jes\u00fas Mar\u00eda Algarra Ib\u00e1\u00f1ez. L&#8217;acte va ser presentat per\u00a0Berta Piqueres Salom\u00a0i\u00a0Guillermo Baldov\u00ed Cama\u00f1es, i va comptar com a mantenidora amb\u00a0Elpidia Bellver Baldov\u00ed, qui va ser l&#8217;encarregada de dedicar unes emotives paraules a la m\u00e0xima representant. La vesprada es va completar amb la finalitat de festa inspirat en\u00a0\u201cEl malalt imaginari\u201d.<\/p>\n\n\n\n<p class=\"wp-block-paragraph\">El\u00a0diumenge 8 de febrer\u00a0va ser el torn de l&#8217;Exaltaci\u00f3 Infantil, en la qual\u00a0Alejandra Alcover Llopis\u00a0va ser proclamada\u00a0Fallera Major Infantil 2026, al costat del president infantil\u00a0Joan Cervera Beltr\u00e1n. L&#8217;acte va estar presentat per\u00a0Cl\u00e0udia Sancho Montero\u00a0i\u00a0Marc Tar\u00edn Ponce, mentre que la mantenidora va ser\u00a0Gema Llopis Grau. El tancament va arribar amb una fi de festa basat en\u00a0\u201cHotel Transylvania\u201d, pensat especialment per al p\u00fablic m\u00e9s jove.<\/p>\n\n\n\n<p class=\"wp-block-paragraph\">L&#8217;acte protocol\u00b7lari de la presentaci\u00f3 va comptar amb una nodrida i implicada participaci\u00f3 de la comissi\u00f3. El regidor de Festes, l&#8217;Alcalde i la Presidenta Executiva de la Junta Local van imposar les m\u00e0ximes distincions locals a les noves Falleres Majors.<\/p>\n\n\n\n<p class=\"wp-block-paragraph\">Amb aquests actes, la Falla Placeta del Marqu\u00e9s dona el tret d&#8217;eixida a un nou exercici faller en el qual els seus representants afronten amb orgull el cam\u00ed cap a les Falles 2026.<\/p>\n\n\n\n<figure class=\"wp-block-gallery has-nested-images columns-1 is-cropped wp-block-gallery-1 is-layout-flex wp-block-gallery-is-layout-flex\">\n<figure class=\"wp-block-image size-large\"><img loading=\"lazy\" decoding=\"async\" width=\"1024\" height=\"691\" data-id=\"292668\" src=\"https:\/\/www.tucomarca.com\/wordpress\/segunda\/wp-content\/uploads\/2026\/02\/TurisMarquesPresen03-1024x691.jpg\" alt=\"\" class=\"wp-image-292668\" srcset=\"https:\/\/tucomarca.whitekongsoftware.com\/wp-content\/uploads\/2026\/02\/TurisMarquesPresen03-1024x691.jpg 1024w, https:\/\/tucomarca.whitekongsoftware.com\/wp-content\/uploads\/2026\/02\/TurisMarquesPresen03-300x202.jpg 300w, https:\/\/tucomarca.whitekongsoftware.com\/wp-content\/uploads\/2026\/02\/TurisMarquesPresen03-768x518.jpg 768w, https:\/\/tucomarca.whitekongsoftware.com\/wp-content\/uploads\/2026\/02\/TurisMarquesPresen03.jpg 1181w\" sizes=\"auto, (max-width: 1024px) 100vw, 1024px\" \/><\/figure>\n\n\n\n<figure class=\"wp-block-image size-large\"><img loading=\"lazy\" decoding=\"async\" width=\"1024\" height=\"691\" data-id=\"292666\" src=\"https:\/\/www.tucomarca.com\/wordpress\/segunda\/wp-content\/uploads\/2026\/02\/TurisMarquesPresen02-1024x691.jpg\" alt=\"\" class=\"wp-image-292666\" srcset=\"https:\/\/tucomarca.whitekongsoftware.com\/wp-content\/uploads\/2026\/02\/TurisMarquesPresen02-1024x691.jpg 1024w, https:\/\/tucomarca.whitekongsoftware.com\/wp-content\/uploads\/2026\/02\/TurisMarquesPresen02-300x202.jpg 300w, https:\/\/tucomarca.whitekongsoftware.com\/wp-content\/uploads\/2026\/02\/TurisMarquesPresen02-768x518.jpg 768w, https:\/\/tucomarca.whitekongsoftware.com\/wp-content\/uploads\/2026\/02\/TurisMarquesPresen02.jpg 1181w\" sizes=\"auto, (max-width: 1024px) 100vw, 1024px\" \/><\/figure>\n\n\n\n<figure class=\"wp-block-image size-large\"><img loading=\"lazy\" decoding=\"async\" width=\"1024\" height=\"691\" data-id=\"292670\" src=\"https:\/\/www.tucomarca.com\/wordpress\/segunda\/wp-content\/uploads\/2026\/02\/TurisMarquesPresen04-1024x691.jpg\" alt=\"\" class=\"wp-image-292670\" srcset=\"https:\/\/tucomarca.whitekongsoftware.com\/wp-content\/uploads\/2026\/02\/TurisMarquesPresen04-1024x691.jpg 1024w, https:\/\/tucomarca.whitekongsoftware.com\/wp-content\/uploads\/2026\/02\/TurisMarquesPresen04-300x202.jpg 300w, https:\/\/tucomarca.whitekongsoftware.com\/wp-content\/uploads\/2026\/02\/TurisMarquesPresen04-768x518.jpg 768w, https:\/\/tucomarca.whitekongsoftware.com\/wp-content\/uploads\/2026\/02\/TurisMarquesPresen04.jpg 1181w\" sizes=\"auto, (max-width: 1024px) 100vw, 1024px\" \/><\/figure>\n<\/figure>\n","protected":false},"excerpt":{"rendered":"<div class=\"mh-excerpt\">La\u00a0Falla Placeta del Marqu\u00e9s de Tur\u00eds\u00a0ha viscut aquest cap de setmana un dels moments m\u00e9s esperats del seu calendari faller amb l&#8217;Exaltaci\u00f3\u00a0 de les seues Falleres Majors 2026. Emotivitat i bon humor es van donar <a class=\"mh-excerpt-more\" href=\"https:\/\/tucomarca.whitekongsoftware.com\/ca\/barbara-i-alejandra-ja-regnen-en-placeta-del-marques-de-turis\/\" title=\"B\u00e1rbara i Alejandra ja regnen en Placeta del Marqu\u00e9s de Tur\u00eds\">[+] <\/a><\/div>\n","protected":false},"author":12,"featured_media":292665,"comment_status":"open","ping_status":"open","sticky":false,"template":"","format":"gallery","meta":{"footnotes":""},"categories":[10894,10902,11004,11007,11008,10896,11047],"tags":[11499,11077,11093],"class_list":["post-292678","post","type-post","status-publish","format-gallery","has-post-thumbnail","category-la-comarca-ca","category-la-ribera-ca","category-la-semana-en-imagenes-ca","category-ocio-y-cultura-ca","category-pueblos-en-fiestas-ca","category-seccion-ca","category-turis-ca","tag-fallas-ca","tag-la-ribera-alta-ca","tag-turis-ca","post_format-post-format-gallery"],"_links":{"self":[{"href":"https:\/\/tucomarca.whitekongsoftware.com\/ca\/wp-json\/wp\/v2\/posts\/292678","targetHints":{"allow":["GET"]}}],"collection":[{"href":"https:\/\/tucomarca.whitekongsoftware.com\/ca\/wp-json\/wp\/v2\/posts"}],"about":[{"href":"https:\/\/tucomarca.whitekongsoftware.com\/ca\/wp-json\/wp\/v2\/types\/post"}],"author":[{"embeddable":true,"href":"https:\/\/tucomarca.whitekongsoftware.com\/ca\/wp-json\/wp\/v2\/users\/12"}],"replies":[{"embeddable":true,"href":"https:\/\/tucomarca.whitekongsoftware.com\/ca\/wp-json\/wp\/v2\/comments?post=292678"}],"version-history":[{"count":0,"href":"https:\/\/tucomarca.whitekongsoftware.com\/ca\/wp-json\/wp\/v2\/posts\/292678\/revisions"}],"wp:featuredmedia":[{"embeddable":true,"href":"https:\/\/tucomarca.whitekongsoftware.com\/ca\/wp-json\/wp\/v2\/media\/292665"}],"wp:attachment":[{"href":"https:\/\/tucomarca.whitekongsoftware.com\/ca\/wp-json\/wp\/v2\/media?parent=292678"}],"wp:term":[{"taxonomy":"category","embeddable":true,"href":"https:\/\/tucomarca.whitekongsoftware.com\/ca\/wp-json\/wp\/v2\/categories?post=292678"},{"taxonomy":"post_tag","embeddable":true,"href":"https:\/\/tucomarca.whitekongsoftware.com\/ca\/wp-json\/wp\/v2\/tags?post=292678"}],"curies":[{"name":"wp","href":"https:\/\/api.w.org\/{rel}","templated":true}]}}