{"id":292616,"date":"2026-02-10T11:30:00","date_gmt":"2026-02-10T10:30:00","guid":{"rendered":"https:\/\/www.tucomarca.com\/wordpress\/segunda\/?p=292616"},"modified":"2026-02-10T14:30:52","modified_gmt":"2026-02-10T13:30:52","slug":"el-pp-de-la-provincia-de-valencia-es-reorganitza-per-a-consolidar-el-seu-projecte-i-guanyar-les-municipals-de-2027","status":"publish","type":"post","link":"https:\/\/tucomarca.whitekongsoftware.com\/ca\/el-pp-de-la-provincia-de-valencia-es-reorganitza-per-a-consolidar-el-seu-projecte-i-guanyar-les-municipals-de-2027\/","title":{"rendered":"El PP de la prov\u00edncia de Val\u00e8ncia es reorganitza per a consolidar el seu projecte i guanyar les municipals de 2027"},"content":{"rendered":"\n<h3 class=\"wp-block-heading\">Momp\u00f3: \u201cCreem noves \u00e0rees com a V\u00edctimes i persones afectades DANA, Seguretat, Vivenda i Joventut per a donar resposta als problemes reals dels valencians\u201d.<\/h3>\n\n\n\n<p class=\"wp-block-paragraph\">El Comit\u00e9 de Direcci\u00f3 del PP de la prov\u00edncia de Val\u00e8ncia ha donat este divendres el vistiplau a diferents canvis en el seu organigrama \u201cper a consolidar un projecte que est\u00e0 fort, per\u00f2 que ho estar\u00e0 encara m\u00e9s si fem alguns ajustos\u201d, ha explicat el president del PP de la prov\u00edncia de Val\u00e8ncia, Vicent Momp\u00f3.<\/p>\n\n\n\n<p class=\"wp-block-paragraph\">A m\u00e9s, ha destacat, \u201cel PP \u00e9s un partit de govern, que xafa el carrer, coneix els problemes reals de la gent i treballa per a solucionar-los\u201d. Per aix\u00f2, ha detallat Momp\u00f3, \u201chem creat noves \u00e0rees de treball que responen a les preocupacions dels valencians i les valencianes, es treballar\u00e0 intensament en elles i en la resta per a arribar a 2027 amb una proposta realista, assenyada i factible que garantisca avan\u00e7ar als municipis i amb ells a tota la prov\u00edncia\u201d.<\/p>\n\n\n\n<p class=\"wp-block-paragraph\">\u201cL&#8217;objectiu \u00e9s clar: guanyar, tenyir de blau tota dona la prov\u00edncia per a millorar la vida dels valencians\u201d, ha assegurat el l\u00edder provincial, al mateix temps que s&#8217;ha mostrat optimista davant la resta de la direcci\u00f3: \u201cHo podem aconseguir, hem de seguir el mateix cam\u00ed, el del treball i l&#8217;esfor\u00e7 diari, el de la coordinaci\u00f3 i el treball en equip, ac\u00ed tots i totes comptem\u201d.&nbsp;<\/p>\n\n\n\n<p class=\"wp-block-paragraph\">Dependents de la Vicesecretaria de Pol\u00edtica Territorial, s&#8217;han creat les \u00e0rees de Reconstrucci\u00f3 DANA, que dirigir\u00e0 Sandra Castillo, i la de V\u00edctimes i persones afectades DANA, a c\u00e0rrec d&#8217;Amparo Clemente. A m\u00e9s, baix el paraigua de la Vicesecretaria de Pol\u00edtica Social, hi haur\u00e0 dos noves \u00e0rees: Seguretat, Conviv\u00e8ncia i Orde, de la qual s&#8217;ocupar\u00e0 Esther Asensio i Vivenda i Joventut, dirigida per Bartolom\u00e9 Vila. Una altra de les \u00e0rees de nova creaci\u00f3 \u00e9s Economia i Cost de la Vida, que dep\u00e9n de la Vicesecretaria d&#8217;Economia, Innovaci\u00f3 i Sostenibilitat i que capitanejar\u00e0 Nacho Ventura.<\/p>\n\n\n\n<figure class=\"wp-block-image size-large\"><img loading=\"lazy\" decoding=\"async\" width=\"1024\" height=\"683\" src=\"http:\/\/www.tucomarca.com\/wordpress\/segunda\/wp-content\/uploads\/2026\/02\/PPProvincial1-1024x683.jpeg\" alt=\"\" class=\"wp-image-292612\" srcset=\"https:\/\/tucomarca.whitekongsoftware.com\/wp-content\/uploads\/2026\/02\/PPProvincial1-1024x683.jpeg 1024w, https:\/\/tucomarca.whitekongsoftware.com\/wp-content\/uploads\/2026\/02\/PPProvincial1-300x200.jpeg 300w, https:\/\/tucomarca.whitekongsoftware.com\/wp-content\/uploads\/2026\/02\/PPProvincial1-768x512.jpeg 768w, https:\/\/tucomarca.whitekongsoftware.com\/wp-content\/uploads\/2026\/02\/PPProvincial1-1536x1024.jpeg 1536w, https:\/\/tucomarca.whitekongsoftware.com\/wp-content\/uploads\/2026\/02\/PPProvincial1-2048x1365.jpeg 2048w\" sizes=\"auto, (max-width: 1024px) 100vw, 1024px\" \/><\/figure>\n\n\n\n<p class=\"wp-block-paragraph\"><strong>Vicesecretaries del Comit\u00e9 Executiu:<\/strong><\/p>\n\n\n\n<p class=\"wp-block-paragraph\">PRESID\u00c8NCIA (ACCI\u00d3 ELECTORAL)- Vicente J. Momp\u00f3&nbsp;<\/p>\n\n\n\n<p class=\"wp-block-paragraph\">SECRETARIA GENERAL. Reme Mazzolari&nbsp;<\/p>\n\n\n\n<p class=\"wp-block-paragraph\">VICESECRETARIA D\u2019ORGANITZACI\u00d3&nbsp;Avelino Mascarell&nbsp;<\/p>\n\n\n\n<p class=\"wp-block-paragraph\">VICESECRETARIA DE POL\u00cdTICA TERRITORIAL. Amparo Folgado<\/p>\n\n\n\n<p class=\"wp-block-paragraph\">VICESECRETARIA&nbsp;DE COMUNICACI\u00d3. V\u00edctor Soler<\/p>\n\n\n\n<p class=\"wp-block-paragraph\">VICESECRETARIA DE POL\u00cdTICA SOCIAL. Rosabel Ribes<\/p>\n\n\n\n<p class=\"wp-block-paragraph\">VICESECRETARIA D\u2019ECONOMIA, INNOVACI\u00d3&nbsp;I&nbsp;SOSTENIBILITAT&nbsp;Ricardo Gabald\u00f3n<\/p>\n\n\n\n<p class=\"wp-block-paragraph\">VICESECRETARIA D\u2019ADMINISTRACI\u00d3 P\u00daBLICA, MEDIO RURAL&nbsp;I&nbsp;DESPOBLACI\u00d3N.I&nbsp;Ruth S\u00e1nchez<\/p>\n\n\n\n<p class=\"wp-block-paragraph\">VICESECRETARIA DE FORMACI\u00d3. Marcial D\u00edaz<\/p>\n\n\n\n<p class=\"wp-block-paragraph\">VICESECRETARIA DE RELACIONS INSTITUCIONALS&nbsp;I ASSUMPTES&nbsp;PARLAMENTARIS. Fernando de Rosa<\/p>\n\n\n\n<p class=\"wp-block-paragraph\">VICESECRETARIA DE ESTUDIS&nbsp;I&nbsp;PROGRAMES. Mercedes Pastor<\/p>\n\n\n\n<p class=\"wp-block-paragraph\">VICESECRETARIA D\u2019ACCI\u00d3 ELECTORAL. Andrea Gigante<\/p>\n","protected":false},"excerpt":{"rendered":"<div class=\"mh-excerpt\">Momp\u00f3: \u201cCreem noves \u00e0rees com a V\u00edctimes i persones afectades DANA, Seguretat, Vivenda i Joventut per a donar resposta als problemes reals dels valencians\u201d. El Comit\u00e9 de Direcci\u00f3 del PP de la prov\u00edncia de Val\u00e8ncia <a class=\"mh-excerpt-more\" href=\"https:\/\/tucomarca.whitekongsoftware.com\/ca\/el-pp-de-la-provincia-de-valencia-es-reorganitza-per-a-consolidar-el-seu-projecte-i-guanyar-les-municipals-de-2027\/\" title=\"El PP de la prov\u00edncia de Val\u00e8ncia es reorganitza per a consolidar el seu projecte i guanyar les municipals de 2027\">[+] <\/a><\/div>\n","protected":false},"author":12,"featured_media":292615,"comment_status":"open","ping_status":"open","sticky":false,"template":"","format":"standard","meta":{"footnotes":""},"categories":[10898,10948,10894,10904,10947,10896],"tags":[23886,22464],"class_list":["post-292616","post","type-post","status-publish","format-standard","has-post-thumbnail","category-ventana-ca","category-infraestructuras-ca","category-la-comarca-ca","category-sin-categorizar-ca","category-politica","category-seccion-ca","tag-organizacion-ca","tag-pp-provincia-de-valencia-ca"],"_links":{"self":[{"href":"https:\/\/tucomarca.whitekongsoftware.com\/ca\/wp-json\/wp\/v2\/posts\/292616","targetHints":{"allow":["GET"]}}],"collection":[{"href":"https:\/\/tucomarca.whitekongsoftware.com\/ca\/wp-json\/wp\/v2\/posts"}],"about":[{"href":"https:\/\/tucomarca.whitekongsoftware.com\/ca\/wp-json\/wp\/v2\/types\/post"}],"author":[{"embeddable":true,"href":"https:\/\/tucomarca.whitekongsoftware.com\/ca\/wp-json\/wp\/v2\/users\/12"}],"replies":[{"embeddable":true,"href":"https:\/\/tucomarca.whitekongsoftware.com\/ca\/wp-json\/wp\/v2\/comments?post=292616"}],"version-history":[{"count":0,"href":"https:\/\/tucomarca.whitekongsoftware.com\/ca\/wp-json\/wp\/v2\/posts\/292616\/revisions"}],"wp:featuredmedia":[{"embeddable":true,"href":"https:\/\/tucomarca.whitekongsoftware.com\/ca\/wp-json\/wp\/v2\/media\/292615"}],"wp:attachment":[{"href":"https:\/\/tucomarca.whitekongsoftware.com\/ca\/wp-json\/wp\/v2\/media?parent=292616"}],"wp:term":[{"taxonomy":"category","embeddable":true,"href":"https:\/\/tucomarca.whitekongsoftware.com\/ca\/wp-json\/wp\/v2\/categories?post=292616"},{"taxonomy":"post_tag","embeddable":true,"href":"https:\/\/tucomarca.whitekongsoftware.com\/ca\/wp-json\/wp\/v2\/tags?post=292616"}],"curies":[{"name":"wp","href":"https:\/\/api.w.org\/{rel}","templated":true}]}}