{"id":292602,"date":"2026-02-10T11:00:00","date_gmt":"2026-02-10T10:00:00","guid":{"rendered":"https:\/\/www.tucomarca.com\/wordpress\/segunda\/?p=292602"},"modified":"2026-02-10T14:19:01","modified_gmt":"2026-02-10T13:19:01","slug":"el-consell-reforca-el-control-de-la-sobrepoblacio-de-senglars-amb-un-encarrec-demergencia-a-vaersa-per-al-servei-de-parany-i-recollida-dexemplars","status":"publish","type":"post","link":"https:\/\/tucomarca.whitekongsoftware.com\/ca\/el-consell-reforca-el-control-de-la-sobrepoblacio-de-senglars-amb-un-encarrec-demergencia-a-vaersa-per-al-servei-de-parany-i-recollida-dexemplars\/","title":{"rendered":"El Consell refor\u00e7a el control de la sobrepoblaci\u00f3 de senglars amb un enc\u00e0rrec d&#8217;emerg\u00e8ncia a Vaersa per al servei de parany i recollida d&#8217;exemplars"},"content":{"rendered":"\n<h3 class=\"wp-block-heading\">L&#8217;import total de l&#8217;enc\u00e0rrec ascendeix a 4 milions d&#8217;euros dels 6 dedicats al pla de xoc activat a causa de la pesta porcina africana.<\/h3>\n\n\n\n<p class=\"wp-block-paragraph\">El Ple del Consell ha pres ra\u00f3 de la declaraci\u00f3 d&#8217;emerg\u00e8ncia de l&#8217;enc\u00e0rrec a l&#8217;empresa p\u00fablica Valenciana d&#8217;Estrat\u00e8gies i Recursos per a la Sostenibilitat Ambiental (Vaersa) per a l&#8217;execuci\u00f3 d&#8217;un servei complementari de control poblacional de senglars i la posada en marxa d&#8217;una unitat log\u00edstica per a la coordinaci\u00f3, recollida i destrucci\u00f3 d&#8217;exemplars abatuts per un import total de 4 milions d&#8217;euros dels 6 dedicats al pla de xoc activat per la pesta porcina africana.<\/p>\n\n\n\n<p class=\"wp-block-paragraph\">Aquest servei complementari consistir\u00e0 en la instal\u00b7laci\u00f3 de g\u00e0bies en aquelles zones del territori de la Comunitat Valenciana que no es troben sota la gesti\u00f3 de cap titular cineg\u00e8tic, que representen aproximadament el 20% del total. La intervenci\u00f3 en aquestes \u00e0rees es considera priorit\u00e0ria, at\u00e9s que per elles discorren algunes de les principals vies de connexi\u00f3 amb Catalunya, on es localitza el focus actiu de pesta porcina africana (PPA).<\/p>\n\n\n\n<p class=\"wp-block-paragraph\">A m\u00e9s, el servei inclou disposar de zeladors especialitzats, habilitats com a guardes jurats de ca\u00e7a, sistemes homologats de captura i personal veterinari per al suport tecnicosanitari.<\/p>\n\n\n\n<p class=\"wp-block-paragraph\">Les actuacions es duran a terme en \u00e0rees en les quals la ca\u00e7a no est\u00e0 permesa, com a zones de seguretat, refugis de fauna, zones comunes de ca\u00e7a, \u00e0rees periurbanes o \u00e0mbits en els quals l&#8217;increment de la pressi\u00f3 cineg\u00e8tica no resulta suficient per a aconseguir els objectius de reducci\u00f3 poblacional. En concret, per a la instal\u00b7laci\u00f3 de les caixes parany s&#8217;han delimitat 14 zones: Baix Maestrat, La Plana, Sogorb\u2013Almenara\u2013Serra \/ Alt Pal\u00e0ncia, L&#8217;Horta, La Ribera, Valldigna, La Safor, X\u00e0tiva, Ontinyent, X\u00e0bia\u2013D\u00e9nia, La Marina Alta, La Marina Baixa, Cocentaina\u2013Font Roja i Parc Natural del Fondo.<\/p>\n\n\n\n<p class=\"wp-block-paragraph\"><strong>Unitat log\u00edstica<\/strong><\/p>\n\n\n\n<p class=\"wp-block-paragraph\">A m\u00e9s, el Decret llei 13\/2025, convalidat la setmana passada en Les Corts, contempla la creaci\u00f3 d&#8217;una unitat log\u00edstica encarregada de la recollida i destrucci\u00f3 de cad\u00e0vers ca\u00e7ats en els diferents focus on l&#8217;activitat se subvenciona per a fomentar-la i que est\u00e0 actiu des de gener i refor\u00e7at amb 16 rutes des de la setmana passada.<\/p>\n\n\n\n<p class=\"wp-block-paragraph\">La unitat log\u00edstica s&#8217;encarregar\u00e0 de coordinar les actuacions, monitorar l&#8217;evoluci\u00f3 de la poblaci\u00f3 de senglar, gestionar el servei de recollida de cad\u00e0vers, contractar la seua eliminaci\u00f3 conforme a la normativa vigent i atendre els avisos de troballes de fauna morta o ferida que es reben a trav\u00e9s del 112. Aquest dispositiu disposar\u00e0 de personal t\u00e8cnic i especialitzat, aix\u00ed com de vehicles estancs per al transport dels cad\u00e0vers.<\/p>\n\n\n\n<p class=\"wp-block-paragraph\">Els exemplars abatuts s&#8217;arreplegaran en punts m\u00f2bils distribu\u00efts per totes les comarques de la Comunitat Valenciana i s&#8217;apilaran di\u00e0riament en punts fixos dotats de cambres frigor\u00edfiques, on romandran fins a la seua retirada per l&#8217;empresa de destrucci\u00f3 o la seua derivaci\u00f3 a altres destins previstos en la normativa auton\u00f2mica de gesti\u00f3 d&#8217;ungulats.<\/p>\n","protected":false},"excerpt":{"rendered":"<div class=\"mh-excerpt\">L&#8217;import total de l&#8217;enc\u00e0rrec ascendeix a 4 milions d&#8217;euros dels 6 dedicats al pla de xoc activat a causa de la pesta porcina africana. El Ple del Consell ha pres ra\u00f3 de la declaraci\u00f3 d&#8217;emerg\u00e8ncia <a class=\"mh-excerpt-more\" href=\"https:\/\/tucomarca.whitekongsoftware.com\/ca\/el-consell-reforca-el-control-de-la-sobrepoblacio-de-senglars-amb-un-encarrec-demergencia-a-vaersa-per-al-servei-de-parany-i-recollida-dexemplars\/\" title=\"El Consell refor\u00e7a el control de la sobrepoblaci\u00f3 de senglars amb un enc\u00e0rrec d&#8217;emerg\u00e8ncia a Vaersa per al servei de parany i recollida d&#8217;exemplars\">[+] <\/a><\/div>\n","protected":false},"author":12,"featured_media":265777,"comment_status":"open","ping_status":"open","sticky":false,"template":"","format":"standard","meta":{"footnotes":""},"categories":[10898,10948,10894,10904,10902,10903,10947,10896,10897],"tags":[11498,19439,21561],"class_list":["post-292602","post","type-post","status-publish","format-standard","has-post-thumbnail","category-ventana-ca","category-infraestructuras-ca","category-la-comarca-ca","category-sin-categorizar-ca","category-la-ribera-ca","category-medio-ambiente-la-comarca-ca","category-politica","category-seccion-ca","category-sucesos-la-comarca-ca","tag-generalitat-valenciana-ca","tag-jabalies-ca","tag-vaersa-ca"],"_links":{"self":[{"href":"https:\/\/tucomarca.whitekongsoftware.com\/ca\/wp-json\/wp\/v2\/posts\/292602","targetHints":{"allow":["GET"]}}],"collection":[{"href":"https:\/\/tucomarca.whitekongsoftware.com\/ca\/wp-json\/wp\/v2\/posts"}],"about":[{"href":"https:\/\/tucomarca.whitekongsoftware.com\/ca\/wp-json\/wp\/v2\/types\/post"}],"author":[{"embeddable":true,"href":"https:\/\/tucomarca.whitekongsoftware.com\/ca\/wp-json\/wp\/v2\/users\/12"}],"replies":[{"embeddable":true,"href":"https:\/\/tucomarca.whitekongsoftware.com\/ca\/wp-json\/wp\/v2\/comments?post=292602"}],"version-history":[{"count":0,"href":"https:\/\/tucomarca.whitekongsoftware.com\/ca\/wp-json\/wp\/v2\/posts\/292602\/revisions"}],"wp:featuredmedia":[{"embeddable":true,"href":"https:\/\/tucomarca.whitekongsoftware.com\/ca\/wp-json\/wp\/v2\/media\/265777"}],"wp:attachment":[{"href":"https:\/\/tucomarca.whitekongsoftware.com\/ca\/wp-json\/wp\/v2\/media?parent=292602"}],"wp:term":[{"taxonomy":"category","embeddable":true,"href":"https:\/\/tucomarca.whitekongsoftware.com\/ca\/wp-json\/wp\/v2\/categories?post=292602"},{"taxonomy":"post_tag","embeddable":true,"href":"https:\/\/tucomarca.whitekongsoftware.com\/ca\/wp-json\/wp\/v2\/tags?post=292602"}],"curies":[{"name":"wp","href":"https:\/\/api.w.org\/{rel}","templated":true}]}}