{"id":292522,"date":"2026-02-09T11:50:00","date_gmt":"2026-02-09T10:50:00","guid":{"rendered":"https:\/\/www.tucomarca.com\/wordpress\/segunda\/?p=292522"},"modified":"2026-02-09T20:20:51","modified_gmt":"2026-02-09T19:20:51","slug":"rescatat-un-home-de-74-anys-ferit-a-la-ruta-de-la-pena-cortada-a-calles","status":"publish","type":"post","link":"https:\/\/tucomarca.whitekongsoftware.com\/ca\/rescatat-un-home-de-74-anys-ferit-a-la-ruta-de-la-pena-cortada-a-calles\/","title":{"rendered":"Rescatat un home de 74 anys ferit a la ruta de la Pe\u00f1a Cortada, a Calles"},"content":{"rendered":"\n<p class=\"wp-block-paragraph\">Els bombers del Consorci Provincial de Bombers de Val\u00e8ncia han realitzat este divendres una actuaci\u00f3 de rescat al terme municipal de Calles, a la coneguda ruta de la Pe\u00f1a Cortada, amb la intervenci\u00f3 dels rescatadors del Grup Especial de Rescat en Altura (GERA).<\/p>\n\n\n\n<p class=\"wp-block-paragraph\">L\u2019operatiu ha comptat amb l\u2019helic\u00f2pter V-990 del Consorci i personal m\u00e8dic. La mobilitzaci\u00f3 s\u2019ha produ\u00eft a les 11,44 hores despr\u00e9s de rebre\u2019s un av\u00eds que alertava d\u2019un home de 74 anys que presentava una lesi\u00f3 en una cama.<\/p>\n\n\n\n<p class=\"wp-block-paragraph\">Els efectius han procedit al rescat del ferit, que ha sigut evacuat en helic\u00f2pter i posteriorment transferit als serveis sanitaris per a la seua atenci\u00f3 m\u00e8dica.<\/p>\n","protected":false},"excerpt":{"rendered":"<div class=\"mh-excerpt\">Els bombers del Consorci Provincial de Bombers de Val\u00e8ncia han realitzat este divendres una actuaci\u00f3 de rescat al terme municipal de Calles, a la coneguda ruta de la Pe\u00f1a Cortada, amb la intervenci\u00f3 dels rescatadors <a class=\"mh-excerpt-more\" href=\"https:\/\/tucomarca.whitekongsoftware.com\/ca\/rescatat-un-home-de-74-anys-ferit-a-la-ruta-de-la-pena-cortada-a-calles\/\" title=\"Rescatat un home de 74 anys ferit a la ruta de la Pe\u00f1a Cortada, a Calles\">[+] <\/a><\/div>\n","protected":false},"author":12,"featured_media":292519,"comment_status":"open","ping_status":"open","sticky":false,"template":"","format":"standard","meta":{"footnotes":""},"categories":[11038,11046,10898,10894,10904,10896,10897],"tags":[11923,20509,19928,11080],"class_list":["post-292522","post","type-post","status-publish","format-standard","has-post-thumbnail","category-calles-ca","category-los-serranos-ca","category-ventana-ca","category-la-comarca-ca","category-sin-categorizar-ca","category-seccion-ca","category-sucesos-la-comarca-ca","tag-calles-2-ca","tag-consorcio-de-bomberos-de-valencia-ca","tag-grupo-de-rescate-en-altura-gera-ca","tag-los-serranos-ca"],"_links":{"self":[{"href":"https:\/\/tucomarca.whitekongsoftware.com\/ca\/wp-json\/wp\/v2\/posts\/292522","targetHints":{"allow":["GET"]}}],"collection":[{"href":"https:\/\/tucomarca.whitekongsoftware.com\/ca\/wp-json\/wp\/v2\/posts"}],"about":[{"href":"https:\/\/tucomarca.whitekongsoftware.com\/ca\/wp-json\/wp\/v2\/types\/post"}],"author":[{"embeddable":true,"href":"https:\/\/tucomarca.whitekongsoftware.com\/ca\/wp-json\/wp\/v2\/users\/12"}],"replies":[{"embeddable":true,"href":"https:\/\/tucomarca.whitekongsoftware.com\/ca\/wp-json\/wp\/v2\/comments?post=292522"}],"version-history":[{"count":0,"href":"https:\/\/tucomarca.whitekongsoftware.com\/ca\/wp-json\/wp\/v2\/posts\/292522\/revisions"}],"wp:featuredmedia":[{"embeddable":true,"href":"https:\/\/tucomarca.whitekongsoftware.com\/ca\/wp-json\/wp\/v2\/media\/292519"}],"wp:attachment":[{"href":"https:\/\/tucomarca.whitekongsoftware.com\/ca\/wp-json\/wp\/v2\/media?parent=292522"}],"wp:term":[{"taxonomy":"category","embeddable":true,"href":"https:\/\/tucomarca.whitekongsoftware.com\/ca\/wp-json\/wp\/v2\/categories?post=292522"},{"taxonomy":"post_tag","embeddable":true,"href":"https:\/\/tucomarca.whitekongsoftware.com\/ca\/wp-json\/wp\/v2\/tags?post=292522"}],"curies":[{"name":"wp","href":"https:\/\/api.w.org\/{rel}","templated":true}]}}