{"id":292403,"date":"2026-02-06T13:00:00","date_gmt":"2026-02-06T12:00:00","guid":{"rendered":"https:\/\/www.tucomarca.com\/wordpress\/segunda\/?p=292403"},"modified":"2026-02-06T21:52:03","modified_gmt":"2026-02-06T20:52:03","slug":"susana-camarero-reconeix-la-gran-labor-dels-tecnics-i-inspectors-dedificacions-en-la-reconstruccio-despres-de-la-dana","status":"publish","type":"post","link":"https:\/\/tucomarca.whitekongsoftware.com\/ca\/susana-camarero-reconeix-la-gran-labor-dels-tecnics-i-inspectors-dedificacions-en-la-reconstruccio-despres-de-la-dana\/","title":{"rendered":"Susana Camarero reconeix la gran labor dels t\u00e8cnics i inspectors d&#8217;edificacions en la reconstrucci\u00f3 despr\u00e9s de la DANA"},"content":{"rendered":"\n<h3 class=\"wp-block-heading\">La vicepresidenta primera i consellera d&#8217;Habitatge participa en un acte de reconeixement al treball de la Unitat d&#8217;Avaluaci\u00f3 de Danys de l&#8217;IVE.<\/h3>\n\n\n\n<h3 class=\"wp-block-heading\">Aquesta unitat, pionera a Espanya, va realitzar 11.200 informes d&#8217;avaluaci\u00f3 i va activar expedients de demolici\u00f3, actuacions d&#8217;emerg\u00e8ncia i m\u00e9s de 2.400 mesures preventives.<\/h3>\n\n\n\n<p class=\"wp-block-paragraph\">La vicepresidenta primera i consellera d&#8217;Habitatge, Ocupaci\u00f3, Joventut i Igualtat, Susana Camarero, ha reconegut la gran labor de l&#8217;equip de t\u00e8cnics i inspectors que despr\u00e9s de la DANA han treballat sota la coordinaci\u00f3 de l&#8217;Institut Valenci\u00e0 d&#8217;Edificaci\u00f3 (IVE) en la Unitat d&#8217;Avaluaci\u00f3 de Danys.<\/p>\n\n\n\n<p class=\"wp-block-paragraph\">Aix\u00ed ho ha manifestat durant l&#8217;acte de reconeixement al treball de l&#8217;equip t\u00e8cnic de la Unitat d&#8217;Avaluaci\u00f3 de Danys i Recuperaci\u00f3, organitzat per la Generalitat, l&#8217;IVE i la Universitat Polit\u00e8cnica de Val\u00e8ncia (UPV). Un acte en el qual tamb\u00e9 ha participat, entre altres, el rector de la UPV, Jos\u00e9 Esteban Capilla; el secretari auton\u00f2mic d&#8217;Habitatge, Sebasti\u00e1n Fern\u00e1ndez; la directora de l&#8217;IVE, Bego\u00f1a Serrano, i altres representants institucionals i empresarials de la Comunitat.<\/p>\n\n\n\n<p class=\"wp-block-paragraph\">La vicepresidenta ha reconegut que el treball d&#8217;aquests professionals \u201cva ser el punt de partida que va permetre posar en marxa els reallotjaments, les ajudes, les demolicions i iniciar la reconstrucci\u00f3\u201d i ha assegurat que els seus informes \u201cvan ser imprescindibles per a aportar rapidesa en la resposta, aix\u00ed com seguretat jur\u00eddica i t\u00e8cnica\u201d.<\/p>\n\n\n\n<p class=\"wp-block-paragraph\">Camarero ha recordat que la Comunitat va ser pionera en crear una unitat t\u00e8cnica especialitzada en avaluaci\u00f3 de danys en edificacions, \u201cuna decisi\u00f3 que el temps ha demostrat essencial i estrat\u00e8gica\u201d i que ha deixat clar que \u201csense l&#8217;avaluaci\u00f3 t\u00e8cnica rigorosa no hi ha reconstrucci\u00f3 possible, ni protecci\u00f3 de les persones\u201d.<\/p>\n\n\n\n<p class=\"wp-block-paragraph\">El desplegament t\u00e8cnic coordinat per l&#8217;IVE va permetre una resposta r\u00e0pida amb m\u00e9s de 11.200 informes d&#8217;avaluaci\u00f3 de danys realitzats en 66 municipis. Aix\u00f2 va permetre activar expedients de demolici\u00f3, actuacions d&#8217;emerg\u00e8ncia i m\u00e9s de 2.400 mesures preventives.<\/p>\n\n\n\n<p class=\"wp-block-paragraph\">De la mateixa manera, Camarero ha fet especial menci\u00f3 al pla especial d&#8217;inspecci\u00f3 de soterranis i garatges, amb m\u00e9s de 650 garatges inspeccionats, m\u00e9s de 1.700 tastos i desenes de mesures correctores implantades. \u201cUna actuaci\u00f3 complexa i absolutament necess\u00e0ria perqu\u00e8, despr\u00e9s d&#8217;una DANA, era especialment necessari confirmar que no hi havia perill en edificacions exposades a pressi\u00f3 i humitat en els seus garatges durant setmanes\u201d, ha subratllat.<\/p>\n\n\n\n<p class=\"wp-block-paragraph\">Per tot aix\u00f2, la vicepresidenta, en nom del Consell i de tots els valencians, ha volgut recon\u00e9ixer la predisposici\u00f3 dels Col\u00b7legis Professionals d&#8217;Arquitectes i d&#8217;Arquitectes T\u00e8cnics i, especialment el comprom\u00eds i bona faena de tots els professionals t\u00e8cnics que han treballat sota la coordinaci\u00f3 de l&#8217;IVE en la Unitat d&#8217;Avaluaci\u00f3 de Danys. Una unitat que ha demostrat \u201cla seua utilitat indiscutible en el moment m\u00e9s dif\u00edcil i que la gesti\u00f3 d&#8217;emerg\u00e8ncies requereix un coneixement especialitzat\u201d.<\/p>\n","protected":false},"excerpt":{"rendered":"<div class=\"mh-excerpt\">La vicepresidenta primera i consellera d&#8217;Habitatge participa en un acte de reconeixement al treball de la Unitat d&#8217;Avaluaci\u00f3 de Danys de l&#8217;IVE. Aquesta unitat, pionera a Espanya, va realitzar 11.200 informes d&#8217;avaluaci\u00f3 i va activar <a class=\"mh-excerpt-more\" href=\"https:\/\/tucomarca.whitekongsoftware.com\/ca\/susana-camarero-reconeix-la-gran-labor-dels-tecnics-i-inspectors-dedificacions-en-la-reconstruccio-despres-de-la-dana\/\" title=\"Susana Camarero reconeix la gran labor dels t\u00e8cnics i inspectors d&#8217;edificacions en la reconstrucci\u00f3 despr\u00e9s de la DANA\">[+] <\/a><\/div>\n","protected":false},"author":12,"featured_media":292419,"comment_status":"open","ping_status":"open","sticky":false,"template":"","format":"standard","meta":{"footnotes":""},"categories":[21466,10898,10948,10894,10904,10903,10947,10896,10897],"tags":[12234,15409,11498,12693],"class_list":["post-292403","post","type-post","status-publish","format-standard","has-post-thumbnail","category-dana-ca","category-ventana-ca","category-infraestructuras-ca","category-la-comarca-ca","category-sin-categorizar-ca","category-medio-ambiente-la-comarca-ca","category-politica","category-seccion-ca","category-sucesos-la-comarca-ca","tag-conselleria-de-vivienda-ca","tag-dana-2-ca","tag-generalitat-valenciana-ca","tag-upv-ca"],"_links":{"self":[{"href":"https:\/\/tucomarca.whitekongsoftware.com\/ca\/wp-json\/wp\/v2\/posts\/292403","targetHints":{"allow":["GET"]}}],"collection":[{"href":"https:\/\/tucomarca.whitekongsoftware.com\/ca\/wp-json\/wp\/v2\/posts"}],"about":[{"href":"https:\/\/tucomarca.whitekongsoftware.com\/ca\/wp-json\/wp\/v2\/types\/post"}],"author":[{"embeddable":true,"href":"https:\/\/tucomarca.whitekongsoftware.com\/ca\/wp-json\/wp\/v2\/users\/12"}],"replies":[{"embeddable":true,"href":"https:\/\/tucomarca.whitekongsoftware.com\/ca\/wp-json\/wp\/v2\/comments?post=292403"}],"version-history":[{"count":0,"href":"https:\/\/tucomarca.whitekongsoftware.com\/ca\/wp-json\/wp\/v2\/posts\/292403\/revisions"}],"wp:featuredmedia":[{"embeddable":true,"href":"https:\/\/tucomarca.whitekongsoftware.com\/ca\/wp-json\/wp\/v2\/media\/292419"}],"wp:attachment":[{"href":"https:\/\/tucomarca.whitekongsoftware.com\/ca\/wp-json\/wp\/v2\/media?parent=292403"}],"wp:term":[{"taxonomy":"category","embeddable":true,"href":"https:\/\/tucomarca.whitekongsoftware.com\/ca\/wp-json\/wp\/v2\/categories?post=292403"},{"taxonomy":"post_tag","embeddable":true,"href":"https:\/\/tucomarca.whitekongsoftware.com\/ca\/wp-json\/wp\/v2\/tags?post=292403"}],"curies":[{"name":"wp","href":"https:\/\/api.w.org\/{rel}","templated":true}]}}