{"id":292288,"date":"2026-02-05T12:00:00","date_gmt":"2026-02-05T11:00:00","guid":{"rendered":"https:\/\/www.tucomarca.com\/wordpress\/segunda\/?p=292288"},"modified":"2026-02-05T20:50:06","modified_gmt":"2026-02-05T19:50:06","slug":"la-reconstruccio-del-pont-de-les-madroneras-de-xera-retorna-la-normalitat-a-una-via-amb-major-capacitat-i-mes-seguretat-enfront-de-futures-riuades","status":"publish","type":"post","link":"https:\/\/tucomarca.whitekongsoftware.com\/ca\/la-reconstruccio-del-pont-de-les-madroneras-de-xera-retorna-la-normalitat-a-una-via-amb-major-capacitat-i-mes-seguretat-enfront-de-futures-riuades\/","title":{"rendered":"La reconstrucci\u00f3 del pont de les Madroneras de Xera retorna la normalitat a una via amb major capacitat i m\u00e9s seguretat enfront de futures riuades"},"content":{"rendered":"\n<h3 class=\"wp-block-heading\">El comissionat per a la Recuperaci\u00f3 ha visitat el pont despr\u00e9s de la seua obertura en l&#8217;\u00faltim trimestre de 2025.<\/h3>\n\n\n\n<h3 class=\"wp-block-heading\">La Generalitat ha destinat 1,5 milions d&#8217;euros per a assumir aquesta reconstrucci\u00f3 davant la impossibilitat de l&#8217;ajuntament de fer els treballs.<\/h3>\n\n\n\n<p class=\"wp-block-paragraph\">La reconstrucci\u00f3 del pont de les Madroneras ha perm\u00e9s a Xera recuperar la normalitat en una via clau de comunicaci\u00f3, ara amb una infraestructura \u201cm\u00e9s segura i preparada per a respondre davant futurs episodis de pluges torrencials\u201d. Aix\u00ed ho ha destacat el comissionat per a la Recuperaci\u00f3, Ra\u00fal M\u00e8rida, durant la seua visita a aquest pont del cam\u00ed entre Xera i Setaig\u00fces sobre el riu Reatillo, que es va posar en servei durant l&#8217;\u00faltim trimestre del passat any.<\/p>\n\n\n\n<p class=\"wp-block-paragraph\">Segons ha explicat M\u00e8rida, la Generalitat ha destinat 1,5 milions d&#8217;euros a la recuperaci\u00f3 del pont. L&#8217;actuaci\u00f3 \u201cha respectat l&#8217;estructura original, conservant els arcs i adaptant-los al nou ample del llit per a augmentar la seua capacitat hidr\u00e0ulica\u201d. Les especials dificultats del terreny van obligar a transportar els marcs de formig\u00f3 en dues fases per a facilitar la seua col\u00b7locaci\u00f3.<\/p>\n\n\n\n<p class=\"wp-block-paragraph\">El comissionat ha recordat que les inundacions de 2024 van provocar greus danys en l&#8217;estructura d&#8217;aquest pont en resultar insuficient la seua capacitat hidr\u00e0ulica per al pas del cabal del barranc. Per aix\u00f2, el nou pont \u201caugmenta la capacitat hidr\u00e0ulica de l&#8217;antiga infraestructura enfront d&#8217;avingudes i millora la seua funcionalitat per als ve\u00efns i visitants de la zona\u201d.<\/p>\n\n\n\n<p class=\"wp-block-paragraph\">Aquesta actuaci\u00f3 s&#8217;emmarca en el Pla Endavant de la Generalitat, que parteix de la idea de refer les infraestructures amb un enfocament m\u00e9s resilient. En aquest sentit, des del Consell s&#8217;estan aplicant criteris de prevenci\u00f3 i seguretat en cada intervenci\u00f3. \u201cNo es tracta nom\u00e9s de reparar els danys, sin\u00f3 tamb\u00e9 de recuperar entre la ciutadania la sensaci\u00f3 de tranquil\u00b7litat i seguretat que es va veure afectada despr\u00e9s de la riuada\u201d, ha assenyalat el comissionat.<\/p>\n\n\n\n<p class=\"wp-block-paragraph\"><strong>Treballs fets<\/strong><\/p>\n\n\n\n<p class=\"wp-block-paragraph\">Els treballs realitzats han perm\u00e9s recuperar i millorar la funcionalitat de l&#8217;estructura existent mitjan\u00e7ant la retirada, inicialment, dels aterramientos tant en el seu interior com en els trams del llit aig\u00fces amunt i a baix, facilitant aix\u00ed el desenvolupament de les actuacions. A continuaci\u00f3, es van reparar les zones danyades mitjan\u00e7ant la injecci\u00f3 de fissures i la rehabilitaci\u00f3 dels elements afectats, al mateix temps que es va organitzar el pas habitual de l&#8217;aigua per l&#8217;obertura central per a poder executar amb seguretat les noves fonamentacions.<\/p>\n\n\n\n<p class=\"wp-block-paragraph\">Paral\u00b7lelament, es van reconstruir els timpans i muralletes respectant l&#8217;aspecte previ a la dana i es van col\u00b7locar els nous marcs en tots dos marges, ampliant la capacitat de pas.<\/p>\n\n\n\n<p class=\"wp-block-paragraph\">Les obres es van completar amb la millora dels accessos mitjan\u00e7ant murs de contenci\u00f3 i farciments, la protecci\u00f3 del llit del llit amb escullera, la redistribuci\u00f3 de materials per a normalitzar el curs del riu, el condicionament de l&#8217;obra de drenatge del rierol pr\u00f2xim i, finalment, la reconstrucci\u00f3 de la cal\u00e7ada i els seus entroncaments amb un nou paviment de formig\u00f3.<\/p>\n\n\n\n<p class=\"wp-block-paragraph\">Ra\u00fal M\u00e8rida ha recordat que la reconstrucci\u00f3 del pont de Xera forma part de les 60 actuacions assumides per la Generalitat en diferents poblacions que van sol\u00b7licitar ajuda per a reparar les seues infraestructures municipals davant la impossibilitat si es fes c\u00e0rrec de la seua reconstrucci\u00f3. D&#8217;aquestes, ha destacat, 49 ja estan finalitzades\u201d. La inversi\u00f3 total del Consell en aquestes obres locals ascendeix a 50 milions d&#8217;euros.<\/p>\n","protected":false},"excerpt":{"rendered":"<div class=\"mh-excerpt\">El comissionat per a la Recuperaci\u00f3 ha visitat el pont despr\u00e9s de la seua obertura en l&#8217;\u00faltim trimestre de 2025. La Generalitat ha destinat 1,5 milions d&#8217;euros per a assumir aquesta reconstrucci\u00f3 davant la impossibilitat <a class=\"mh-excerpt-more\" href=\"https:\/\/tucomarca.whitekongsoftware.com\/ca\/la-reconstruccio-del-pont-de-les-madroneras-de-xera-retorna-la-normalitat-a-una-via-amb-major-capacitat-i-mes-seguretat-enfront-de-futures-riuades\/\" title=\"La reconstrucci\u00f3 del pont de les Madroneras de Xera retorna la normalitat a una via amb major capacitat i m\u00e9s seguretat enfront de futures riuades\">[+] <\/a><\/div>\n","protected":false},"author":12,"featured_media":292287,"comment_status":"open","ping_status":"open","sticky":false,"template":"","format":"standard","meta":{"footnotes":""},"categories":[11054,21466,10898,10948,10894,10904,10903,10947,10909,10896,10897],"tags":[11318,23806,15409,11498,10910],"class_list":["post-292288","post","type-post","status-publish","format-standard","has-post-thumbnail","category-chera-ca","category-dana-ca","category-ventana-ca","category-infraestructuras-ca","category-la-comarca-ca","category-sin-categorizar-ca","category-medio-ambiente-la-comarca-ca","category-politica","category-requena-utiel-ca","category-seccion-ca","category-sucesos-la-comarca-ca","tag-chera-ca","tag-comisionado-para-la-recuperacion-ca","tag-dana-2-ca","tag-generalitat-valenciana-ca","tag-requena-utiel-ca"],"_links":{"self":[{"href":"https:\/\/tucomarca.whitekongsoftware.com\/ca\/wp-json\/wp\/v2\/posts\/292288","targetHints":{"allow":["GET"]}}],"collection":[{"href":"https:\/\/tucomarca.whitekongsoftware.com\/ca\/wp-json\/wp\/v2\/posts"}],"about":[{"href":"https:\/\/tucomarca.whitekongsoftware.com\/ca\/wp-json\/wp\/v2\/types\/post"}],"author":[{"embeddable":true,"href":"https:\/\/tucomarca.whitekongsoftware.com\/ca\/wp-json\/wp\/v2\/users\/12"}],"replies":[{"embeddable":true,"href":"https:\/\/tucomarca.whitekongsoftware.com\/ca\/wp-json\/wp\/v2\/comments?post=292288"}],"version-history":[{"count":0,"href":"https:\/\/tucomarca.whitekongsoftware.com\/ca\/wp-json\/wp\/v2\/posts\/292288\/revisions"}],"wp:featuredmedia":[{"embeddable":true,"href":"https:\/\/tucomarca.whitekongsoftware.com\/ca\/wp-json\/wp\/v2\/media\/292287"}],"wp:attachment":[{"href":"https:\/\/tucomarca.whitekongsoftware.com\/ca\/wp-json\/wp\/v2\/media?parent=292288"}],"wp:term":[{"taxonomy":"category","embeddable":true,"href":"https:\/\/tucomarca.whitekongsoftware.com\/ca\/wp-json\/wp\/v2\/categories?post=292288"},{"taxonomy":"post_tag","embeddable":true,"href":"https:\/\/tucomarca.whitekongsoftware.com\/ca\/wp-json\/wp\/v2\/tags?post=292288"}],"curies":[{"name":"wp","href":"https:\/\/api.w.org\/{rel}","templated":true}]}}