{"id":292024,"date":"2026-02-03T11:15:00","date_gmt":"2026-02-03T10:15:00","guid":{"rendered":"https:\/\/www.tucomarca.com\/wordpress\/segunda\/?p=292024"},"modified":"2026-02-03T21:19:17","modified_gmt":"2026-02-03T20:19:17","slug":"la-generalitat-desplega-mes-rutes-de-recollida-de-senglars-i-delimita-14-zones-per-a-installar-gabies-dins-del-pla-de-control-de-lespecie","status":"publish","type":"post","link":"https:\/\/tucomarca.whitekongsoftware.com\/ca\/la-generalitat-desplega-mes-rutes-de-recollida-de-senglars-i-delimita-14-zones-per-a-installar-gabies-dins-del-pla-de-control-de-lespecie\/","title":{"rendered":"La Generalitat desplega m\u00e9s rutes de recollida de senglars i delimita 14 zones per a instal\u00b7lar g\u00e0bies dins del pla de control de l&#8217;esp\u00e8cie"},"content":{"rendered":"\n<h3 class=\"wp-block-heading\">Mart\u00ednez Mus subratlla que \u201caquestes mesures urgents i coordinades permeten actuar de manera efica\u00e7 en tota la Comunitat Valenciana\u201d.<\/h3>\n\n\n\n<h3 class=\"wp-block-heading\">En les primeres setmanes s&#8217;han retirat 384 senglars, en el marc del pla de xoc per a previndre una possible expansi\u00f3 de la pesta porcina africana.<\/h3>\n\n\n\n<p class=\"wp-block-paragraph\">La Generalitat continua amb el desplegament del pla de xoc per a combatre la pesta porcina africana i la sobrepoblaci\u00f3 de senglars amb la incorporaci\u00f3 de 16 rutes de recollida de senglars i l&#8217;activaci\u00f3 d&#8217;una segona fase amb g\u00e0bies en 14 zones priorit\u00e0ries dins del pla de control de l&#8217;esp\u00e8cie.<\/p>\n\n\n\n<p class=\"wp-block-paragraph\">Aix\u00ed ho ha confirmat el vicepresident tercer i conseller de Medi Ambient, Infraestructures, Territori i de la Recuperaci\u00f3, Vicente Mart\u00ednez Mus, qui ha explicat que \u201caquestes mesures urgents i coordinades a les quals destinem sis milions d&#8217;euros permeten actuar de manera efica\u00e7 en tot el territori\u201d enfront de la sobrepoblaci\u00f3 de senglars per a reduir els riscos sanitaris, econ\u00f2mics i ambientals associats a aquesta esp\u00e8cie, especialment davant l&#8217;amena\u00e7a d&#8217;expansi\u00f3 de la pesta porcina africana.&nbsp;<\/p>\n\n\n\n<p class=\"wp-block-paragraph\">Durant la presentaci\u00f3 del balan\u00e7 del pla contra la sobrepoblaci\u00f3 de senglars, que s&#8217;ha celebrat a Sogorb, el vicepresident ha subratllat que el dispositiu s&#8217;articula amb dues grans mesures. La primera, el foment de la ca\u00e7a amb ajudes directes als titulars de vedats de ca\u00e7a, els qui rebran una aportaci\u00f3 de 40 euros per cada exemplar ca\u00e7at i retirat del medi natural.&nbsp;<\/p>\n\n\n\n<p class=\"wp-block-paragraph\">Una mesura que t\u00e9 com a complement un servei de control de fauna i una unitat log\u00edstica per a la recollida i destrucci\u00f3 de cad\u00e0vers, coordinaci\u00f3 de totes les actuacions i el seu monitoratge de l&#8217;evoluci\u00f3 de les poblacions de senglars. En el marc d&#8217;aquest pla, als punts habilitats des de principis de gener s&#8217;han sumat 16 rutes de recollida que ja estan en marxa. \u201cEl dispositiu ja compta amb 85 punts de recollida\u201d repartits per tota la Comunitat Valenciana, la qual cosa permet \u201cagilitzar\u201d la retirada dels senglars abatuts en els vedats de ca\u00e7a.&nbsp;<\/p>\n\n\n\n<figure class=\"wp-block-image size-large\"><img loading=\"lazy\" decoding=\"async\" width=\"1024\" height=\"429\" src=\"http:\/\/www.tucomarca.com\/wordpress\/segunda\/wp-content\/uploads\/2026\/02\/GVAPlanJabalies3-1024x429.jpg\" alt=\"\" class=\"wp-image-292021\" srcset=\"https:\/\/tucomarca.whitekongsoftware.com\/wp-content\/uploads\/2026\/02\/GVAPlanJabalies3-1024x429.jpg 1024w, https:\/\/tucomarca.whitekongsoftware.com\/wp-content\/uploads\/2026\/02\/GVAPlanJabalies3-300x126.jpg 300w, https:\/\/tucomarca.whitekongsoftware.com\/wp-content\/uploads\/2026\/02\/GVAPlanJabalies3-768x322.jpg 768w, https:\/\/tucomarca.whitekongsoftware.com\/wp-content\/uploads\/2026\/02\/GVAPlanJabalies3.jpg 1290w\" sizes=\"auto, (max-width: 1024px) 100vw, 1024px\" \/><\/figure>\n\n\n\n<p class=\"wp-block-paragraph\">De les 16 rutes habilitades, sis estan a Castell\u00f3, sis a Val\u00e8ncia i quatre a Alacant, i es refor\u00e7a amb un servei addicional de recollida els diumenges a la vesprada en sis punts fixos, dos per prov\u00edncia, coincidint amb la temporada de caceres col\u00b7lectives.<\/p>\n\n\n\n<p class=\"wp-block-paragraph\">\u201cAmb aix\u00f2 garantim una gesti\u00f3 adequada dels exemplars ca\u00e7ats i facilitem la labor dels ca\u00e7adors, al mateix temps que reforcem la prevenci\u00f3 sanit\u00e0ria\u201d, ha assenyalat Mart\u00ednez Mus. Des de la posada en marxa del pla, la Generalitat ha retirat 384 senglars en la Comunitat Valenciana, fins al cap de setmana del 31 de gener i 1 de febrer.<\/p>\n\n\n\n<p class=\"wp-block-paragraph\">El vicepresident ha estat acompanyat pel director general de Medi natural i Animal, Luis Gomis, aix\u00ed com per l&#8217;alcaldessa de Sogorb, M.\u00aa Carmen Climent.<\/p>\n\n\n\n<p class=\"wp-block-paragraph\"><strong>Segona fase del pla<\/strong><\/p>\n\n\n\n<p class=\"wp-block-paragraph\">El pla de xoc incorpora ara, a m\u00e9s, una segona fase de control mitjan\u00e7ant sistemes homologats de captura tipus caixa o g\u00e0bia, destinada a aquells espais en els quals la ca\u00e7a no resulta una soluci\u00f3 suficient. Tal com ha explicat Mart\u00ednez Mus, \u201ces tracta d&#8217;actuar de manera selectiva i basada en criteris t\u00e8cnics, all\u00ed on \u00e9s necessari refor\u00e7ar el control poblacional\u201d.<\/p>\n\n\n\n<p class=\"wp-block-paragraph\">Per a aix\u00f2, s&#8217;estableix un sistema previ de fototrampeo durant dues setmanes, que permet avaluar la pres\u00e8ncia i nombre d&#8217;exemplars. En funci\u00f3 dels resultats i amb l&#8217;autoritzaci\u00f3 dels propietaris de les parcel\u00b7les, es procedeix a la instal\u00b7laci\u00f3 de les g\u00e0bies, la gesti\u00f3 de les quals s&#8217;encarrega a l&#8217;empresa p\u00fablica VAERSA. La Generalitat ha definit 14 zones d&#8217;actuaci\u00f3 priorit\u00e0ria, que afecten 155 municipis on no es poden dur a terme amb facilitat les mesures anteriors.<\/p>\n\n\n\n<p class=\"wp-block-paragraph\">Les zones priorit\u00e0ries en les quals es desenvolupen treballs de fototrampeo i s&#8217;instal\u00b7laran les g\u00e0bies es distribueixen per prov\u00edncies i comarques de la manera seg\u00fcent:<\/p>\n\n\n\n<p class=\"wp-block-paragraph\">Zona 1 Baix Maestrat: Benicarl\u00f3, Pen\u00edscola, Santa Magdalena de Polp\u00eds, Vinar\u00f2s.<\/p>\n\n\n\n<p class=\"wp-block-paragraph\">Zona 2 La Plana: Almassora, Benicassim, Betx\u00ed, Borriol, Borriana, Castell\u00f3 de la Plana, l&#8217;Alcora, les Alqueries, Nules, Onda, Sant Joan de Mor\u00f3, Vila-real.<\/p>\n\n\n\n<p class=\"wp-block-paragraph\">Zona 3 Sogorb\u2013Almenara\u2013Serra \/ Alt Pal\u00e0ncia (fins al nord de Val\u00e8ncia): Altura, Geldo, Navaixes, Sogorb, Soneja, Almenara, Canet d&#8217;en Berenguer, la Llosa, Sagunt, Xilxes, B\u00e9tera, Olocau, Serra.<\/p>\n\n\n\n<p class=\"wp-block-paragraph\">Zona 4 L&#8217;Horta: Alaqu\u00e0s, Albal, Albalat del Sorells, Alboraia, Albuixec, Alc\u00e0sser, Aldaia, Alfafar, Alfara del Patriarca, Alm\u00e0ssera, Almussafes, Benaguasil, Benet\u00fasser, Benifai\u00f3, Beniparrell, Bonrep\u00f2s i Mirambell, Burjassot, Catarroja, Xiva, el Puig de Santa Maria, Emperador, Foios, Godella, l&#8217;Eliana, la Pobla de Farnals, la Pobla de Vallbona, Llocnou de la Corona, Loriguilla, Manises, Massalfassar, Massamagrell, Massanassa, Meliana, Mislata, Montcada, Museros, Paiporta, Paterna, Picanya, Picassent, Pu\u00e7ol, Quart de Poblet, Rafelbunyol, Riba-roja de T\u00faria, Rocafort, Sant Antoni de Benaixeve, Sedav\u00ed, Silla, Sollana, Tavernes Blanques, Torrent, Val\u00e8ncia, Vinalesa i Xirivella.<\/p>\n\n\n\n<p class=\"wp-block-paragraph\">Zona 5 La Ribera: Alzira, Benicull de X\u00faquer, Corbera, Cullera, Fortaleny, Llaur\u00ed, Poliny\u00e0 de X\u00faquer, Riola, Sueca, Xeraco i Tavernes de la Valldigna.<\/p>\n\n\n\n<p class=\"wp-block-paragraph\">Zona 6 Valldigna: Benifair\u00f3 de la Valldigna, Simat de la Valldigna i Tavernes de la Valldigna.<\/p>\n\n\n\n<p class=\"wp-block-paragraph\">Zona 7 La Safor: Almoines, Bellreguard, Beniarj\u00f3, Benifl\u00e0, Benirredr\u00e0, Daim\u00fas, Gandia, Guardamar de la Safor, l&#8217;Alqueria de la Comtessa, Miramar, Palmera, Piles, Potries, Rafelcofer i Vilallonga.<\/p>\n\n\n\n<p class=\"wp-block-paragraph\">Zona 8 X\u00e0tiva: Cerd\u00e0, el Genov\u00e9s, l&#8217;\u00c9nova, la Granja de la Costera, la Llosa de Ranes, Llanera de Ranes, Llocnou d&#8217;en Fenollet, Manuel, Novetl\u00e8, Senyera, Torrella, Vall\u00e9s i X\u00e0tiva.<\/p>\n\n\n\n<p class=\"wp-block-paragraph\">Zona 9 Ontinyent: Ontinyent.<\/p>\n\n\n\n<p class=\"wp-block-paragraph\">Zona 10 X\u00e0bia\u2013D\u00e9nia: D\u00e9nia, el R\u00e0fol d\u2019Almunia, el Verger, els Poblets, Gata de Gorgos, Ondara, Pedreguer, Pego i X\u00e0bia.<\/p>\n\n\n\n<p class=\"wp-block-paragraph\">Zona 11 Marina Alta: Benissa, Calp, el Poble Nou de Benitatxell i Teulada.<\/p>\n\n\n\n<p class=\"wp-block-paragraph\">Zona 12 Marina Baixa: Altea, Benidorm, Callosa d&#8217;en Sarri\u00e0, Finestrat, l&#8217;Alf\u00e0s del Pi, la Nucia, la Vila Joiosa i Polop.<\/p>\n\n\n\n<p class=\"wp-block-paragraph\">Zona 13 Cocentaina\u2013Font Roja: Alcoi, Cocentaina, Muro d&#8217;Alcoi, Ibi, Bocairent i Banyeres de Mariola.<\/p>\n\n\n\n<p class=\"wp-block-paragraph\">Zona 14 Parc Natural del Fondo: Crevillent i Elx.<\/p>\n","protected":false},"excerpt":{"rendered":"<div class=\"mh-excerpt\">Mart\u00ednez Mus subratlla que \u201caquestes mesures urgents i coordinades permeten actuar de manera efica\u00e7 en tota la Comunitat Valenciana\u201d. En les primeres setmanes s&#8217;han retirat 384 senglars, en el marc del pla de xoc per <a class=\"mh-excerpt-more\" href=\"https:\/\/tucomarca.whitekongsoftware.com\/ca\/la-generalitat-desplega-mes-rutes-de-recollida-de-senglars-i-delimita-14-zones-per-a-installar-gabies-dins-del-pla-de-control-de-lespecie\/\" title=\"La Generalitat desplega m\u00e9s rutes de recollida de senglars i delimita 14 zones per a instal\u00b7lar g\u00e0bies dins del pla de control de l&#8217;esp\u00e8cie\">[+] <\/a><\/div>\n","protected":false},"author":12,"featured_media":292020,"comment_status":"open","ping_status":"open","sticky":false,"template":"","format":"standard","meta":{"footnotes":""},"categories":[10889,10986,10892,10898,10948,10894,10904,10912,10902,10903,10947,10906,10934,10896,10897,10975],"tags":[23859,11498,23860,22864],"class_list":["post-292024","post","type-post","status-publish","format-standard","has-post-thumbnail","category-alzira-cat","category-benicull-ca","category-camp-de-turia-ca","category-ventana-ca","category-infraestructuras-ca","category-la-comarca-ca","category-sin-categorizar-ca","category-la-hoya-ca","category-la-ribera-ca","category-medio-ambiente-la-comarca-ca","category-politica","category-riba-roja-ca","category-san-antonio-de-benageber-ca","category-seccion-ca","category-sucesos-la-comarca-ca","category-chiva-ca","tag-control-de-especies-ca","tag-generalitat-valenciana-ca","tag-superpoblacion-de-jabalies-ca","tag-vicente-martinez-mus-2-ca"],"_links":{"self":[{"href":"https:\/\/tucomarca.whitekongsoftware.com\/ca\/wp-json\/wp\/v2\/posts\/292024","targetHints":{"allow":["GET"]}}],"collection":[{"href":"https:\/\/tucomarca.whitekongsoftware.com\/ca\/wp-json\/wp\/v2\/posts"}],"about":[{"href":"https:\/\/tucomarca.whitekongsoftware.com\/ca\/wp-json\/wp\/v2\/types\/post"}],"author":[{"embeddable":true,"href":"https:\/\/tucomarca.whitekongsoftware.com\/ca\/wp-json\/wp\/v2\/users\/12"}],"replies":[{"embeddable":true,"href":"https:\/\/tucomarca.whitekongsoftware.com\/ca\/wp-json\/wp\/v2\/comments?post=292024"}],"version-history":[{"count":0,"href":"https:\/\/tucomarca.whitekongsoftware.com\/ca\/wp-json\/wp\/v2\/posts\/292024\/revisions"}],"wp:featuredmedia":[{"embeddable":true,"href":"https:\/\/tucomarca.whitekongsoftware.com\/ca\/wp-json\/wp\/v2\/media\/292020"}],"wp:attachment":[{"href":"https:\/\/tucomarca.whitekongsoftware.com\/ca\/wp-json\/wp\/v2\/media?parent=292024"}],"wp:term":[{"taxonomy":"category","embeddable":true,"href":"https:\/\/tucomarca.whitekongsoftware.com\/ca\/wp-json\/wp\/v2\/categories?post=292024"},{"taxonomy":"post_tag","embeddable":true,"href":"https:\/\/tucomarca.whitekongsoftware.com\/ca\/wp-json\/wp\/v2\/tags?post=292024"}],"curies":[{"name":"wp","href":"https:\/\/api.w.org\/{rel}","templated":true}]}}