{"id":292000,"date":"2026-02-02T14:00:00","date_gmt":"2026-02-02T13:00:00","guid":{"rendered":"https:\/\/www.tucomarca.com\/wordpress\/segunda\/?p=292000"},"modified":"2026-03-11T22:34:26","modified_gmt":"2026-03-11T21:34:26","slug":"les-comarques-de-linterior-de-valencia-afronten-diversos-dies-de-temps-variable-amb-pluges-vent-intens-i-temperatures-suaus","status":"publish","type":"post","link":"https:\/\/tucomarca.whitekongsoftware.com\/ca\/les-comarques-de-linterior-de-valencia-afronten-diversos-dies-de-temps-variable-amb-pluges-vent-intens-i-temperatures-suaus\/","title":{"rendered":"Les comarques de l\u2019interior de Val\u00e8ncia afronten diversos dies de temps variable amb pluges, vent intens i temperatures suaus"},"content":{"rendered":"\n<p class=\"wp-block-paragraph\">Las comarcas del interior de la provincia de Valencia encaran los pr\u00f3ximos d\u00edas con una situaci\u00f3n meteorol\u00f3gica marcada por la <strong>inestabilidad<\/strong>, la <strong>presencia de viento fuerte<\/strong> y <strong>temperaturas suaves para la \u00e9poca<\/strong>, seg\u00fan la previsi\u00f3n de la Agencia Estatal de Meteorolog\u00eda (AEMET).<\/p>\n\n\n\n<p class=\"wp-block-paragraph\">Durante las pr\u00f3ximas jornadas se alternar\u00e1n los <strong>intervalos nubosos con momentos de sol<\/strong>, con posibilidad de <strong>precipitaciones d\u00e9biles y dispersas<\/strong>, especialmente en zonas de interior y de mayor altitud, como Utiel-Requena, la Hoya de Bu\u00f1ol-Chiva o el Rinc\u00f3n de Ademuz.<\/p>\n\n\n\n<p class=\"wp-block-paragraph\"><strong>Rachas de viento muy fuertes en Bu\u00f1ol<\/strong><\/p>\n\n\n\n<p class=\"wp-block-paragraph\">El viento ha sido uno de los principales protagonistas de la jornada de hoy. Seg\u00fan ha informado <strong>Emergencias 112 Comunitat Valenciana<\/strong>, con datos de la <strong>Associaci\u00f3 Valenciana de Meteorologia (AVAMET)<\/strong>, las <strong>rachas han alcanzado los 115 kil\u00f3metros por hora en Bu\u00f1ol<\/strong>, un episodio que ha obligado a extremar la precauci\u00f3n ante el riesgo de ca\u00eddas de ramas, \u00e1rboles u objetos mal asegurados.<\/p>\n\n\n\n<p class=\"wp-block-paragraph\">Desde los servicios de emergencia se recuerda la importancia de evitar zonas arboladas durante los picos de viento y de asegurar elementos en balcones, terrazas y azoteas.<\/p>\n\n\n\n<p class=\"wp-block-paragraph\"><strong>Previsi\u00f3 detallada per als pr\u00f2xims dies<\/strong><\/p>\n\n\n\n<p class=\"wp-block-paragraph\">El dimarts continuar\u00e0 la nuvolositat variable, amb probabilitat de precipitacions febles durant la primera meitat del dia. Les temperatures es mantindran sense grans canvis.<br>El vent tendir\u00e0 a perdre intensitat, encara que continuar\u00e0 bufant moderat.<\/p>\n\n\n\n<p class=\"wp-block-paragraph\"><strong>Dimecres i dijous<\/strong><\/p>\n\n\n\n<p class=\"wp-block-paragraph\">Augmenta la inestabilitat, amb m\u00e9s nuvolositat i possibilitat de pluges disperses.<br>La cota de neu se situar\u00e0 al voltant dels <strong>1.100 metres<\/strong>, per la qual cosa les precipitacions seran majorit\u00e0riament en forma de pluja a la major part de l\u2019interior.<\/p>\n\n\n\n<p class=\"wp-block-paragraph\"><strong>Cap de setmana<\/strong><\/p>\n\n\n\n<p class=\"wp-block-paragraph\">Temps un poc m\u00e9s estable, amb alternan\u00e7a de n\u00favols i clars. Menor probabilitat de precipitacions, encara que no es descarten ruixats a\u00efllats. Vent moderat i temperatures suaus.<\/p>\n\n\n\n<p class=\"wp-block-paragraph\"><strong>Recomanacions<\/strong><\/p>\n\n\n\n<p class=\"wp-block-paragraph\">Les autoritats recomanen extremar la precauci\u00f3 durant els episodis de vent fort, especialment en despla\u00e7aments per carretera i en entorns rurals o de muntanya, aix\u00ed com mantindre\u2019s informats a trav\u00e9s dels canals oficials davant possibles avisos meteorol\u00f2gics.<\/p>\n","protected":false},"excerpt":{"rendered":"<div class=\"mh-excerpt\">Las comarcas del interior de la provincia de Valencia encaran los pr\u00f3ximos d\u00edas con una situaci\u00f3n meteorol\u00f3gica marcada por la inestabilidad, la presencia de viento fuerte y temperaturas suaves para la \u00e9poca, seg\u00fan la previsi\u00f3n <a class=\"mh-excerpt-more\" href=\"https:\/\/tucomarca.whitekongsoftware.com\/ca\/les-comarques-de-linterior-de-valencia-afronten-diversos-dies-de-temps-variable-amb-pluges-vent-intens-i-temperatures-suaus\/\" title=\"Les comarques de l\u2019interior de Val\u00e8ncia afronten diversos dies de temps variable amb pluges, vent intens i temperatures suaus\">[+] <\/a><\/div>\n","protected":false},"author":12,"featured_media":120964,"comment_status":"open","ping_status":"open","sticky":false,"template":"","format":"standard","meta":{"footnotes":""},"categories":[10951,10911,11046,10898,10948,10894,10904,10912,10902,10903,10896,10897],"tags":[15925,13656],"class_list":["post-292000","post","type-post","status-publish","format-standard","has-post-thumbnail","category-ayora-cofrentes-ca","category-bunol-ca","category-los-serranos-ca","category-ventana-ca","category-infraestructuras-ca","category-la-comarca-ca","category-sin-categorizar-ca","category-la-hoya-ca","category-la-ribera-ca","category-medio-ambiente-la-comarca-ca","category-seccion-ca","category-sucesos-la-comarca-ca","tag-temporal-de-lluvia-ca","tag-temporal-de-viento-ca"],"_links":{"self":[{"href":"https:\/\/tucomarca.whitekongsoftware.com\/ca\/wp-json\/wp\/v2\/posts\/292000","targetHints":{"allow":["GET"]}}],"collection":[{"href":"https:\/\/tucomarca.whitekongsoftware.com\/ca\/wp-json\/wp\/v2\/posts"}],"about":[{"href":"https:\/\/tucomarca.whitekongsoftware.com\/ca\/wp-json\/wp\/v2\/types\/post"}],"author":[{"embeddable":true,"href":"https:\/\/tucomarca.whitekongsoftware.com\/ca\/wp-json\/wp\/v2\/users\/12"}],"replies":[{"embeddable":true,"href":"https:\/\/tucomarca.whitekongsoftware.com\/ca\/wp-json\/wp\/v2\/comments?post=292000"}],"version-history":[{"count":0,"href":"https:\/\/tucomarca.whitekongsoftware.com\/ca\/wp-json\/wp\/v2\/posts\/292000\/revisions"}],"wp:featuredmedia":[{"embeddable":true,"href":"https:\/\/tucomarca.whitekongsoftware.com\/ca\/wp-json\/wp\/v2\/media\/120964"}],"wp:attachment":[{"href":"https:\/\/tucomarca.whitekongsoftware.com\/ca\/wp-json\/wp\/v2\/media?parent=292000"}],"wp:term":[{"taxonomy":"category","embeddable":true,"href":"https:\/\/tucomarca.whitekongsoftware.com\/ca\/wp-json\/wp\/v2\/categories?post=292000"},{"taxonomy":"post_tag","embeddable":true,"href":"https:\/\/tucomarca.whitekongsoftware.com\/ca\/wp-json\/wp\/v2\/tags?post=292000"}],"curies":[{"name":"wp","href":"https:\/\/api.w.org\/{rel}","templated":true}]}}