{"id":291936,"date":"2026-02-02T12:15:00","date_gmt":"2026-02-02T11:15:00","guid":{"rendered":"https:\/\/www.tucomarca.com\/wordpress\/segunda\/?p=291936"},"modified":"2026-02-02T21:23:06","modified_gmt":"2026-02-02T20:23:06","slug":"susana-camarero-ressalta-limpuls-del-consell-a-la-inclusio-laboral-mitjancant-ajudes-de-labora-per-un-import-de-48-milions-deuros-per-a-afavorir-locupabilitat-de-collectius-vulnerables","status":"publish","type":"post","link":"https:\/\/tucomarca.whitekongsoftware.com\/ca\/susana-camarero-ressalta-limpuls-del-consell-a-la-inclusio-laboral-mitjancant-ajudes-de-labora-per-un-import-de-48-milions-deuros-per-a-afavorir-locupabilitat-de-collectius-vulnerables\/","title":{"rendered":"Susana Camarero ressalta l&#8217;impuls del Consell a la inclusi\u00f3 laboral mitjan\u00e7ant ajudes de Labora per un import de 4,8 milions d&#8217;euros per a afavorir l&#8217;ocupabilitat de col\u00b7lectius vulnerables"},"content":{"rendered":"\n<h3 class=\"wp-block-heading\">La vicepresidenta primera ha mantingut una reuni\u00f3 amb representants de Cermi per a analitzar les noves ajudes de fins als 25.000 euros per contracte.<\/h3>\n\n\n\n<p class=\"wp-block-paragraph\">Susana Camarero recorda el treball del Consell per a facilitar l&#8217;acc\u00e9s a l&#8217;habitatge a les persones amb discapacitat, amb una reserva establida en les VPP, com un element clau per a la seua autonomia personal i la seua inclusi\u00f3 social i laboral<\/p>\n\n\n\n<p class=\"wp-block-paragraph\">La vicepresidenta primera i consellera d&#8217;Habitatge, Ocupaci\u00f3, Joventut i Igualtat, Susana Camarero, ha destacat el comprom\u00eds del Consell amb la inclusi\u00f3 laboral i l&#8217;ocupaci\u00f3 estable a trav\u00e9s d&#8217;un conjunt d&#8217;ajudes que mobilitzen 4,8 milions d&#8217;euros per a afavorir la contractaci\u00f3 de persones amb discapacitat i de col\u00b7lectius amb majors dificultats d&#8217;acc\u00e9s al mercat laboral.<\/p>\n\n\n\n<p class=\"wp-block-paragraph\">Camarero ha realitzat aquestes declaracions durant la reuni\u00f3 mantinguda amb representants del Comit\u00e9 Espanyol de Representants de Persones amb Discapacitat (CERMI), en la qual ha presentat les diferents l\u00ednies de subvencions impulsades per Labora, Servici Valenci\u00e0 d&#8217;Ocupaci\u00f3 i Formaci\u00f3, com una aposta decidida per millorar l&#8217;ocupabilitat dels qui m\u00e9s suport necessiten.<\/p>\n\n\n\n<p class=\"wp-block-paragraph\">\u201cAquestes ajudes responen a una prioritat clara del Consell: que ning\u00fa quede fora del mercat laboral per ra\u00f3 de discapacitat o per pert\u00e0nyer a un col\u00b7lectiu amb especials dificultats d&#8217;inserci\u00f3\u201d, ha subratllat la vicepresidenta primera, qui ha afegit que \u201cla inclusi\u00f3 laboral \u00e9s tamb\u00e9 una inversi\u00f3 social i econ\u00f2mica que beneficia al conjunt de la Comunitat Valenciana\u201d.<\/p>\n\n\n\n<p class=\"wp-block-paragraph\"><strong>Una estrat\u00e8gia integral de suport a l&#8217;ocupaci\u00f3 inclusiva<\/strong><\/p>\n\n\n\n<p class=\"wp-block-paragraph\">Les subvencions es dirigeixen a empreses i persones treballadores aut\u00f2nomes amb centre de treball en la Comunitat Valenciana i contemplen un m\u00e0xim de dos contractes subvencionats per entitat, refor\u00e7ant aix\u00ed l&#8217;acc\u00e9s a l&#8217;ocupaci\u00f3 estable en el mercat ordinari de treball.<\/p>\n\n\n\n<p class=\"wp-block-paragraph\">D&#8217;una banda, s&#8217;inclouen ajudes espec\u00edfiques per a la contractaci\u00f3 de persones amb discapacitat, especialment d&#8217;aquelles que procedeixen de Centres Especials d&#8217;Ocupaci\u00f3 o presenten discapacitat severa, amb l&#8217;objectiu de facilitar la seua transici\u00f3 a l&#8217;ocupaci\u00f3 ordin\u00e0ria.<\/p>\n\n\n\n<p class=\"wp-block-paragraph\">Per un altre, es reforcen les subvencions destinades a la contractaci\u00f3 indefinida de persones desocupades pertanyents a col\u00b7lectius d&#8217;atenci\u00f3 priorit\u00e0ria, com a persones en situaci\u00f3 o risc d&#8217;exclusi\u00f3 social, persones desocupades de llarga duraci\u00f3, persones amb discapacitat i dones v\u00edctimes de viol\u00e8ncia de g\u00e8nere.<\/p>\n\n\n\n<p class=\"wp-block-paragraph\">En tots els casos, les persones destinat\u00e0ries finals hauran d&#8217;haver rom\u00e0s desocupades i inscrites com a demandants d&#8217;ocupaci\u00f3 en Labora durant almenys tres mesos ininterromputs i immediatament anteriors a la contractaci\u00f3, garantint que les ajudes es dirigeixen als qui realment necessiten aquest suport.<\/p>\n\n\n\n<p class=\"wp-block-paragraph\"><strong>Quantia de les ajudes<\/strong><\/p>\n\n\n\n<p class=\"wp-block-paragraph\">Les subvencions oscil\u00b7len entre 10.000 i 25.000 euros per contracte, en funci\u00f3 del col\u00b7lectiu i de les circumst\u00e0ncies de la persona contractada.<\/p>\n\n\n\n<p class=\"wp-block-paragraph\">En el cas de la contractaci\u00f3 indefinida de persones amb discapacitat procedents de Centres Especials d&#8217;Ocupaci\u00f3, l&#8217;ajuda ascendeix a 12.500 euros, quantia que pot incrementar-se fins a 20.000 euros si la persona contractada \u00e9s v\u00edctima de viol\u00e8ncia sobre la dona i fins a 25.000 euros quan concorre, a m\u00e9s, una discapacitat severa.<\/p>\n\n\n\n<p class=\"wp-block-paragraph\">Aix\u00ed mateix, es contemplen ajudes per a la contractaci\u00f3 temporal de persones amb discapacitat severa, per un per\u00edode d&#8217;entre tres i dotze mesos, amb una subvenci\u00f3 de 900 euros per cada mes m\u00ednim de manteniment del contracte, sent tamb\u00e9 subvencionables les contractacions a temps parcial amb una jornada m\u00ednima de 15 hores setmanals, amb la corresponent reducci\u00f3 proporcional.<\/p>\n\n\n\n<p class=\"wp-block-paragraph\"><strong>Acc\u00e9s a l&#8217;habitatge per a persones amb discapacitat<\/strong><\/p>\n\n\n\n<p class=\"wp-block-paragraph\">Durant la reuni\u00f3 mantinguda amb CERMI, la vicepresidenta primera ha assenyalat que el Consell treballa tamb\u00e9 per a facilitar l&#8217;acc\u00e9s a l&#8217;habitatge a les persones amb discapacitat, com un element clau per a la seua autonomia personal i la seua inclusi\u00f3 social i laboral.<\/p>\n\n\n\n<p class=\"wp-block-paragraph\">En aquest sentit, Camarero ha recordat que la normativa vigent estableix una reserva obligat\u00f2ria d&#8217;habitatges per a persones amb discapacitat del 4% en els Habitatges de Protecci\u00f3 P\u00fablica (VPP) de promoci\u00f3 privada i del 7% en les VPP de promoci\u00f3 p\u00fablica.<\/p>\n\n\n\n<p class=\"wp-block-paragraph\">A m\u00e9s, ha destacat que el Consell ha refor\u00e7at l&#8217;exig\u00e8ncia que els habitatges reservats es constru\u00efsquen en tot cas adaptades a criteris d&#8217;accessibilitat i discapacitat, garantint que responguen de manera efectiva a les necessitats de les persones adjudicat\u00e0ries.<\/p>\n\n\n\n<p class=\"wp-block-paragraph\">Aix\u00ed mateix, la vicepresidenta primera ha explicat que, amb l&#8217;objectiu de facilitar l&#8217;acc\u00e9s a aquests habitatges, el l\u00edmit de renda exigit s&#8217;incrementa en un 0,5% per cada persona amb un grau de discapacitat igual o superior al 33% que forme part de la unitat de conviv\u00e8ncia.<\/p>\n\n\n\n<p class=\"wp-block-paragraph\">Camarero ha subratllat que aquestes mesures reflecteixen una visi\u00f3 integral de les pol\u00edtiques p\u00fabliques, en la qual l&#8217;ocupaci\u00f3, l&#8217;habitatge i la igualtat d&#8217;oportunitats \u201chan d&#8217;avan\u00e7ar de la m\u00e0 per a garantir una inclusi\u00f3 real i efectiva de les persones amb discapacitat\u201d.<\/p>\n","protected":false},"excerpt":{"rendered":"<div class=\"mh-excerpt\">La vicepresidenta primera ha mantingut una reuni\u00f3 amb representants de Cermi per a analitzar les noves ajudes de fins als 25.000 euros per contracte. Susana Camarero recorda el treball del Consell per a facilitar l&#8217;acc\u00e9s <a class=\"mh-excerpt-more\" href=\"https:\/\/tucomarca.whitekongsoftware.com\/ca\/susana-camarero-ressalta-limpuls-del-consell-a-la-inclusio-laboral-mitjancant-ajudes-de-labora-per-un-import-de-48-milions-deuros-per-a-afavorir-locupabilitat-de-collectius-vulnerables\/\" title=\"Susana Camarero ressalta l&#8217;impuls del Consell a la inclusi\u00f3 laboral mitjan\u00e7ant ajudes de Labora per un import de 4,8 milions d&#8217;euros per a afavorir l&#8217;ocupabilitat de col\u00b7lectius vulnerables\">[+] <\/a><\/div>\n","protected":false},"author":12,"featured_media":291935,"comment_status":"open","ping_status":"open","sticky":false,"template":"","format":"standard","meta":{"footnotes":""},"categories":[10898,10948,10894,10904,10947,10896],"tags":[11498,23849,11485],"class_list":["post-291936","post","type-post","status-publish","format-standard","has-post-thumbnail","category-ventana-ca","category-infraestructuras-ca","category-la-comarca-ca","category-sin-categorizar-ca","category-politica","category-seccion-ca","tag-generalitat-valenciana-ca","tag-inclusion-laboral-ca","tag-labora-ca"],"_links":{"self":[{"href":"https:\/\/tucomarca.whitekongsoftware.com\/ca\/wp-json\/wp\/v2\/posts\/291936","targetHints":{"allow":["GET"]}}],"collection":[{"href":"https:\/\/tucomarca.whitekongsoftware.com\/ca\/wp-json\/wp\/v2\/posts"}],"about":[{"href":"https:\/\/tucomarca.whitekongsoftware.com\/ca\/wp-json\/wp\/v2\/types\/post"}],"author":[{"embeddable":true,"href":"https:\/\/tucomarca.whitekongsoftware.com\/ca\/wp-json\/wp\/v2\/users\/12"}],"replies":[{"embeddable":true,"href":"https:\/\/tucomarca.whitekongsoftware.com\/ca\/wp-json\/wp\/v2\/comments?post=291936"}],"version-history":[{"count":0,"href":"https:\/\/tucomarca.whitekongsoftware.com\/ca\/wp-json\/wp\/v2\/posts\/291936\/revisions"}],"wp:featuredmedia":[{"embeddable":true,"href":"https:\/\/tucomarca.whitekongsoftware.com\/ca\/wp-json\/wp\/v2\/media\/291935"}],"wp:attachment":[{"href":"https:\/\/tucomarca.whitekongsoftware.com\/ca\/wp-json\/wp\/v2\/media?parent=291936"}],"wp:term":[{"taxonomy":"category","embeddable":true,"href":"https:\/\/tucomarca.whitekongsoftware.com\/ca\/wp-json\/wp\/v2\/categories?post=291936"},{"taxonomy":"post_tag","embeddable":true,"href":"https:\/\/tucomarca.whitekongsoftware.com\/ca\/wp-json\/wp\/v2\/tags?post=291936"}],"curies":[{"name":"wp","href":"https:\/\/api.w.org\/{rel}","templated":true}]}}