{"id":291745,"date":"2026-01-30T11:40:00","date_gmt":"2026-01-30T10:40:00","guid":{"rendered":"https:\/\/www.tucomarca.com\/wordpress\/segunda\/?p=291745"},"modified":"2026-01-30T19:42:56","modified_gmt":"2026-01-30T18:42:56","slug":"la-diputacio-sunix-a-la-federacio-de-caca-per-a-abordar-la-sobrepoblacio-de-fauna-salvatge-i-el-seu-impacte-en-la-seguretat-viaria","status":"publish","type":"post","link":"https:\/\/tucomarca.whitekongsoftware.com\/ca\/la-diputacio-sunix-a-la-federacio-de-caca-per-a-abordar-la-sobrepoblacio-de-fauna-salvatge-i-el-seu-impacte-en-la-seguretat-viaria\/","title":{"rendered":"La Diputaci\u00f3 s&#8217;unix a la Federaci\u00f3 de Ca\u00e7a per a abordar la sobrepoblaci\u00f3 de fauna salvatge i el seu impacte en la seguretat vi\u00e0ria"},"content":{"rendered":"\n<h3 class=\"wp-block-heading\">La vicepresidenta segona i diputada de Carreteres, Reme Mazzolari, i el diputat de Medi Ambient, Avelino Mascarell, participen en una jornada de la Federaci\u00f3 de Ca\u00e7a de la Comunitat Valenciana per a millorar la seguretat vi\u00e0ria en les carreteres amb pres\u00e8ncia d&#8217;animals salvatges en l&#8217;entorn.<\/h3>\n\n\n\n<p class=\"wp-block-paragraph\">La Diputaci\u00f3 de Val\u00e8ncia participa este dijous en els I Desdejunis Informatius organitzats per la Federaci\u00f3 de Ca\u00e7a de la Comunitat Valenciana, centrats en l&#8217;an\u00e0lisi dels accidents de tr\u00e0nsit provocats per la pres\u00e8ncia d&#8217;animals salvatges, una problem\u00e0tica creixent que afecta tant la seguretat vi\u00e0ria com a l&#8217;agricultura i la gesti\u00f3 del territori i del medi natural.<\/p>\n\n\n\n<p class=\"wp-block-paragraph\">En representaci\u00f3 de la instituci\u00f3 provincial han intervingut la vicepresidenta segona i diputada de Carreteres, Reme Mazzolari, i el diputat de Medi Ambient i Desenvolupament Territorial Sostenible, Avelino Mascarell, els qui han coincidit a destacar la necessitat d&#8217;abordar esta q\u00fcesti\u00f3 des d&#8217;una perspectiva transversal, integrant pol\u00edtiques d&#8217;infraestructures, medi ambient, seguretat vi\u00e0ria i gesti\u00f3 forestal.<\/p>\n\n\n\n<p class=\"wp-block-paragraph\">La vicepresidenta Mazzolari ha subratllat que la Diputaci\u00f3, com a gestora d&#8217;una extensa xarxa de carreteres secund\u00e0ries \u201cmolt pegades al territori\u201d, treballa des de fa anys en la identificaci\u00f3 de trams amb major pres\u00e8ncia de fauna i en la implantaci\u00f3 de mesures espec\u00edfiques per a reduir la sinistralitat. \u201cEn les carreteres locals no \u00e9s viable aplicar solucions pr\u00f2pies de les autovies, com s\u00f3n els tancats continus, per la qual cosa estem apostant per accions basades en senyalitzaci\u00f3 avan\u00e7ada, que presentarem en les pr\u00f2ximes setmanes&#8221;. Este sentit, Mazzolari explica que &#8220;la magnitud que est\u00e0 aconseguint el problema i la complexitat a l&#8217;hora de buscar solucions ens condu\u00efx a apostar per noves tecnologies com les que implementarem a molt curt termini&#8221;.<\/p>\n\n\n\n<p class=\"wp-block-paragraph\">Quant a les accions que ja estan en marxa per part de la Diputaci\u00f3, la diputada ha destacat un sistema de reflectors que s&#8217;ha instal\u00b7lat en la carretera CV-510, d&#8217;Alzira a Favara, mitjan\u00e7ant el qual, quan incidix sobre ells la llum dels focus dels veh\u00edcles, reflectixen cap a fora de la carretera un centelleig roig que espanta als animals i que \u00e9s invisible per al conductor.<\/p>\n\n\n\n<p class=\"wp-block-paragraph\">En esta l\u00ednia, Mazzolari ha recordat que al juny de 2025 el Consell de Ministres va aprovar una modificaci\u00f3 del cat\u00e0leg de senyals verticals del Reglament General de Circulaci\u00f3 que incorpora, per primera vegada, senyalitzaci\u00f3 espec\u00edfica d&#8217;advertiment per pres\u00e8ncia de senglars. Un canvi normatiu que va comen\u00e7ar a gestar-se en 2022 i que refor\u00e7a una decisi\u00f3 que, segons explica la diputada, &#8220;la Diputaci\u00f3 de Val\u00e8ncia ja havia adoptat amb anterioritat, incorporant des de 2023 este tipus de senyalitzaci\u00f3 en la seua xarxa vi\u00e0ria davant la magnitud del problema&#8221;.<\/p>\n\n\n\n<figure class=\"wp-block-image size-large\"><img loading=\"lazy\" decoding=\"async\" width=\"1024\" height=\"522\" src=\"https:\/\/www.tucomarca.com\/wordpress\/segunda\/wp-content\/uploads\/2026\/01\/DipuCaza2-1024x522.jpg\" alt=\"\" class=\"wp-image-291739\" srcset=\"https:\/\/tucomarca.whitekongsoftware.com\/wp-content\/uploads\/2026\/01\/DipuCaza2-1024x522.jpg 1024w, https:\/\/tucomarca.whitekongsoftware.com\/wp-content\/uploads\/2026\/01\/DipuCaza2-300x153.jpg 300w, https:\/\/tucomarca.whitekongsoftware.com\/wp-content\/uploads\/2026\/01\/DipuCaza2-768x392.jpg 768w, https:\/\/tucomarca.whitekongsoftware.com\/wp-content\/uploads\/2026\/01\/DipuCaza2-1536x783.jpg 1536w, https:\/\/tucomarca.whitekongsoftware.com\/wp-content\/uploads\/2026\/01\/DipuCaza2-2048x1044.jpg 2048w\" sizes=\"auto, (max-width: 1024px) 100vw, 1024px\" \/><\/figure>\n\n\n\n<p class=\"wp-block-paragraph\">Per part seua, el diputat de Medi Ambient, Avelino Mascarell, ha remarcat que l&#8217;increment dels accidents vinculats a fauna salvatge \u201cno \u00e9s una fatalitat inevitable, sin\u00f3 la conseq\u00fc\u00e8ncia d&#8217;un desequilibri que requerix gesti\u00f3\u201d. En este sentit, ha def\u00e9s la necessitat de \u201crecuperar l&#8217;equilibri entre la protecci\u00f3 del medi natural, la seguretat vi\u00e0ria i la conviv\u00e8ncia amb les activitats humanes\u201d, subratllant que \u201cla seguretat vi\u00e0ria comen\u00e7a molt abans de l&#8217;asfalt: comen\u00e7a a la muntanya, en la gesti\u00f3 forestal i en el control poblacional responsable\u201d.<\/p>\n\n\n\n<p class=\"wp-block-paragraph\">Mascarell ha recordat que la Diputaci\u00f3 recolza directament a a la Federaci\u00f3, amb una subvenci\u00f3 de 300.000 euros destinada a accions de control poblacional, a m\u00e9s d&#8217;estar treballant des de l&#8217;\u00e0rea de Desenvolupament Territorial Sostenible i en coordinaci\u00f3 amb la Generalitat, altres iniciatives que afavorixen tant la prevenci\u00f3 d&#8217;incendis com les actuacions de control poblacional en la muntanya, com el silvopastorig extensiu, la valoritzaci\u00f3 de la carn de ca\u00e7a i els productes forestals, i la millora de la log\u00edstica i sanitat associades a la gesti\u00f3 de la fauna.<\/p>\n\n\n\n<p class=\"wp-block-paragraph\">\u201cParlem de gesti\u00f3 responsable del medi natural, orientada a mantindre eixe equilibri i basada en criteris t\u00e8cnics i cient\u00edfics, en coordinaci\u00f3 amb ajuntaments, agents mediambientals i entitats del sector. Gestionar la fauna no \u00e9s anar contra la naturalesa, \u00e9s assumir la nostra responsabilitat com a part d&#8217;ella\u201d, ha indicat el diputat.<\/p>\n\n\n\n<p class=\"wp-block-paragraph\">Els dos diputats han coincidit que afrontar este problema exigix superar enfocaments sectorials i discursos simplistes. \u201cProtegir el medi ambient no significa no intervindre, sin\u00f3 fer-lo amb criteri, coordinaci\u00f3 i responsabilitat\u201d, han assenyalat, destacant el paper de la Federaci\u00f3 de Ca\u00e7a com a actor clau en la gesti\u00f3 del territori i en la interlocuci\u00f3 amb les administracions p\u00fabliques.<\/p>\n","protected":false},"excerpt":{"rendered":"<div class=\"mh-excerpt\">La vicepresidenta segona i diputada de Carreteres, Reme Mazzolari, i el diputat de Medi Ambient, Avelino Mascarell, participen en una jornada de la Federaci\u00f3 de Ca\u00e7a de la Comunitat Valenciana per a millorar la seguretat <a class=\"mh-excerpt-more\" href=\"https:\/\/tucomarca.whitekongsoftware.com\/ca\/la-diputacio-sunix-a-la-federacio-de-caca-per-a-abordar-la-sobrepoblacio-de-fauna-salvatge-i-el-seu-impacte-en-la-seguretat-viaria\/\" title=\"La Diputaci\u00f3 s&#8217;unix a la Federaci\u00f3 de Ca\u00e7a per a abordar la sobrepoblaci\u00f3 de fauna salvatge i el seu impacte en la seguretat vi\u00e0ria\">[+] <\/a><\/div>\n","protected":false},"author":12,"featured_media":291744,"comment_status":"open","ping_status":"open","sticky":false,"template":"","format":"standard","meta":{"footnotes":""},"categories":[10889,10898,10948,10894,10904,10902,10903,10947,10896,10897],"tags":[11246,19835,19738,23835],"class_list":["post-291745","post","type-post","status-publish","format-standard","has-post-thumbnail","category-alzira-cat","category-ventana-ca","category-infraestructuras-ca","category-la-comarca-ca","category-sin-categorizar-ca","category-la-ribera-ca","category-medio-ambiente-la-comarca-ca","category-politica","category-seccion-ca","category-sucesos-la-comarca-ca","tag-diputacio-de-valencia-ca","tag-federacion-de-caza-de-la-comunidad-valenciana-ca","tag-seguridad-vial-ca","tag-superpoblacion-de-fauna-salvaje-ca"],"_links":{"self":[{"href":"https:\/\/tucomarca.whitekongsoftware.com\/ca\/wp-json\/wp\/v2\/posts\/291745","targetHints":{"allow":["GET"]}}],"collection":[{"href":"https:\/\/tucomarca.whitekongsoftware.com\/ca\/wp-json\/wp\/v2\/posts"}],"about":[{"href":"https:\/\/tucomarca.whitekongsoftware.com\/ca\/wp-json\/wp\/v2\/types\/post"}],"author":[{"embeddable":true,"href":"https:\/\/tucomarca.whitekongsoftware.com\/ca\/wp-json\/wp\/v2\/users\/12"}],"replies":[{"embeddable":true,"href":"https:\/\/tucomarca.whitekongsoftware.com\/ca\/wp-json\/wp\/v2\/comments?post=291745"}],"version-history":[{"count":0,"href":"https:\/\/tucomarca.whitekongsoftware.com\/ca\/wp-json\/wp\/v2\/posts\/291745\/revisions"}],"wp:featuredmedia":[{"embeddable":true,"href":"https:\/\/tucomarca.whitekongsoftware.com\/ca\/wp-json\/wp\/v2\/media\/291744"}],"wp:attachment":[{"href":"https:\/\/tucomarca.whitekongsoftware.com\/ca\/wp-json\/wp\/v2\/media?parent=291745"}],"wp:term":[{"taxonomy":"category","embeddable":true,"href":"https:\/\/tucomarca.whitekongsoftware.com\/ca\/wp-json\/wp\/v2\/categories?post=291745"},{"taxonomy":"post_tag","embeddable":true,"href":"https:\/\/tucomarca.whitekongsoftware.com\/ca\/wp-json\/wp\/v2\/tags?post=291745"}],"curies":[{"name":"wp","href":"https:\/\/api.w.org\/{rel}","templated":true}]}}