{"id":291734,"date":"2026-01-30T11:45:00","date_gmt":"2026-01-30T10:45:00","guid":{"rendered":"https:\/\/www.tucomarca.com\/wordpress\/segunda\/?p=291734"},"modified":"2026-01-30T19:30:19","modified_gmt":"2026-01-30T18:30:19","slug":"vicent-mompo-reivindica-la-contribucio-dels-regants-valencians-al-desenvolupament-dels-pobles-de-la-provincia","status":"publish","type":"post","link":"https:\/\/tucomarca.whitekongsoftware.com\/ca\/vicent-mompo-reivindica-la-contribucio-dels-regants-valencians-al-desenvolupament-dels-pobles-de-la-provincia\/","title":{"rendered":"Vicent Momp\u00f3 reivindica la contribuci\u00f3 dels regants valencians al desenvolupament dels pobles de la prov\u00edncia"},"content":{"rendered":"\n<h3 class=\"wp-block-heading\">El president de la Diputaci\u00f3 de Val\u00e8ncia def\u00e9n la labor de les comunitats de regants en la IV edici\u00f3 dels Premis Regadiu Valenci\u00e0.<\/h3>\n\n\n\n<p class=\"wp-block-paragraph\">El president de la Diputaci\u00f3 de Val\u00e8ncia, Vicent Momp\u00f3, ha reivindicat el treball de les comunitats de regants valencianes \u201cper al desenvolupament de l&#8217;agricultura i, per tant, dels nostres pobles\u201d. Momp\u00f3 ha fet esta defensa durant la gala d\u2019entrega de la IV edici\u00f3 dels Premis Regadiu Valenci\u00e0, que s&#8217;ha celebrat a la Sala Alfons el Magn\u00e0nim del Centre Cultural La Benefic\u00e8ncia.<\/p>\n\n\n\n<p class=\"wp-block-paragraph\">Estos premis organitzats per la Federaci\u00f3 de Comunitats de Regants de la Comunitat Valenciana (FECOREVA), reconeixen l&#8217;esfor\u00e7, modernitzaci\u00f3 i sostenibilitat de les comunitats de regants valencianes, i servixen per a posar en valor la labor d&#8217;entitats destacades dins del sector de l&#8217;aigua i el reg en la Comunitat Valenciana.<\/p>\n\n\n\n<p class=\"wp-block-paragraph\">\u201cHui volem posar en valor l&#8217;esfor\u00e7 silenci\u00f3s, constant i efica\u00e7 de les comunitats de regants valencianes. Un esfor\u00e7 que no sempre ocupa titulars, per\u00f2 sense el qual no s&#8217;ent\u00e9n ni la nostra agricultura, ni el nostre paisatge, ni la nostra identitat com a poble. Des de la Diputaci\u00f3 sempre defendrem el m\u00f3n de l&#8217;aigua i de l&#8217;agricultura com a pilars estrat\u00e8gics d&#8217;esta prov\u00edncia\u201d, ha declarat Vicent Momp\u00f3.<\/p>\n\n\n\n<p class=\"wp-block-paragraph\">El president provincial ha entregat el premi a la Defensa del Regadiu a la Comunitat General d&#8217;Usuaris del Canal X\u00faquer-T\u00faria. La gala ha comptat amb la pres\u00e8ncia de, entre altres, el president de la Generalitat, Juanfran P\u00e9rez Llorca; i els consellers Miguel Barrachina i Vicent Mart\u00ednez Mus.<\/p>\n\n\n\n<figure class=\"wp-block-image size-large\"><img loading=\"lazy\" decoding=\"async\" width=\"1024\" height=\"683\" src=\"http:\/\/www.tucomarca.com\/wordpress\/segunda\/wp-content\/uploads\/2026\/01\/DGV01396-1024x683.jpg\" alt=\"\" class=\"wp-image-291730\" srcset=\"https:\/\/tucomarca.whitekongsoftware.com\/wp-content\/uploads\/2026\/01\/DGV01396-1024x683.jpg 1024w, https:\/\/tucomarca.whitekongsoftware.com\/wp-content\/uploads\/2026\/01\/DGV01396-300x200.jpg 300w, https:\/\/tucomarca.whitekongsoftware.com\/wp-content\/uploads\/2026\/01\/DGV01396-768x512.jpg 768w, https:\/\/tucomarca.whitekongsoftware.com\/wp-content\/uploads\/2026\/01\/DGV01396-1536x1024.jpg 1536w, https:\/\/tucomarca.whitekongsoftware.com\/wp-content\/uploads\/2026\/01\/DGV01396-2048x1365.jpg 2048w\" sizes=\"auto, (max-width: 1024px) 100vw, 1024px\" \/><\/figure>\n","protected":false},"excerpt":{"rendered":"<div class=\"mh-excerpt\">El president de la Diputaci\u00f3 de Val\u00e8ncia def\u00e9n la labor de les comunitats de regants en la IV edici\u00f3 dels Premis Regadiu Valenci\u00e0. El president de la Diputaci\u00f3 de Val\u00e8ncia, Vicent Momp\u00f3, ha reivindicat el <a class=\"mh-excerpt-more\" href=\"https:\/\/tucomarca.whitekongsoftware.com\/ca\/vicent-mompo-reivindica-la-contribucio-dels-regants-valencians-al-desenvolupament-dels-pobles-de-la-provincia\/\" title=\"Vicent Momp\u00f3 reivindica la contribuci\u00f3 dels regants valencians al desenvolupament dels pobles de la prov\u00edncia\">[+] <\/a><\/div>\n","protected":false},"author":12,"featured_media":291729,"comment_status":"open","ping_status":"open","sticky":false,"template":"","format":"image","meta":{"footnotes":""},"categories":[10905,10898,10948,10894,10904,10947,10896],"tags":[11246,23833],"class_list":["post-291734","post","type-post","status-publish","format-image","has-post-thumbnail","category-agricultura-la-comarca-ca","category-ventana-ca","category-infraestructuras-ca","category-la-comarca-ca","category-sin-categorizar-ca","category-politica","category-seccion-ca","tag-diputacio-de-valencia-ca","tag-premios-regadio-valenciano-ca","post_format-post-format-image"],"_links":{"self":[{"href":"https:\/\/tucomarca.whitekongsoftware.com\/ca\/wp-json\/wp\/v2\/posts\/291734","targetHints":{"allow":["GET"]}}],"collection":[{"href":"https:\/\/tucomarca.whitekongsoftware.com\/ca\/wp-json\/wp\/v2\/posts"}],"about":[{"href":"https:\/\/tucomarca.whitekongsoftware.com\/ca\/wp-json\/wp\/v2\/types\/post"}],"author":[{"embeddable":true,"href":"https:\/\/tucomarca.whitekongsoftware.com\/ca\/wp-json\/wp\/v2\/users\/12"}],"replies":[{"embeddable":true,"href":"https:\/\/tucomarca.whitekongsoftware.com\/ca\/wp-json\/wp\/v2\/comments?post=291734"}],"version-history":[{"count":0,"href":"https:\/\/tucomarca.whitekongsoftware.com\/ca\/wp-json\/wp\/v2\/posts\/291734\/revisions"}],"wp:featuredmedia":[{"embeddable":true,"href":"https:\/\/tucomarca.whitekongsoftware.com\/ca\/wp-json\/wp\/v2\/media\/291729"}],"wp:attachment":[{"href":"https:\/\/tucomarca.whitekongsoftware.com\/ca\/wp-json\/wp\/v2\/media?parent=291734"}],"wp:term":[{"taxonomy":"category","embeddable":true,"href":"https:\/\/tucomarca.whitekongsoftware.com\/ca\/wp-json\/wp\/v2\/categories?post=291734"},{"taxonomy":"post_tag","embeddable":true,"href":"https:\/\/tucomarca.whitekongsoftware.com\/ca\/wp-json\/wp\/v2\/tags?post=291734"}],"curies":[{"name":"wp","href":"https:\/\/api.w.org\/{rel}","templated":true}]}}