{"id":291624,"date":"2026-01-29T11:10:00","date_gmt":"2026-01-29T10:10:00","guid":{"rendered":"https:\/\/www.tucomarca.com\/wordpress\/segunda\/?p=291624"},"modified":"2026-01-29T20:53:01","modified_gmt":"2026-01-29T19:53:01","slug":"mompo-defen-el-pla-dautonoms-del-pp-front-a-labando-de-sanchez-els-tracta-com-una-font-de-recaptacio-pero-son-un-dels-principals-motors-economics","status":"publish","type":"post","link":"https:\/\/tucomarca.whitekongsoftware.com\/ca\/mompo-defen-el-pla-dautonoms-del-pp-front-a-labando-de-sanchez-els-tracta-com-una-font-de-recaptacio-pero-son-un-dels-principals-motors-economics\/","title":{"rendered":"Momp\u00f3 def\u00e9n el pla d&#8217;aut\u00f2noms del PP front &#8220;a l&#8217;aband\u00f3&#8221; de S\u00e1nchez: &#8220;Els tracta com una font de recaptaci\u00f3, per\u00f2 s\u00f3n un dels principals motors econ\u00f2mics&#8221;"},"content":{"rendered":"\n<h3 class=\"wp-block-heading\">El PP de la prov\u00edncia de Val\u00e8ncia celebra una jornada de treball sobre aut\u00f2noms per a aprofundir en les seues inquietuds i necessitats, i tractar de donar-los resposta.<\/h3>\n\n\n\n<h3 class=\"wp-block-heading\">El l\u00edder provincial, Vicent Momp\u00f3, denuncia que les ajudes del Govern no han arribat als aut\u00f2noms afectats per la DANA.<\/h3>\n\n\n\n<p class=\"wp-block-paragraph\">El Partit Popular de la prov\u00edncia de Val\u00e8ncia ha celebrat este dijous una jornada de treball sobre aut\u00f2noms per a aprofundir en les seues inquietuds i necessitats, i tractar de donar-los resposta, especialment en els municipis danyats per la riuada. En primer lloc, s&#8217;ha mantingut una reuni\u00f3 de representants del partit amb els dels sectors econ\u00f2mics valencians en la qual se&#8217;ls han exposat les principals propostes del pla del PP per als treballadors per compte propi.<\/p>\n\n\n\n<p class=\"wp-block-paragraph\">Entre estes mesures, destaca l&#8217;exempci\u00f3 de l&#8217;IVA per als qui facturen menys de 85.000 euros, tarifa zero per a nous aut\u00f2noms, reducci\u00f3 dr\u00e0stica de les declaracions anuals i un any sense cotitzacions per al primer treballador contractat. A m\u00e9s, el pla arreplega l&#8217;exempci\u00f3 de cotitzacions en baixes per malaltia greu, facilitats per a continuar treballant despr\u00e9s de l&#8217;edat de jubilaci\u00f3, dos anys sense quotes despr\u00e9s de la maternitat o paternitat i l&#8217;equiparaci\u00f3 real dels drets de lact\u00e0ncia.<\/p>\n\n\n\n<figure class=\"wp-block-gallery has-nested-images columns-default is-cropped wp-block-gallery-1 is-layout-flex wp-block-gallery-is-layout-flex\">\n<figure class=\"wp-block-image size-large\"><img loading=\"lazy\" decoding=\"async\" width=\"1024\" height=\"682\" data-id=\"291621\" src=\"https:\/\/www.tucomarca.com\/wordpress\/segunda\/wp-content\/uploads\/2026\/01\/MompoAutonomos_pp3-1024x682.jpg\" alt=\"\" class=\"wp-image-291621\" srcset=\"https:\/\/tucomarca.whitekongsoftware.com\/wp-content\/uploads\/2026\/01\/MompoAutonomos_pp3-1024x682.jpg 1024w, https:\/\/tucomarca.whitekongsoftware.com\/wp-content\/uploads\/2026\/01\/MompoAutonomos_pp3-300x200.jpg 300w, https:\/\/tucomarca.whitekongsoftware.com\/wp-content\/uploads\/2026\/01\/MompoAutonomos_pp3-768x512.jpg 768w, https:\/\/tucomarca.whitekongsoftware.com\/wp-content\/uploads\/2026\/01\/MompoAutonomos_pp3.jpg 1181w\" sizes=\"auto, (max-width: 1024px) 100vw, 1024px\" \/><\/figure>\n\n\n\n<figure class=\"wp-block-image size-large\"><img loading=\"lazy\" decoding=\"async\" width=\"1024\" height=\"682\" data-id=\"291619\" src=\"https:\/\/www.tucomarca.com\/wordpress\/segunda\/wp-content\/uploads\/2026\/01\/MompoAutonomos_pp2-1024x682.jpg\" alt=\"\" class=\"wp-image-291619\" srcset=\"https:\/\/tucomarca.whitekongsoftware.com\/wp-content\/uploads\/2026\/01\/MompoAutonomos_pp2-1024x682.jpg 1024w, https:\/\/tucomarca.whitekongsoftware.com\/wp-content\/uploads\/2026\/01\/MompoAutonomos_pp2-300x200.jpg 300w, https:\/\/tucomarca.whitekongsoftware.com\/wp-content\/uploads\/2026\/01\/MompoAutonomos_pp2-768x512.jpg 768w, https:\/\/tucomarca.whitekongsoftware.com\/wp-content\/uploads\/2026\/01\/MompoAutonomos_pp2.jpg 1181w\" sizes=\"auto, (max-width: 1024px) 100vw, 1024px\" \/><\/figure>\n<\/figure>\n\n\n\n<p class=\"wp-block-paragraph\">Per al president del PP de la prov\u00edncia de Val\u00e8ncia, Vicent Momp\u00f3, \u201c\u00e9s un pla nacional ambici\u00f3s per a respectar i protegir els aut\u00f2noms enfront d&#8217;un Govern que ha decidit convertir a l&#8217;aut\u00f2nom en la seua principal font de recaptaci\u00f3, mentres blanqueja la incompet\u00e8ncia i la corrupci\u00f3\u201d. \u201cA l&#8217;Espanya de Pedro S\u00e1nchez, els aut\u00f2noms viuen amb m\u00e9s por a Hisenda que els corruptes a la just\u00edcia\u201d, ha assegurat.<\/p>\n\n\n\n<p class=\"wp-block-paragraph\">De la mateixa manera, ha criticat, \u201cmolts aut\u00f2noms afectats per la dana seguixen sense haver cobrat les ajudes que va prometre el Govern d&#8217;Espanya. La propaganda \u00e9s la millor ferramenta de l&#8217;esquerra, per\u00f2 l&#8217;ajuda real mai arriba. Una vegada m\u00e9s, des\u00eddia i falta de responsabilitat\u201d.&nbsp;<\/p>\n\n\n\n<p class=\"wp-block-paragraph\">Enfront d&#8217;aix\u00f2, el l\u00edder provincial ha remarcat que \u201cel PP estar\u00e0 sempre del costat dels qui matinen, arrisquen el seu patrimoni i alcen cada dia la persiana perqu\u00e8 s\u00f3n un dels principals motors econ\u00f2mics i defendre&#8217;ls \u00e9s defendre Espanya\u201d. Aix\u00ed ho demostren les xifres, afirma Momp\u00f3: \u201cLa prov\u00edncia de Val\u00e8ncia lidera el creixement anual de noves afiliacions d&#8217;aut\u00f2noms en 2025 tant en valor absolut (7.249) com a percentual (3,8%), triplicant el percentatge d&#8217;increment nacional\u201d.&nbsp;<\/p>\n\n\n\n<p class=\"wp-block-paragraph\">Per part seua, la secret\u00e0ria general del PP provincial, Reme Mazzolari, ha explicat que \u201ces tracta de treballar conjuntament amb els sectors econ\u00f2mics per a elaborar propostes realistes que de veritat permeten ser beneficioses per als aut\u00f2noms i que ajuden a cr\u00e9ixer i generar riquesa a Val\u00e8ncia i a Espanya\u201d. Entre els principals problemes exposats pels representants dels aut\u00f2noms est\u00e0: la falta de relleu generacional, la necessitat de protegir-los respecte als lloguers, el dret a atur digne, la c\u00e0rrega afegida del programa VeriFactu, poca ajuda i alta c\u00e0rrega impositiva. Per aix\u00f2, demanen una legislaci\u00f3 totalment nova i una llei exclusiva que no pose obstacles, al mateix temps que titllen de frac\u00e0s el Kit Digital i sol\u00b7liciten que la utilitzaci\u00f3 de Fons Europeus s&#8217;hauria de destinar a un programa de digitalitzaci\u00f3 que funcione.&nbsp;<\/p>\n\n\n\n<p class=\"wp-block-paragraph\">L&#8217;alcalde d&#8217;Alfafar, Juan Ram\u00f3n Adsuara, ha sigut l&#8217;encarregat de donar la benvinguda a la trobada agraint que la jornada s&#8217;haja celebrat en este municipi de l&#8217;Horta Sud i en un edifici que es va salvar de la riuada \u201camb l&#8217;objectiu d&#8217;ajudar a un teixit com els aut\u00f2noms que tant va patir\u201d en la cat\u00e0strofe del 29 d&#8217;octubre de 2024. En este sentit, la diputada nacional del PP per Val\u00e8ncia, Bel\u00e9n Hoyo, ha subratllat que &#8220;la nostra implicaci\u00f3 ha de ser encara major a la prov\u00edncia de Val\u00e8ncia perqu\u00e8 a les traves burocr\u00e0tiques i impostos, cal afegir les conseq\u00fc\u00e8ncies de la dana\u201d.<\/p>\n\n\n\n<p class=\"wp-block-paragraph\">Aix\u00ed, la directora general de Comer\u00e7, Artesania i Consum, Maribel S\u00e1ez, ha reivindicat el treball de la Generalitat despr\u00e9s de la cat\u00e0strofe: &#8220;Hem estat al costat dels aut\u00f2noms. Hem invertit m\u00e9s de 50 milions per a ajudar als nostres comer\u00e7os afectats. En total entre el directe i l&#8217;indirecte, el comer\u00e7 representa el 25% del PIB de la Comunitat Valenciana. Hi ha 73.000 empreses que es dediquen al comer\u00e7 i 450.000 persones\u201d. A m\u00e9s, la secret\u00e0ria executiva d&#8217;Economia, PIMES i Aut\u00f2noms de la Vicesecretaria Sectorial del PP, Alma Alfonso, ha posat l&#8217;accent en la reducci\u00f3 burocr\u00e0tica: \u201cEl que volem \u00e9s simplificar les coses. L&#8217;aut\u00f2nom nom\u00e9s vol m\u00e9s protecci\u00f3 per a emprendre, m\u00e9s drets i m\u00e9s confian\u00e7a\u201d.<\/p>\n\n\n\n<p class=\"wp-block-paragraph\">Despr\u00e9s de la reuni\u00f3 a la qual han assistit tamb\u00e9 els diputats nacionals del PP per Val\u00e8ncia Fernando de Rosa, Cristina Moreno, Esperanza Reynal i Evarist Aznar, i representants de, entre altres, CONCOVAL, FECOVA, AVA-ASAJA, AVEMCOP, CEPEVAL i la CEV, els assistents han visitat comer\u00e7os afectats per la DANA a Alfafar i Massanassa. La jornada ha concl\u00f2s amb un dinar de treball amb representants locals i aut\u00f2noms d&#8217;Alfafar, Massanassa, Benet\u00fasser, Paiporta i Torrent, municipis tots ells danyats per la riuada.<\/p>\n","protected":false},"excerpt":{"rendered":"<div class=\"mh-excerpt\">El PP de la prov\u00edncia de Val\u00e8ncia celebra una jornada de treball sobre aut\u00f2noms per a aprofundir en les seues inquietuds i necessitats, i tractar de donar-los resposta. El l\u00edder provincial, Vicent Momp\u00f3, denuncia que <a class=\"mh-excerpt-more\" href=\"https:\/\/tucomarca.whitekongsoftware.com\/ca\/mompo-defen-el-pla-dautonoms-del-pp-front-a-labando-de-sanchez-els-tracta-com-una-font-de-recaptacio-pero-son-un-dels-principals-motors-economics\/\" title=\"Momp\u00f3 def\u00e9n el pla d&#8217;aut\u00f2noms del PP front &#8220;a l&#8217;aband\u00f3&#8221; de S\u00e1nchez: &#8220;Els tracta com una font de recaptaci\u00f3, per\u00f2 s\u00f3n un dels principals motors econ\u00f2mics&#8221;\">[+] <\/a><\/div>\n","protected":false},"author":12,"featured_media":291618,"comment_status":"open","ping_status":"open","sticky":false,"template":"","format":"standard","meta":{"footnotes":""},"categories":[21466,10898,10948,10894,10904,10902,10947,10896],"tags":[15409,23831,13398,12336,16563],"class_list":["post-291624","post","type-post","status-publish","format-standard","has-post-thumbnail","category-dana-ca","category-ventana-ca","category-infraestructuras-ca","category-la-comarca-ca","category-sin-categorizar-ca","category-la-ribera-ca","category-politica","category-seccion-ca","tag-dana-2-ca","tag-plan-de-autonomos-ca","tag-populares-provincia-de-valencia-ca","tag-ppcv-ca","tag-vicente-mompo-ca"],"_links":{"self":[{"href":"https:\/\/tucomarca.whitekongsoftware.com\/ca\/wp-json\/wp\/v2\/posts\/291624","targetHints":{"allow":["GET"]}}],"collection":[{"href":"https:\/\/tucomarca.whitekongsoftware.com\/ca\/wp-json\/wp\/v2\/posts"}],"about":[{"href":"https:\/\/tucomarca.whitekongsoftware.com\/ca\/wp-json\/wp\/v2\/types\/post"}],"author":[{"embeddable":true,"href":"https:\/\/tucomarca.whitekongsoftware.com\/ca\/wp-json\/wp\/v2\/users\/12"}],"replies":[{"embeddable":true,"href":"https:\/\/tucomarca.whitekongsoftware.com\/ca\/wp-json\/wp\/v2\/comments?post=291624"}],"version-history":[{"count":0,"href":"https:\/\/tucomarca.whitekongsoftware.com\/ca\/wp-json\/wp\/v2\/posts\/291624\/revisions"}],"wp:featuredmedia":[{"embeddable":true,"href":"https:\/\/tucomarca.whitekongsoftware.com\/ca\/wp-json\/wp\/v2\/media\/291618"}],"wp:attachment":[{"href":"https:\/\/tucomarca.whitekongsoftware.com\/ca\/wp-json\/wp\/v2\/media?parent=291624"}],"wp:term":[{"taxonomy":"category","embeddable":true,"href":"https:\/\/tucomarca.whitekongsoftware.com\/ca\/wp-json\/wp\/v2\/categories?post=291624"},{"taxonomy":"post_tag","embeddable":true,"href":"https:\/\/tucomarca.whitekongsoftware.com\/ca\/wp-json\/wp\/v2\/tags?post=291624"}],"curies":[{"name":"wp","href":"https:\/\/api.w.org\/{rel}","templated":true}]}}