{"id":291609,"date":"2026-01-29T11:50:00","date_gmt":"2026-01-29T10:50:00","guid":{"rendered":"https:\/\/www.tucomarca.com\/wordpress\/segunda\/?p=291609"},"modified":"2026-01-29T19:56:05","modified_gmt":"2026-01-29T18:56:05","slug":"mes-de-dos-mil-agricultors-i-200-tractors-reclamen-a-valencia-un-futur-per-al-camp-i-la-sobirania-alimentaria","status":"publish","type":"post","link":"https:\/\/tucomarca.whitekongsoftware.com\/ca\/mes-de-dos-mil-agricultors-i-200-tractors-reclamen-a-valencia-un-futur-per-al-camp-i-la-sobirania-alimentaria\/","title":{"rendered":"M\u00e9s de dos mil agricultors i 200 tractors reclamen a Val\u00e8ncia &#8220;un futur per al camp i la sobirania aliment\u00e0ria&#8221;"},"content":{"rendered":"\n<p class=\"wp-block-paragraph\">La ciutat de Val\u00e8ncia va protagonitzar hui una de les mobilitzacions m\u00e9s multitudin\u00e0ries esdevingudes en el &#8216;superjueves&#8217; del camp espanyol, amb una trentena de protestes en tota Espanya contra les pol\u00edtiques agr\u00e0ries de la Uni\u00f3 Europea. M\u00e9s de 2.000 agricultors i 200 tractors van assistir des de diferents comarques a una manifestaci\u00f3 convocada per les organitzacions professionals agr\u00e0ries de la Comunitat Valenciana -l&#8217;Associaci\u00f3 Valenciana d&#8217;Agricultors (AVA-Asaja), La Uni\u00f3 Llauradora i Ramadera, la Coordinadora Llauradora del Pa\u00eds Valenci\u00e0 (CCPV-COAG) i la Uni\u00f3 de Xicotets Agricultors i Ramaders (UPA-PV)-, amb el suport de Cooperatives Agro-aliment\u00e0ries de la Comunitat Valenciana i altres entitats socials i empresarials, en la qual el conjunt del sector agrari va rebutjar els acords comercials sense reciprocitat -com el tractat de Mercosur- i les pol\u00edtiques que est\u00e0 duent a terme la Uni\u00f3 Europea i van reclamar &#8220;un futur digne per al camp i la sobirania aliment\u00e0ria&#8221;.<\/p>\n\n\n\n<p class=\"wp-block-paragraph\">Dues caravanes de tractors van arribar a la capital del T\u00faria des de La Ribera Baixa (la ruta va tindre parades a Cullera, Sueca, Sollana, El Roman\u00ed, Silla i Sedav\u00ed) i L&#8217;Horta Sud (amb punt de concentraci\u00f3 a Meliana i travessant Alm\u00e0ssera i Tavernes Blanques). Tant els tractors com les persones van confluir enfront de la Confederaci\u00f3 Hidrogr\u00e0fica del X\u00faquer (CHJ), en l&#8217;avinguda Blasco Ib\u00e1\u00f1ez, provocant problemes de tr\u00e0nsit en algunes de les principals entrades i vies de la ciutat.<\/p>\n\n\n\n<p class=\"wp-block-paragraph\">Els dirigents agraris van exigir davant la CHJ, organisme dependent del Ministeri per a la Transici\u00f3 Ecol\u00f2gica, el pagament d&#8217;una indemnitzaci\u00f3 justa i suficient per a compensar la usurpaci\u00f3 de la propietat d&#8217;aquelles parcel\u00b7les arrasades per la DANA que passaran a Domini P\u00fablic Hidr\u00e0ulic (DPH). Tamb\u00e9 van exigir m\u00e9s recursos h\u00eddrics per a garantir una producci\u00f3 estable i de qualitat, agilitzar les obres de reconstrucci\u00f3 i posar en marxa les infraestructures hidr\u00e0uliques que aquesta riuada ha evidenciat que s\u00f3n necess\u00e0ries.<\/p>\n\n\n\n<figure class=\"wp-block-image size-full\"><img loading=\"lazy\" decoding=\"async\" width=\"800\" height=\"880\" src=\"http:\/\/www.tucomarca.com\/wordpress\/segunda\/wp-content\/uploads\/2026\/01\/TractoradaValencia2.jpg\" alt=\"\" class=\"wp-image-291606\" srcset=\"https:\/\/tucomarca.whitekongsoftware.com\/wp-content\/uploads\/2026\/01\/TractoradaValencia2.jpg 800w, https:\/\/tucomarca.whitekongsoftware.com\/wp-content\/uploads\/2026\/01\/TractoradaValencia2-273x300.jpg 273w, https:\/\/tucomarca.whitekongsoftware.com\/wp-content\/uploads\/2026\/01\/TractoradaValencia2-768x845.jpg 768w\" sizes=\"auto, (max-width: 800px) 100vw, 800px\" \/><\/figure>\n\n\n\n<p class=\"wp-block-paragraph\">Durant el recorregut, el sector va escenificar amb disfresses i pancartes els productes agraris valencians castigats per la compet\u00e8ncia deslleial de l&#8217;acord amb Mercosur: taronges que van criticar &#8220;el suc del Brasil acabat d&#8217;espr\u00e9mer des de 8.000 quil\u00f2metres&#8221;, paquets d&#8217;arr\u00f2s que van denunciar &#8220;les mat\u00e8ries fitosanit\u00e0ries que estan prohibides en l&#8217;Albufera per\u00f2 s\u00ed que es permeten als arrossos de l&#8217;Uruguai&#8221;, vaques europees en contraposici\u00f3 amb &#8220;vaques hormonadas de l&#8217;Argentina&#8221; i apicultors que van alertar de l&#8217;entrada sense aranzel de &#8220;mels de menor qualitat i baix cost&#8221;.<\/p>\n\n\n\n<p class=\"wp-block-paragraph\">A les Torres de Serrans, un agricultor, Gabriel Matos, president de la comunitat de regants del riu Alcoi, va pronunciar en nom del sector un discurs recreant la figura del Palleter &#8220;per a declarar la guerra a la Comissi\u00f3 Europea, per atacar als agricultors, imposar un Pacte Verd d&#8217;esquena al camp i posar en perill la nostra sobirania aliment\u00e0ria&#8221;.<\/p>\n\n\n\n<p class=\"wp-block-paragraph\">La marxa va finalitzar a les portes de la Delegaci\u00f3 del Govern, on els dirigents de CCPV-COAG, UPA-PV, La Uni\u00f3 i AVA-Asaja llan\u00e7ar productes agraris en crisis i van dirigir discursos contra els acords comercials de la Uni\u00f3 Europea signats sense reciprocitat, les retallades de la Pol\u00edtica Agr\u00edcola Comuna (PAC), l&#8217;exc\u00e9s de burocr\u00e0cia i les pol\u00edtiques que amenacen el futur del camp i de l&#8217;alimentaci\u00f3 europea.<br>En primer lloc, van rebutjar la proposta actual de l&#8217;acord comercial de la UE amb Mercosur, exigint un estudi d&#8217;impacte sobre el sector agrari objectiu i cre\u00efble, reciprocitat, cl\u00e0usules de salvaguarda verdaderament eficaces i complementarietat amb la producci\u00f3 europea. En la mateixa l\u00ednia, van sol\u00b7licitar revisar tots els acords vigents i futurs amb tercers pa\u00efsos, especialment amb Egipte, Turquia, el Marroc i Sud-\u00e0frica.<\/p>\n\n\n\n<p class=\"wp-block-paragraph\">El sector tamb\u00e9 es va oposar a la proposta de la Comissi\u00f3 Europea sobre el Marc Financer Pluriennal (MFP) i la PAC post-2027, que contempla la integraci\u00f3 de la PAC en un fons \u00fanic, desmantellant la seua especificitat hist\u00f2rica; una retallada del 22% del pressupost; l&#8217;eliminaci\u00f3 dels dos pilars tradicionals de la PAC; un augment de la complexitat administrativa; i la tend\u00e8ncia a una renacionalitzaci\u00f3 dels fons.<br>Una altra reivindicaci\u00f3 reiterada va ser la simplificaci\u00f3, seguretat jur\u00eddica i la posada en marxa de regulacions m\u00e9s adaptades a la realitat agr\u00e0ria que no impliquen una p\u00e8rdua de competitivitat; la voluntarietat indefinida del quadern digital d&#8217;explotaci\u00f3; i reorientar les pol\u00edtiques del Govern espanyol prioritzant l&#8217;agricultura sobre les normatives mediambientals, sempre basades en criteris cient\u00edfics. Sobre aquest tema, van demanar reempla\u00e7ar la Llei de Restauraci\u00f3 de la Naturalesa, que estableix m\u00e9s limitacions a l&#8217;activitat, per una Llei de Restauraci\u00f3 de l&#8217;Agricultura.<\/p>\n\n\n\n<p class=\"wp-block-paragraph\">Entre les mesures sol\u00b7licitades igualment van destacar intensificar i harmonitzar els controls fitosanitaris de plagues i malalties en els ports d&#8217;entrada, inspeccions en origen, extensi\u00f3 i rigorositat del tractament en fred i, en cas d&#8217;excessius incompliments, la suspensi\u00f3 de les exportacions a la UE; una nova pol\u00edtica hidrol\u00f2gica que contemple la construcci\u00f3 d&#8217;infraestructures per a emmagatzemar i distribuir aigua, aix\u00ed com un redimensionament dels cabals ecol\u00f2gics i una aposta per la reutilitzaci\u00f3 de les aig\u00fces depurades; millorar les assegurances agr\u00e0ries per a cobrir tots els riscos de clima i fauna salvatge; i impulsar les autoritzacions excepcionals de fitosanitaris que no compten amb alternatives eficaces en la lluita contra plagues i malalties vegetals.<\/p>\n\n\n\n<p class=\"wp-block-paragraph\">Finalment, les organitzacions agr\u00e0ries van coincidir a demanar una Llei Emerg\u00e8ncia per danys de fauna salvatge; adaptar la Reforma Laboral a les necessitats de les campanyes agr\u00e0ries; actualitzar els m\u00f2duls de l&#8217;IRPF agrari; i revisar el Codi Penal i augmentar els recursos per a millorar la lluita contra els robatoris.<\/p>\n","protected":false},"excerpt":{"rendered":"<div class=\"mh-excerpt\">La ciutat de Val\u00e8ncia va protagonitzar hui una de les mobilitzacions m\u00e9s multitudin\u00e0ries esdevingudes en el &#8216;superjueves&#8217; del camp espanyol, amb una trentena de protestes en tota Espanya contra les pol\u00edtiques agr\u00e0ries de la Uni\u00f3 <a class=\"mh-excerpt-more\" href=\"https:\/\/tucomarca.whitekongsoftware.com\/ca\/mes-de-dos-mil-agricultors-i-200-tractors-reclamen-a-valencia-un-futur-per-al-camp-i-la-sobirania-alimentaria\/\" title=\"M\u00e9s de dos mil agricultors i 200 tractors reclamen a Val\u00e8ncia &#8220;un futur per al camp i la sobirania aliment\u00e0ria&#8221;\">[+] <\/a><\/div>\n","protected":false},"author":1,"featured_media":291605,"comment_status":"open","ping_status":"open","sticky":false,"template":"","format":"standard","meta":{"footnotes":""},"categories":[10905,21466,10898,10948,10894,10904,10902,10903,10947,10896,10897],"tags":[11309,11924,11199,18333],"class_list":["post-291609","post","type-post","status-publish","format-standard","has-post-thumbnail","category-agricultura-la-comarca-ca","category-dana-ca","category-ventana-ca","category-infraestructuras-ca","category-la-comarca-ca","category-sin-categorizar-ca","category-la-ribera-ca","category-medio-ambiente-la-comarca-ca","category-politica","category-seccion-ca","category-sucesos-la-comarca-ca","tag-agricultura-ca","tag-ava-asaja-ca","tag-la-comunitat-ca","tag-la-unio-ca"],"_links":{"self":[{"href":"https:\/\/tucomarca.whitekongsoftware.com\/ca\/wp-json\/wp\/v2\/posts\/291609","targetHints":{"allow":["GET"]}}],"collection":[{"href":"https:\/\/tucomarca.whitekongsoftware.com\/ca\/wp-json\/wp\/v2\/posts"}],"about":[{"href":"https:\/\/tucomarca.whitekongsoftware.com\/ca\/wp-json\/wp\/v2\/types\/post"}],"author":[{"embeddable":true,"href":"https:\/\/tucomarca.whitekongsoftware.com\/ca\/wp-json\/wp\/v2\/users\/1"}],"replies":[{"embeddable":true,"href":"https:\/\/tucomarca.whitekongsoftware.com\/ca\/wp-json\/wp\/v2\/comments?post=291609"}],"version-history":[{"count":0,"href":"https:\/\/tucomarca.whitekongsoftware.com\/ca\/wp-json\/wp\/v2\/posts\/291609\/revisions"}],"wp:featuredmedia":[{"embeddable":true,"href":"https:\/\/tucomarca.whitekongsoftware.com\/ca\/wp-json\/wp\/v2\/media\/291605"}],"wp:attachment":[{"href":"https:\/\/tucomarca.whitekongsoftware.com\/ca\/wp-json\/wp\/v2\/media?parent=291609"}],"wp:term":[{"taxonomy":"category","embeddable":true,"href":"https:\/\/tucomarca.whitekongsoftware.com\/ca\/wp-json\/wp\/v2\/categories?post=291609"},{"taxonomy":"post_tag","embeddable":true,"href":"https:\/\/tucomarca.whitekongsoftware.com\/ca\/wp-json\/wp\/v2\/tags?post=291609"}],"curies":[{"name":"wp","href":"https:\/\/api.w.org\/{rel}","templated":true}]}}