{"id":291517,"date":"2026-01-29T11:45:00","date_gmt":"2026-01-29T10:45:00","guid":{"rendered":"https:\/\/www.tucomarca.com\/wordpress\/segunda\/?p=291517"},"modified":"2026-01-29T19:29:45","modified_gmt":"2026-01-29T18:29:45","slug":"latur-continua-a-la-baixa-a-benaguasil-mentre-la-poblacio-continua-creixent","status":"publish","type":"post","link":"https:\/\/tucomarca.whitekongsoftware.com\/ca\/latur-continua-a-la-baixa-a-benaguasil-mentre-la-poblacio-continua-creixent\/","title":{"rendered":"L&#8217;atur continua a la baixa a Benaguasil mentre la poblaci\u00f3 continua creixent"},"content":{"rendered":"\n<h3 class=\"wp-block-heading\">En l&#8217;\u00faltim any 82 persones han accedit a un lloc de treball.<\/h3>\n\n\n\n<h3 class=\"wp-block-heading\">El municipi guanya 575 nous ve\u00efns.<\/h3>\n\n\n\n<p class=\"wp-block-paragraph\">Benaguasil continua registrant una evoluci\u00f3 positiva en mat\u00e8ria d&#8217;ocupaci\u00f3 i poblaci\u00f3. La taxa de desocupaci\u00f3 del municipi s&#8217;ha redu\u00eft fins al 11,42%, despr\u00e9s de passar de 804 persones desocupades al desembre de 2024 a 722 al desembre de l&#8217;any passat. En total, 82 ve\u00efns han accedit a un lloc de treball durant aquest per\u00edode.<\/p>\n\n\n\n<p class=\"wp-block-paragraph\">Les dades, publicats pel Servei P\u00fablic d&#8217;Ocupaci\u00f3 Estatal (SEPE), confirmen una tend\u00e8ncia descendent de l&#8217;atur que consolida la millora del mercat laboral en la localitat.<\/p>\n\n\n\n<p class=\"wp-block-paragraph\">Per sexe, la desocupaci\u00f3 continua sent major entre les dones, amb 421 parades, enfront dels 301 homes registrats. Quant als grups d&#8217;edat, el menor nombre de persones desocupades es dona entre els menors de 25 anys, amb 48 casos. En la franja de 25 a 44 anys es comptabilitzen 257 persones en atur, mentre que el grup de majors de 45 anys concentra el major n\u00famero, amb 417 aturats.<\/p>\n\n\n\n<p class=\"wp-block-paragraph\">Per sectors, a data 31 de desembre de 2025, el sector serveis \u00e9s el que registra un major volum de desocupaci\u00f3, amb 494 persones, seguit de la ind\u00fastria, amb 109, i la construcci\u00f3, amb 67.<br>Des de l&#8217;Ajuntament de Benaguasil han valorat molt positivament aquestes dades i han assenyalat que \u201cla reducci\u00f3 de l&#8217;atur demostra que les pol\u00edtiques municipals i la col\u00b7laboraci\u00f3 amb altres administracions estan donant resultats\u201d. Aix\u00ed mateix, han afirmat que \u201ccontinuarem impulsant iniciatives d&#8217;ocupaci\u00f3 i formaci\u00f3 per a facilitar l&#8217;acc\u00e9s al mercat laboral i millorar la qualitat del treball en el municipi\u201d.<\/p>\n\n\n\n<p class=\"wp-block-paragraph\"><strong>Creixement de poblaci\u00f3<\/strong><\/p>\n\n\n\n<p class=\"wp-block-paragraph\">En paral\u00b7lel a la millora de l&#8217;ocupaci\u00f3, Benaguasil continua creixent en poblaci\u00f3. Segons les dades de l&#8217;Institut Nacional d&#8217;Estad\u00edstica (INE), el municipi va aconseguir al desembre de 2025 els 12.688 habitants, dels quals 6.269 s\u00f3n dones i 6.399 homes, la qual cosa suposa un augment de 575 empadronats en l&#8217;\u00faltim any.<\/p>\n\n\n\n<p class=\"wp-block-paragraph\">Des del Consistori destaquen que \u201cel creixement demogr\u00e0fic confirma que Benaguasil \u00e9s un municipi atractiu per a viure, amb serveis adequats, bones infraestructures, qualitat de vida i pressi\u00f3 fiscal continguda que respon a les necessitats de la ciutadania\u201d, i han reiterat el seu \u201ccomprom\u00eds de continuar treballant per a consolidar aquest desenvolupament positiu alhora que s&#8217;aplicaran mesures de millores en mat\u00e8ria de neteja, manteniment urb\u00e0 i seguretat\u201d.<\/p>\n","protected":false},"excerpt":{"rendered":"<div class=\"mh-excerpt\">En l&#8217;\u00faltim any 82 persones han accedit a un lloc de treball. El municipi guanya 575 nous ve\u00efns. Benaguasil continua registrant una evoluci\u00f3 positiva en mat\u00e8ria d&#8217;ocupaci\u00f3 i poblaci\u00f3. La taxa de desocupaci\u00f3 del municipi <a class=\"mh-excerpt-more\" href=\"https:\/\/tucomarca.whitekongsoftware.com\/ca\/latur-continua-a-la-baixa-a-benaguasil-mentre-la-poblacio-continua-creixent\/\" title=\"L&#8217;atur continua a la baixa a Benaguasil mentre la poblaci\u00f3 continua creixent\">[+] <\/a><\/div>\n","protected":false},"author":12,"featured_media":291516,"comment_status":"open","ping_status":"open","sticky":false,"template":"","format":"standard","meta":{"footnotes":""},"categories":[10952,10892,10948,10894,10947,10896],"tags":[11136,10899,23823,23824],"class_list":["post-291517","post","type-post","status-publish","format-standard","has-post-thumbnail","category-benaguasil-ca","category-camp-de-turia-ca","category-infraestructuras-ca","category-la-comarca-ca","category-politica","category-seccion-ca","tag-benaguasil-ca","tag-camp-de-turia-ca","tag-empleo-y-poblacion-ca","tag-tasa-de-paro-ca"],"_links":{"self":[{"href":"https:\/\/tucomarca.whitekongsoftware.com\/ca\/wp-json\/wp\/v2\/posts\/291517","targetHints":{"allow":["GET"]}}],"collection":[{"href":"https:\/\/tucomarca.whitekongsoftware.com\/ca\/wp-json\/wp\/v2\/posts"}],"about":[{"href":"https:\/\/tucomarca.whitekongsoftware.com\/ca\/wp-json\/wp\/v2\/types\/post"}],"author":[{"embeddable":true,"href":"https:\/\/tucomarca.whitekongsoftware.com\/ca\/wp-json\/wp\/v2\/users\/12"}],"replies":[{"embeddable":true,"href":"https:\/\/tucomarca.whitekongsoftware.com\/ca\/wp-json\/wp\/v2\/comments?post=291517"}],"version-history":[{"count":0,"href":"https:\/\/tucomarca.whitekongsoftware.com\/ca\/wp-json\/wp\/v2\/posts\/291517\/revisions"}],"wp:featuredmedia":[{"embeddable":true,"href":"https:\/\/tucomarca.whitekongsoftware.com\/ca\/wp-json\/wp\/v2\/media\/291516"}],"wp:attachment":[{"href":"https:\/\/tucomarca.whitekongsoftware.com\/ca\/wp-json\/wp\/v2\/media?parent=291517"}],"wp:term":[{"taxonomy":"category","embeddable":true,"href":"https:\/\/tucomarca.whitekongsoftware.com\/ca\/wp-json\/wp\/v2\/categories?post=291517"},{"taxonomy":"post_tag","embeddable":true,"href":"https:\/\/tucomarca.whitekongsoftware.com\/ca\/wp-json\/wp\/v2\/tags?post=291517"}],"curies":[{"name":"wp","href":"https:\/\/api.w.org\/{rel}","templated":true}]}}