{"id":291389,"date":"2026-01-28T12:00:00","date_gmt":"2026-01-28T11:00:00","guid":{"rendered":"https:\/\/www.tucomarca.com\/wordpress\/segunda\/?p=291389"},"modified":"2026-01-28T17:43:08","modified_gmt":"2026-01-28T16:43:08","slug":"incidencies-per-neu-i-fort-vent-a-linterior-de-la-provincia-de-valencia","status":"publish","type":"post","link":"https:\/\/tucomarca.whitekongsoftware.com\/ca\/incidencies-per-neu-i-fort-vent-a-linterior-de-la-provincia-de-valencia\/","title":{"rendered":"La borrrasca Kristin provoca incid\u00e8ncies per neu i fort vent a l\u2019interior de la prov\u00edncia de Val\u00e8ncia"},"content":{"rendered":"\n<p class=\"wp-block-paragraph\">El temporal d\u2019hivern Kristin ja est\u00e0 deixant les primeres incid\u00e8ncies a l\u2019interior de la prov\u00edncia de Val\u00e8ncia, amb problemes relacionats amb les nevades al terme municipal d\u2019<strong>Alpuente<\/strong> i a la <strong>N-330 a l\u2019altura de Casas Altas<\/strong>, i a <strong>Sinarcas<\/strong>, segons han informat els serveis d\u2019emerg\u00e8ncia.<\/p>\n\n\n\n<p class=\"wp-block-paragraph\">La <strong>cota de neu<\/strong> a l\u2019interior se situa entre els <strong>900 i 1.100 metres<\/strong>, fet que mant\u00e9 la vigil\u00e0ncia activa a les zones de major altitud. Des de <strong>CEGESEM<\/strong> s\u2019ha informat que s\u2019estan realitzant <strong>rutes de vigil\u00e0ncia<\/strong> en els punts m\u00e9s afectats per les precipitacions en forma de neu, amb l\u2019objectiu de garantir la seguretat i detectar possibles incid\u00e8ncies de manera primerenca.<\/p>\n\n\n\n<p class=\"wp-block-paragraph\">A m\u00e9s de la neu, l\u2019episodi meteorol\u00f2gic ve acompanyat de <strong>fortes ratxes de vent<\/strong>, que comen\u00e7aran a generalitzar-se a partir del migdia. La previsi\u00f3 apunta que le <strong>zona m\u00e9s afectada ser\u00e0 l\u2019interior de Val\u00e8ncia<\/strong>, on les ratxes podrien <strong>superar els 90 km\/h<\/strong>. A la resta del territori, s\u2019esperen vents de <strong>70 a 80 km\/h<\/strong>.<\/p>\n\n\n\n<p class=\"wp-block-paragraph\">Les hores centrals del dia seran les m\u00e9s complicades, ja que al gradient de vent se li sumaran les <strong>turbul\u00e8ncies de l\u2019aire generades pel calfament di\u00fcrn<\/strong>, augmentant la probabilitat de ratxes molt intenses. No obstant aix\u00f2, els <strong>avisos meteorol\u00f2gics<\/strong> romandran actius des de les <strong>9.00 hores<\/strong>.<\/p>\n\n\n\n<p class=\"wp-block-paragraph\">Des dels serveis d\u2019emerg\u00e8ncia s\u2019insistix a extremar la <strong>precauci\u00f3<\/strong>, especialment quan s\u2019intensifique el vent, ja que es poden produir <strong>caigudes de branques o arbres<\/strong>, aix\u00ed com <strong>danys en b\u00e9ns i infraestructures m\u00e9s fr\u00e0gils<\/strong>. Es recomana evitar despla\u00e7aments innecessaris i seguir en tot moment les indicacions de les autoritats.<\/p>\n\n\n\n<p class=\"wp-block-paragraph\">Segons la informaci\u00f3 meteorol\u00f2gica i d\u2019emerg\u00e8ncies disponible, <strong>s\u2019han registrat incid\u00e8ncies i talls de tr\u00e0nsit a causa de la neu hui a carreteres de l\u2019interior de la prov\u00edncia de Val\u00e8ncia<\/strong>, especialment en zones del Rac\u00f3 d\u2019Adem\u00fas i del nord interior:<\/p>\n\n\n\n<p class=\"wp-block-paragraph\"><strong>Carreteres afectades per les nevades a l\u2019interior de Val\u00e8ncia:<\/strong><\/p>\n\n\n\n<p class=\"wp-block-paragraph\"><strong>N-330<\/strong>, a l\u2019altura de <strong>Cases Altes<\/strong>, amb la circulaci\u00f3 complicada per neu i possibles talls puntuals o restriccions en alguns trams afectats.<br>Vies de l\u2019interior de la comarca del <strong>Rac\u00f3 d\u2019Adem\u00fas<\/strong>, on hi ha activat l\u2019av\u00eds groc per nevades que poden dificultar la circulaci\u00f3, especialment en carreteres secund\u00e0ries i trams de muntanya.<br>Les autoritats han mobilitzat m\u00e0quines llevaneu i equips de vigil\u00e0ncia en estes zones i han demanat molta precauci\u00f3 per l\u2019estat de la cal\u00e7ada en carreteres exposades tant a la neu com al vent.<\/p>\n\n\n\n<p class=\"wp-block-paragraph\">La informaci\u00f3 sobre talls totals o trams tancats pot variar r\u00e0pidament segons l\u2019evoluci\u00f3 del temporal. Si has de despla\u00e7ar-te per l\u2019interior de la prov\u00edncia, es recomana consultar l\u2019estat de les carreteres en temps real a trav\u00e9s de la web de la <strong>Direcci\u00f3 General de Tr\u00e0nsit (DGT)<\/strong> o dels serveis oficials d\u2019emerg\u00e8ncies de la Generalitat Valenciana abans d\u2019iniciar el viatge.<\/p>\n\n\n\n<figure class=\"wp-block-gallery has-nested-images columns-default is-cropped wp-block-gallery-1 is-layout-flex wp-block-gallery-is-layout-flex\">\n<figure class=\"wp-block-image size-large\"><img loading=\"lazy\" decoding=\"async\" width=\"886\" height=\"851\" data-id=\"291379\" src=\"https:\/\/www.tucomarca.com\/wordpress\/segunda\/wp-content\/uploads\/2026\/01\/AemetViento28enero.jpg\" alt=\"\" class=\"wp-image-291379\" srcset=\"https:\/\/tucomarca.whitekongsoftware.com\/wp-content\/uploads\/2026\/01\/AemetViento28enero.jpg 886w, https:\/\/tucomarca.whitekongsoftware.com\/wp-content\/uploads\/2026\/01\/AemetViento28enero-300x288.jpg 300w, https:\/\/tucomarca.whitekongsoftware.com\/wp-content\/uploads\/2026\/01\/AemetViento28enero-768x738.jpg 768w\" sizes=\"auto, (max-width: 886px) 100vw, 886px\" \/><\/figure>\n\n\n\n<figure class=\"wp-block-image size-large\"><img loading=\"lazy\" decoding=\"async\" width=\"886\" height=\"853\" data-id=\"291381\" src=\"https:\/\/www.tucomarca.com\/wordpress\/segunda\/wp-content\/uploads\/2026\/01\/AemetViento29enero.jpg\" alt=\"\" class=\"wp-image-291381\" srcset=\"https:\/\/tucomarca.whitekongsoftware.com\/wp-content\/uploads\/2026\/01\/AemetViento29enero.jpg 886w, https:\/\/tucomarca.whitekongsoftware.com\/wp-content\/uploads\/2026\/01\/AemetViento29enero-300x289.jpg 300w, https:\/\/tucomarca.whitekongsoftware.com\/wp-content\/uploads\/2026\/01\/AemetViento29enero-768x739.jpg 768w\" sizes=\"auto, (max-width: 886px) 100vw, 886px\" \/><\/figure>\n\n\n\n<figure class=\"wp-block-image size-large\"><img loading=\"lazy\" decoding=\"async\" width=\"886\" height=\"853\" data-id=\"291383\" src=\"https:\/\/www.tucomarca.com\/wordpress\/segunda\/wp-content\/uploads\/2026\/01\/AemetViento30enero.jpg\" alt=\"\" class=\"wp-image-291383\" srcset=\"https:\/\/tucomarca.whitekongsoftware.com\/wp-content\/uploads\/2026\/01\/AemetViento30enero.jpg 886w, https:\/\/tucomarca.whitekongsoftware.com\/wp-content\/uploads\/2026\/01\/AemetViento30enero-300x289.jpg 300w, https:\/\/tucomarca.whitekongsoftware.com\/wp-content\/uploads\/2026\/01\/AemetViento30enero-768x739.jpg 768w\" sizes=\"auto, (max-width: 886px) 100vw, 886px\" \/><\/figure>\n<\/figure>\n","protected":false},"excerpt":{"rendered":"<div class=\"mh-excerpt\">El temporal d\u2019hivern Kristin ja est\u00e0 deixant les primeres incid\u00e8ncies a l\u2019interior de la prov\u00edncia de Val\u00e8ncia, amb problemes relacionats amb les nevades al terme municipal d\u2019Alpuente i a la N-330 a l\u2019altura de Casas <a class=\"mh-excerpt-more\" href=\"https:\/\/tucomarca.whitekongsoftware.com\/ca\/incidencies-per-neu-i-fort-vent-a-linterior-de-la-provincia-de-valencia\/\" title=\"La borrrasca Kristin provoca incid\u00e8ncies per neu i fort vent a l\u2019interior de la prov\u00edncia de Val\u00e8ncia\">[+] <\/a><\/div>\n","protected":false},"author":12,"featured_media":291388,"comment_status":"open","ping_status":"open","sticky":false,"template":"","format":"standard","meta":{"footnotes":""},"categories":[10890,11044,10923,11046,10898,10894,10904,10909,10896,11058,10897],"tags":[11187,11870,11413,11080,11916,10910,11089,13644],"class_list":["post-291389","post","type-post","status-publish","format-standard","has-post-thumbnail","category-ademus","category-alpuente-ca","category-cases-altes","category-los-serranos-ca","category-ventana-ca","category-la-comarca-ca","category-sin-categorizar-ca","category-requena-utiel-ca","category-seccion-ca","category-sinarcas-ca","category-sucesos-la-comarca-ca","tag-alpuente-ca","tag-casas-altas-ca","tag-el-rincon-de-ademuz-ca","tag-los-serranos-ca","tag-nieve-ca","tag-requena-utiel-ca","tag-sinarcas-ca","tag-viento-ca"],"_links":{"self":[{"href":"https:\/\/tucomarca.whitekongsoftware.com\/ca\/wp-json\/wp\/v2\/posts\/291389","targetHints":{"allow":["GET"]}}],"collection":[{"href":"https:\/\/tucomarca.whitekongsoftware.com\/ca\/wp-json\/wp\/v2\/posts"}],"about":[{"href":"https:\/\/tucomarca.whitekongsoftware.com\/ca\/wp-json\/wp\/v2\/types\/post"}],"author":[{"embeddable":true,"href":"https:\/\/tucomarca.whitekongsoftware.com\/ca\/wp-json\/wp\/v2\/users\/12"}],"replies":[{"embeddable":true,"href":"https:\/\/tucomarca.whitekongsoftware.com\/ca\/wp-json\/wp\/v2\/comments?post=291389"}],"version-history":[{"count":0,"href":"https:\/\/tucomarca.whitekongsoftware.com\/ca\/wp-json\/wp\/v2\/posts\/291389\/revisions"}],"wp:featuredmedia":[{"embeddable":true,"href":"https:\/\/tucomarca.whitekongsoftware.com\/ca\/wp-json\/wp\/v2\/media\/291388"}],"wp:attachment":[{"href":"https:\/\/tucomarca.whitekongsoftware.com\/ca\/wp-json\/wp\/v2\/media?parent=291389"}],"wp:term":[{"taxonomy":"category","embeddable":true,"href":"https:\/\/tucomarca.whitekongsoftware.com\/ca\/wp-json\/wp\/v2\/categories?post=291389"},{"taxonomy":"post_tag","embeddable":true,"href":"https:\/\/tucomarca.whitekongsoftware.com\/ca\/wp-json\/wp\/v2\/tags?post=291389"}],"curies":[{"name":"wp","href":"https:\/\/api.w.org\/{rel}","templated":true}]}}