{"id":291222,"date":"2026-01-26T11:50:00","date_gmt":"2026-01-26T10:50:00","guid":{"rendered":"https:\/\/www.tucomarca.com\/wordpress\/segunda\/?p=291222"},"modified":"2026-03-11T23:28:15","modified_gmt":"2026-03-11T22:28:15","slug":"video-tierra-bobal-mostra-en-fitur-el-seu-model-de-turisme-dinterior-sostenible-autentic-i-compromes","status":"publish","type":"post","link":"https:\/\/tucomarca.whitekongsoftware.com\/ca\/video-tierra-bobal-mostra-en-fitur-el-seu-model-de-turisme-dinterior-sostenible-autentic-i-compromes\/","title":{"rendered":"V\u00eddeo: Tierra Bobal mostra en Fitur el seu model de turisme d&#8217;interior sostenible, aut\u00e8ntic i comprom\u00e9s"},"content":{"rendered":"\n<figure class=\"wp-block-embed is-type-video is-provider-youtube wp-block-embed-youtube wp-embed-aspect-16-9 wp-has-aspect-ratio\"><div class=\"wp-block-embed__wrapper\">\n<iframe loading=\"lazy\" title=\"Tierra Bobal muestra en Fitur su modelo de turismo de interior sostenible, aut\u00e9ntico y comprometido\" width=\"500\" height=\"281\" src=\"https:\/\/www.youtube.com\/embed\/iyN9wKelBm8?feature=oembed\" frameborder=\"0\" allow=\"accelerometer; autoplay; clipboard-write; encrypted-media; gyroscope; picture-in-picture; web-share\" referrerpolicy=\"strict-origin-when-cross-origin\" allowfullscreen><\/iframe>\n<\/div><\/figure>\n\n\n\n<p class=\"wp-block-paragraph\">La marca tur\u00edstica Tierra Bobal ha participat en la Fira Internacional de Turisme, Fitur, 2026 refor\u00e7ant la seua aposta per un model de turisme d&#8217;interior respectu\u00f3s amb l&#8217;entorn, basat en el enoturismo, la sostenibilitat i la identitat dels seus municipis, tal com han destacat a tucomarca televisi\u00f3 el president de la Mancomunitat de l&#8217;Interior Terra del Vi i alcalde de Venta del Moro, <strong>Luis Francisco L\u00f3pez Yeves<\/strong>; aix\u00ed com el vicepresident i alcalde de Villargordo del Cabriel, Galo Valle.<\/p>\n\n\n\n<p class=\"wp-block-paragraph\"><\/p>\n","protected":false},"excerpt":{"rendered":"<div class=\"mh-excerpt\">La marca tur\u00edstica Tierra Bobal ha participat en la Fira Internacional de Turisme, Fitur, 2026 refor\u00e7ant la seua aposta per un model de turisme d&#8217;interior respectu\u00f3s amb l&#8217;entorn, basat en el enoturismo, la sostenibilitat i <a class=\"mh-excerpt-more\" href=\"https:\/\/tucomarca.whitekongsoftware.com\/ca\/video-tierra-bobal-mostra-en-fitur-el-seu-model-de-turisme-dinterior-sostenible-autentic-i-compromes\/\" title=\"V\u00eddeo: Tierra Bobal mostra en Fitur el seu model de turisme d&#8217;interior sostenible, aut\u00e8ntic i comprom\u00e9s\">[+] <\/a><\/div>\n","protected":false},"author":1,"featured_media":291218,"comment_status":"open","ping_status":"open","sticky":false,"template":"","format":"video","meta":{"footnotes":""},"categories":[11030,11031,11006,11032,11054,10898,11055,10948,10894,10904,11056,11007,10947,10908,10909,11057,10896,11058,11059,11060,11062,11061],"tags":[23810,18105,10910,12388,11709,13837],"class_list":["post-291222","post","type-post","status-publish","format-video","has-post-thumbnail","category-campo-arcis-ca","category-camporrobles-ca","category-canal-vinos","category-caudete-ca","category-chera-ca","category-ventana-ca","category-fuenterrobles-ca","category-infraestructuras-ca","category-la-comarca-ca","category-sin-categorizar-ca","category-las-cuevas-ca","category-ocio-y-cultura-ca","category-politica","category-requena-ca","category-requena-utiel-ca","category-san-antonio-ca","category-seccion-ca","category-sinarcas-ca","category-utiel-ca","category-venta-del-moro-ca","category-videos","category-villargordo-del-cabriel-ca","tag-luisfran-lopez-ca","tag-mancomunidad-interior-tierra-del-vino-ca","tag-requena-utiel-ca","tag-tierra-bobal-ca","tag-venta-del-moro-ca","tag-villargordo-del-cabriel-ca","post_format-post-format-video"],"_links":{"self":[{"href":"https:\/\/tucomarca.whitekongsoftware.com\/ca\/wp-json\/wp\/v2\/posts\/291222","targetHints":{"allow":["GET"]}}],"collection":[{"href":"https:\/\/tucomarca.whitekongsoftware.com\/ca\/wp-json\/wp\/v2\/posts"}],"about":[{"href":"https:\/\/tucomarca.whitekongsoftware.com\/ca\/wp-json\/wp\/v2\/types\/post"}],"author":[{"embeddable":true,"href":"https:\/\/tucomarca.whitekongsoftware.com\/ca\/wp-json\/wp\/v2\/users\/1"}],"replies":[{"embeddable":true,"href":"https:\/\/tucomarca.whitekongsoftware.com\/ca\/wp-json\/wp\/v2\/comments?post=291222"}],"version-history":[{"count":0,"href":"https:\/\/tucomarca.whitekongsoftware.com\/ca\/wp-json\/wp\/v2\/posts\/291222\/revisions"}],"wp:featuredmedia":[{"embeddable":true,"href":"https:\/\/tucomarca.whitekongsoftware.com\/ca\/wp-json\/wp\/v2\/media\/291218"}],"wp:attachment":[{"href":"https:\/\/tucomarca.whitekongsoftware.com\/ca\/wp-json\/wp\/v2\/media?parent=291222"}],"wp:term":[{"taxonomy":"category","embeddable":true,"href":"https:\/\/tucomarca.whitekongsoftware.com\/ca\/wp-json\/wp\/v2\/categories?post=291222"},{"taxonomy":"post_tag","embeddable":true,"href":"https:\/\/tucomarca.whitekongsoftware.com\/ca\/wp-json\/wp\/v2\/tags?post=291222"}],"curies":[{"name":"wp","href":"https:\/\/api.w.org\/{rel}","templated":true}]}}