{"id":291165,"date":"2026-01-26T09:30:00","date_gmt":"2026-01-26T08:30:00","guid":{"rendered":"https:\/\/www.tucomarca.com\/wordpress\/segunda\/?p=291165"},"modified":"2026-01-26T20:29:15","modified_gmt":"2026-01-26T19:29:15","slug":"la-universitat-politecnica-de-valencia-prepara-un-curs-formatiu-per-al-sector-agroforestal","status":"publish","type":"post","link":"https:\/\/tucomarca.whitekongsoftware.com\/ca\/la-universitat-politecnica-de-valencia-prepara-un-curs-formatiu-per-al-sector-agroforestal\/","title":{"rendered":"La Universitat Polit\u00e8cnica de Val\u00e8ncia prepara un curs formatiu per al sector agroforestal"},"content":{"rendered":"\n<h3 class=\"wp-block-heading\">Es tracta d\u2019una formaci\u00f3, amb una duraci\u00f3 total de 30 hores, que es desenvolupar\u00e0 entre el 18 de febrer i el 19 de maig de 2026 en format en l\u00ednia telepresencial, amb sessions en directe.<\/h3>\n\n\n\n<p class=\"wp-block-paragraph\">La Mancomunidad del Interior Tierra del Vino es fa ress\u00f2, a trav\u00e9s del Programa d\u2019Ocupaci\u00f3 i Formaci\u00f3 Adapt@+t, de la primera edici\u00f3 del curs en l\u00ednia <strong>\u201cDesenvolupament de nous models de negoci agroforestals\u201d<\/strong>, impulsat per la <strong>Universitat Polit\u00e8cnica de Val\u00e8ncia (UPV)<\/strong>, per considerar-lo d\u2019especial inter\u00e9s per al teixit productiu i empresarial de la comarca.<\/p>\n\n\n\n<p class=\"wp-block-paragraph\">Esta formaci\u00f3, amb una duraci\u00f3 total de 30 hores, es desenvolupar\u00e0 entre el 18 de febrer i el 19 de maig de 2026 en format en l\u00ednia telepresencial, amb sessions en directe a trav\u00e9s de la plataforma <strong>Teams<\/strong>. El curs contempla 14 sessions de dues hores, impartides els dimarts de vesprada i dijous alterns, i finalitzar\u00e0 amb una jornada de cloenda presencial de 4 hores, la seu de la qual es consensuar\u00e0 amb l\u2019alumnat.<\/p>\n\n\n\n<p class=\"wp-block-paragraph\">El curs est\u00e0 orientat a millorar la gesti\u00f3 empresarial i fomentar l\u2019emprenedoria en el sector primari, especialment entre persones que ja disposen d\u2019una empresa o explotaci\u00f3 agroforestal i desitgen avan\u00e7ar en la seua professionalitzaci\u00f3. Entre els seus objectius es troben aportar eines per a afegir valor a la producci\u00f3, millorar la comercialitzaci\u00f3, con\u00e9ixer els costos reals i refor\u00e7ar la viabilitat econ\u00f2mica de les explotacions.<\/p>\n\n\n\n<p class=\"wp-block-paragraph\">La formaci\u00f3 s\u2019estructura en quatre m\u00f2duls que aborden des dels reptes actuals del sector agroforestal fins a la gesti\u00f3 econ\u00f2mica i els models de negoci, passant per experi\u00e8ncies reals i estrat\u00e8gies de diferenciaci\u00f3 en el mercat.<\/p>\n\n\n\n<p class=\"wp-block-paragraph\">El professorat est\u00e0 format per professionals de reconegut prestigi, com <strong>Juan Jos\u00e9 Lliso<\/strong> (Conselleria d\u2019Agricultura, Aigua, Ramaderia i Pesca) i <strong>Inmaculada Marqu\u00e9s<\/strong> i <strong>M\u00aa \u00c1ngeles Fern\u00e1ndez-Zamudio<\/strong>, del Departament d\u2019Economia i Ci\u00e8ncies Socials de la UPV.<\/p>\n\n\n\n<p class=\"wp-block-paragraph\">Es tracta d\u2019una microcredencial, una modalitat formativa impulsada per la <strong>Uni\u00f3 Europea<\/strong> per a millorar l\u2019ocupabilitat i la professionalitzaci\u00f3 dels sectors productius. El curs compta amb una bonificaci\u00f3 del 70 % per a persones d\u2019entre 25 i 64 anys amb nacionalitat espanyola o resid\u00e8ncia a l\u2019Estat espanyol, de manera que el preu final per a este col\u00b7lectiu \u00e9s de <strong>84,60 \u20ac<\/strong>. En finalitzar, l\u2019alumnat obt\u00e9 un certificat oficial de la <strong>Universitat Polit\u00e8cnica de Val\u00e8ncia<\/strong>.<\/p>\n\n\n\n<p class=\"wp-block-paragraph\">La inscripci\u00f3 es realitza a trav\u00e9s del <strong>Centre de Formaci\u00f3 Permanent de la UPV<\/strong>, on es pot consultar tota la informaci\u00f3 detallada en el fullet informatiu del curs i en este enlla\u00e7:<br><a href=\"https:\/\/www.cfp.upv.es\/formacion-permanente\/curso\/desarrollo-nuevos-modelos-negocio-sector-agroforestal_102459.html\">https:\/\/www.cfp.upv.es\/formacion-permanente\/curso\/desarrollo-nuevos-modelos-negocio-sector-agroforestal_102459.html<\/a><\/p>\n\n\n\n<p class=\"wp-block-paragraph\">Des de la <strong>Mancomunidad del Interior Tierra del Vino<\/strong> s\u2019anima les persones interessades de l\u2019\u00e0mbit agroforestal de la comarca a con\u00e9ixer esta iniciativa formativa, que contribu\u00efx a refor\u00e7ar la innovaci\u00f3, la sostenibilitat i la competitivitat del sector.<\/p>\n","protected":false},"excerpt":{"rendered":"<div class=\"mh-excerpt\">Es tracta d\u2019una formaci\u00f3, amb una duraci\u00f3 total de 30 hores, que es desenvolupar\u00e0 entre el 18 de febrer i el 19 de maig de 2026 en format en l\u00ednia telepresencial, amb sessions en directe. <a class=\"mh-excerpt-more\" href=\"https:\/\/tucomarca.whitekongsoftware.com\/ca\/la-universitat-politecnica-de-valencia-prepara-un-curs-formatiu-per-al-sector-agroforestal\/\" title=\"La Universitat Polit\u00e8cnica de Val\u00e8ncia prepara un curs formatiu per al sector agroforestal\">[+] <\/a><\/div>\n","protected":false},"author":12,"featured_media":291164,"comment_status":"open","ping_status":"open","sticky":false,"template":"","format":"standard","meta":{"footnotes":""},"categories":[11019,10905,11031,11032,11054,11055,10948,10894,10904,10903,10947,10908,10909,10896,11058,11059,11060,11061],"tags":[12387,10910,23802,12693],"class_list":["post-291165","post","type-post","status-publish","format-standard","has-post-thumbnail","category-agenda-ca","category-agricultura-la-comarca-ca","category-camporrobles-ca","category-caudete-ca","category-chera-ca","category-fuenterrobles-ca","category-infraestructuras-ca","category-la-comarca-ca","category-sin-categorizar-ca","category-medio-ambiente-la-comarca-ca","category-politica","category-requena-ca","category-requena-utiel-ca","category-seccion-ca","category-sinarcas-ca","category-utiel-ca","category-venta-del-moro-ca","category-villargordo-del-cabriel-ca","tag-mancomunidad-del-interior-tierra-del-vino-ca","tag-requena-utiel-ca","tag-sector-agroforestal-ca","tag-upv-ca"],"_links":{"self":[{"href":"https:\/\/tucomarca.whitekongsoftware.com\/ca\/wp-json\/wp\/v2\/posts\/291165","targetHints":{"allow":["GET"]}}],"collection":[{"href":"https:\/\/tucomarca.whitekongsoftware.com\/ca\/wp-json\/wp\/v2\/posts"}],"about":[{"href":"https:\/\/tucomarca.whitekongsoftware.com\/ca\/wp-json\/wp\/v2\/types\/post"}],"author":[{"embeddable":true,"href":"https:\/\/tucomarca.whitekongsoftware.com\/ca\/wp-json\/wp\/v2\/users\/12"}],"replies":[{"embeddable":true,"href":"https:\/\/tucomarca.whitekongsoftware.com\/ca\/wp-json\/wp\/v2\/comments?post=291165"}],"version-history":[{"count":0,"href":"https:\/\/tucomarca.whitekongsoftware.com\/ca\/wp-json\/wp\/v2\/posts\/291165\/revisions"}],"wp:featuredmedia":[{"embeddable":true,"href":"https:\/\/tucomarca.whitekongsoftware.com\/ca\/wp-json\/wp\/v2\/media\/291164"}],"wp:attachment":[{"href":"https:\/\/tucomarca.whitekongsoftware.com\/ca\/wp-json\/wp\/v2\/media?parent=291165"}],"wp:term":[{"taxonomy":"category","embeddable":true,"href":"https:\/\/tucomarca.whitekongsoftware.com\/ca\/wp-json\/wp\/v2\/categories?post=291165"},{"taxonomy":"post_tag","embeddable":true,"href":"https:\/\/tucomarca.whitekongsoftware.com\/ca\/wp-json\/wp\/v2\/tags?post=291165"}],"curies":[{"name":"wp","href":"https:\/\/api.w.org\/{rel}","templated":true}]}}