{"id":291135,"date":"2026-01-26T00:05:00","date_gmt":"2026-01-25T23:05:00","guid":{"rendered":"https:\/\/www.tucomarca.com\/wordpress\/segunda\/?p=291135"},"modified":"2026-01-26T11:40:47","modified_gmt":"2026-01-26T10:40:47","slug":"mangel-dona-la-victoria-al-cd-bunyol-1-0-en-el-derbi-intercomarcal-davant-el-cd-utiel-en-un-partit-decidit-en-els-minuts-finals","status":"publish","type":"post","link":"https:\/\/tucomarca.whitekongsoftware.com\/ca\/mangel-dona-la-victoria-al-cd-bunyol-1-0-en-el-derbi-intercomarcal-davant-el-cd-utiel-en-un-partit-decidit-en-els-minuts-finals\/","title":{"rendered":"Mangel dona la vict\u00f2ria al CD Bunyol (1-0) en el derbi intercomarcal davant el CD Utiel en un partit decidit en els minuts finals"},"content":{"rendered":"\n<p class=\"wp-block-paragraph\">El CD Bunyol ha aconseguit una valuosa vict\u00f2ria aquest cap de setmana en el derbi intercomarcal que s&#8217;ha jugat en el vell Beltr\u00e1n B\u00e1guena en imposar-se per 1 gol a 0 al CD Utiel, dos vells coneguts entre els quals sempre hi ha hagut una sana rivalitat, i que han disputat una trobada que es va decidir en els minuts finals gr\u00e0cies a l&#8217;encert i la const\u00e0ncia del conjunt local.<\/p>\n\n\n\n<p class=\"wp-block-paragraph\">El partit va arrancar amb intensitat i prompte van arribar les primeres ocasions. En el minut 32, Mangel va protagonitzar una clara oportunitat de gol que va avisar de les intencions dels locals de no deixar escapar els tres punts a casa, encara que el marcador es va mantindre inalterat al descans.<\/p>\n\n\n\n<p class=\"wp-block-paragraph\">Despr\u00e9s del pas per vestuaris, el CD Utiel va disposar d&#8217;una ocasi\u00f3 clau per a avan\u00e7ar-se, per\u00f2 en el minut 67 el portera Coronat es va erigir en heroi en detindre un penal i mantindre l&#8217;empat, donant oxigen i confian\u00e7a al seu equip.<\/p>\n\n\n\n<p class=\"wp-block-paragraph\">Quan la trobada semblava abocat a resoldre&#8217;s per la m\u00ednima o al repartiment de punts, va apar\u00e9ixer de nou Mangel. En el minut 86, el davanter va signar el punt de la vict\u00f2ria, deslligant l&#8217;alegria en la graderia i culminant l&#8217;esfor\u00e7 col\u00b7lectiu del CD Bunyol.<\/p>\n\n\n\n<p class=\"wp-block-paragraph\">Amb aquest triomf, el conjunt bu\u00f1olense suma tres punts importants en el seu feu que refor\u00e7a la seua imatge d&#8217;equip competitiu i s\u00f2lid davant la seua afici\u00f3. La vict\u00f2ria li permet a m\u00e9s afermar-se en el lloc sis\u00e9 de la classificaci\u00f3 del Grup Sis\u00e9 de la Tercera RFEF gr\u00e0cies als seus 30 punts, els mateixos que el seu antecessor en la taula, l&#8217;Atl\u00e8tic Club Torrellano; i a un del quart, el Vila-real CF &#8216;C&#8217;. Aquest \u00faltim equip a quatre llocs del lideratge, que ocupa el Llevant UD &#8216;B&#8217; gr\u00e0cies als seus 38 punts.<\/p>\n","protected":false},"excerpt":{"rendered":"<div class=\"mh-excerpt\">El CD Bunyol ha aconseguit una valuosa vict\u00f2ria aquest cap de setmana en el derbi intercomarcal que s&#8217;ha jugat en el vell Beltr\u00e1n B\u00e1guena en imposar-se per 1 gol a 0 al CD Utiel, dos <a class=\"mh-excerpt-more\" href=\"https:\/\/tucomarca.whitekongsoftware.com\/ca\/mangel-dona-la-victoria-al-cd-bunyol-1-0-en-el-derbi-intercomarcal-davant-el-cd-utiel-en-un-partit-decidit-en-els-minuts-finals\/\" title=\"Mangel dona la vict\u00f2ria al CD Bunyol (1-0) en el derbi intercomarcal davant el CD Utiel en un partit decidit en els minuts finals\">[+] <\/a><\/div>\n","protected":false},"author":12,"featured_media":291132,"comment_status":"open","ping_status":"open","sticky":false,"template":"","format":"standard","meta":{"footnotes":""},"categories":[10911,11015,11003,10894,10912,10909,10896,11059],"tags":[11126,14970,10914,10910],"class_list":["post-291135","post","type-post","status-publish","format-standard","has-post-thumbnail","category-bunol-ca","category-canal-futbol","category-sports","category-la-comarca-ca","category-la-hoya-ca","category-requena-utiel-ca","category-seccion-ca","category-utiel-ca","tag-cd-bunol-ca","tag-cd-utiel-ca","tag-la-hoya-de-bunol-chiva-ca","tag-requena-utiel-ca"],"_links":{"self":[{"href":"https:\/\/tucomarca.whitekongsoftware.com\/ca\/wp-json\/wp\/v2\/posts\/291135","targetHints":{"allow":["GET"]}}],"collection":[{"href":"https:\/\/tucomarca.whitekongsoftware.com\/ca\/wp-json\/wp\/v2\/posts"}],"about":[{"href":"https:\/\/tucomarca.whitekongsoftware.com\/ca\/wp-json\/wp\/v2\/types\/post"}],"author":[{"embeddable":true,"href":"https:\/\/tucomarca.whitekongsoftware.com\/ca\/wp-json\/wp\/v2\/users\/12"}],"replies":[{"embeddable":true,"href":"https:\/\/tucomarca.whitekongsoftware.com\/ca\/wp-json\/wp\/v2\/comments?post=291135"}],"version-history":[{"count":0,"href":"https:\/\/tucomarca.whitekongsoftware.com\/ca\/wp-json\/wp\/v2\/posts\/291135\/revisions"}],"wp:featuredmedia":[{"embeddable":true,"href":"https:\/\/tucomarca.whitekongsoftware.com\/ca\/wp-json\/wp\/v2\/media\/291132"}],"wp:attachment":[{"href":"https:\/\/tucomarca.whitekongsoftware.com\/ca\/wp-json\/wp\/v2\/media?parent=291135"}],"wp:term":[{"taxonomy":"category","embeddable":true,"href":"https:\/\/tucomarca.whitekongsoftware.com\/ca\/wp-json\/wp\/v2\/categories?post=291135"},{"taxonomy":"post_tag","embeddable":true,"href":"https:\/\/tucomarca.whitekongsoftware.com\/ca\/wp-json\/wp\/v2\/tags?post=291135"}],"curies":[{"name":"wp","href":"https:\/\/api.w.org\/{rel}","templated":true}]}}