{"id":291105,"date":"2026-01-31T12:15:00","date_gmt":"2026-01-31T11:15:00","guid":{"rendered":"https:\/\/www.tucomarca.com\/wordpress\/segunda\/?p=291105"},"modified":"2026-01-31T19:35:10","modified_gmt":"2026-01-31T18:35:10","slug":"la-comunitat-valenciana-deixa-de-cultivar-3-548-hectarees-en-2025-i-bat-el-record-historic-de-180-000-hectarees-abandonades-gegons-ava-asaja","status":"publish","type":"post","link":"https:\/\/tucomarca.whitekongsoftware.com\/ca\/la-comunitat-valenciana-deixa-de-cultivar-3-548-hectarees-en-2025-i-bat-el-record-historic-de-180-000-hectarees-abandonades-gegons-ava-asaja\/","title":{"rendered":"La Comunitat Valenciana deixa de cultivar 3.548 hect\u00e0rees en 2025 i bat el r\u00e8cord hist\u00f2ric de 180.000 hect\u00e0rees abandonades segons AVA-Asaja"},"content":{"rendered":"\n<h3 class=\"wp-block-heading\">AVA-Asaja constata amb dades oficials que l&#8217;agricultura valenciana va perdre el 2% de la seua superf\u00edcie agr\u00e0ria i encap\u00e7ala amb major difer\u00e8ncia el r\u00e0nquing espanyol.<\/h3>\n\n\n\n<p class=\"wp-block-paragraph\">Un estudi elaborat per l&#8217;Associaci\u00f3 Valenciana d&#8217;Agricultors (AVA-Asaja), a partir de l&#8217;enquesta Esyrce del Ministeri d&#8217;Agricultura, revela que la Comunitat Valenciana va deixar de cultivar 3.548 hect\u00e0rees en 2025 -el que implica un retroc\u00e9s interanual del 2,01%- i va batre el r\u00e8cord hist\u00f2ric de terres abandonades amb 179.994 hect\u00e0rees de cultiu. AVA-Asaja atribueix aquest fet a la sostinguda crisi de rendibilitat en la majoria de les produccions agr\u00e0ries i als devastadors efectes de la DANA, que va arrasar parcel\u00b7les situades al costat de llits desbordats, per la qual cosa reclama a les administracions un canvi de rumb de les pol\u00edtiques agr\u00e0ries.<\/p>\n\n\n\n<p class=\"wp-block-paragraph\">Mentre la Comunitat Valenciana va perdre superf\u00edcie agr\u00e0ria, el conjunt d&#8217;Espanya va recuperar 1.257 hect\u00e0rees de cultiu -un 0,12% m\u00e9s respecte a l&#8217;any anterior- i va reduir les terres deixades de cultivar a 1.029.278 hect\u00e0rees. La valenciana ja representa el 17,5% de la superf\u00edcie abandonada en tot el pa\u00eds i encap\u00e7ala el r\u00e0nquing nacional, encara amb major difer\u00e8ncia, per davant d&#8217;altres comunitats amb m\u00e9s extensi\u00f3 com Castella-la Manxa (153.698 hect\u00e0rees deixades de cultivar), Andalusia (130.515 hect\u00e0rees), Castella i Lle\u00f3 (116.222 hect\u00e0rees) i Arag\u00f3 (116.057 hect\u00e0rees).<\/p>\n\n\n\n<p class=\"wp-block-paragraph\">El cultiu que al llarg de 2025 va acumular m\u00e9s superf\u00edcie abandonada va tornar a ser els c\u00edtrics: 2.762 hect\u00e0rees deixades de cultivar, de les quals 998 hect\u00e0rees van correspondre a mandarines i 722 hect\u00e0rees a taronges. Els c\u00edtrics en regadiu (aquells que es mantenen en producci\u00f3) van descendir de 140.507 a 137.745 hect\u00e0rees, un 1,96% menys respecte a 2024 i un 15% menys en l&#8217;\u00faltima d\u00e8cada. Altres produccions que van experimentar una disminuci\u00f3 de la seua superf\u00edcie cultivada s\u00f3n l&#8217;ametler (-2,6% interanual despr\u00e9s de perdre 2.349 hect\u00e0rees), la vinya (-0,9% en abandonar-se 599 hect\u00e0rees), les fruites de pinyol (-4% amb 446 hect\u00e0rees menys) i el caqui (-1% en retrocedir 167 hect\u00e0rees m\u00e9s).<\/p>\n\n\n\n<p class=\"wp-block-paragraph\">Per contra, van augmentar la seua superf\u00edcie cultivada l&#8217;olivar (+1,4% en cr\u00e9ixer en 1.360 hect\u00e0rees) o les hortalisses i flors (+9,5% amb una al\u00e7a de 1.704 hect\u00e0rees). Entre les alternatives de cultiu, l&#8217;alvocat s&#8217;aferma com la principal aposta en el camp valenci\u00e0 en plantar-se 217 hect\u00e0rees en 2025, augmentar un 5,4% i arribar a les 4.211 hect\u00e0rees de cultiu. No obstant aix\u00f2, el kiwi va decr\u00e9ixer per primera vegada, un 3% interanual, i s&#8217;estanca en 625 hect\u00e0rees.<\/p>\n\n\n\n<p class=\"wp-block-paragraph\">\u201cLa taca marr\u00f3 dels camps abandonats no enganya\u201d, va alertar Crist\u00f3bal Aguado, president de AVA-ASAJA: \u201cEls agricultors es van del camp perqu\u00e8 no \u00e9s rendible. Els majors aguanten per inclinaci\u00f3 a la terra fins que les forces ho permeten, fins i tot a costa de destinar part de la pensi\u00f3. I els joves no volen entrar en un negoci sacrificat i ru\u00efn\u00f3s, fins i tot hi ha tensions familiars pel manteniment dels camps. Estem entrant en un punt de no retorn, perqu\u00e8 qui es va de l&#8217;agricultura no torna. Les alarmes estan sonant: les xifres fredes de l&#8217;aband\u00f3 s\u00f3n una evid\u00e8ncia irrefutable. O les administracions reverteixen les seues pol\u00edtiques agr\u00e0ries i els seus acords comercials sense reciprocitat, com el de Mercosur, o m\u00e9s prompte del que pensem ens quedarem sense sobirania aliment\u00e0ria, per no parlar de la degradaci\u00f3 mediambiental que comporten els camps abandonats plens de mala herba, plagues, fauna salvatge i que s\u00f3n un polvor\u00ed per als incendis forestals\u201d.<\/p>\n\n\n\n<p class=\"wp-block-paragraph\">Precisament per a reivindicar unes pol\u00edtiques agr\u00e0ries que garantisquen un futur digne per al camp i una autosufici\u00e8ncia aliment\u00e0ria segura i de qualitat, AVA-ASAJA fa una crida a productors i consumidors per a assistir el dijous 29 de gener a la manifestaci\u00f3 del sector agrari a la ciutat de Val\u00e8ncia.<\/p>\n\n\n\n<figure class=\"wp-block-image size-large\"><img loading=\"lazy\" decoding=\"async\" width=\"1024\" height=\"782\" src=\"https:\/\/www.tucomarca.com\/wordpress\/segunda\/wp-content\/uploads\/2026\/01\/AVAabandono-1024x782.jpg\" alt=\"\" class=\"wp-image-291102\" srcset=\"https:\/\/tucomarca.whitekongsoftware.com\/wp-content\/uploads\/2026\/01\/AVAabandono-1024x782.jpg 1024w, https:\/\/tucomarca.whitekongsoftware.com\/wp-content\/uploads\/2026\/01\/AVAabandono-300x229.jpg 300w, https:\/\/tucomarca.whitekongsoftware.com\/wp-content\/uploads\/2026\/01\/AVAabandono-768x587.jpg 768w, https:\/\/tucomarca.whitekongsoftware.com\/wp-content\/uploads\/2026\/01\/AVAabandono-80x60.jpg 80w, https:\/\/tucomarca.whitekongsoftware.com\/wp-content\/uploads\/2026\/01\/AVAabandono.jpg 1181w\" sizes=\"auto, (max-width: 1024px) 100vw, 1024px\" \/><\/figure>\n","protected":false},"excerpt":{"rendered":"<div class=\"mh-excerpt\">AVA-Asaja constata amb dades oficials que l&#8217;agricultura valenciana va perdre el 2% de la seua superf\u00edcie agr\u00e0ria i encap\u00e7ala amb major difer\u00e8ncia el r\u00e0nquing espanyol. Un estudi elaborat per l&#8217;Associaci\u00f3 Valenciana d&#8217;Agricultors (AVA-Asaja), a partir <a class=\"mh-excerpt-more\" href=\"https:\/\/tucomarca.whitekongsoftware.com\/ca\/la-comunitat-valenciana-deixa-de-cultivar-3-548-hectarees-en-2025-i-bat-el-record-historic-de-180-000-hectarees-abandonades-gegons-ava-asaja\/\" title=\"La Comunitat Valenciana deixa de cultivar 3.548 hect\u00e0rees en 2025 i bat el r\u00e8cord hist\u00f2ric de 180.000 hect\u00e0rees abandonades segons AVA-Asaja\">[+] <\/a><\/div>\n","protected":false},"author":12,"featured_media":291101,"comment_status":"open","ping_status":"open","sticky":false,"template":"","format":"standard","meta":{"footnotes":""},"categories":[10905,10898,10948,10894,10904,10903,10947,10896,10897],"tags":[11924,23795],"class_list":["post-291105","post","type-post","status-publish","format-standard","has-post-thumbnail","category-agricultura-la-comarca-ca","category-ventana-ca","category-infraestructuras-ca","category-la-comarca-ca","category-sin-categorizar-ca","category-medio-ambiente-la-comarca-ca","category-politica","category-seccion-ca","category-sucesos-la-comarca-ca","tag-ava-asaja-ca","tag-superficie-agraria-ca"],"_links":{"self":[{"href":"https:\/\/tucomarca.whitekongsoftware.com\/ca\/wp-json\/wp\/v2\/posts\/291105","targetHints":{"allow":["GET"]}}],"collection":[{"href":"https:\/\/tucomarca.whitekongsoftware.com\/ca\/wp-json\/wp\/v2\/posts"}],"about":[{"href":"https:\/\/tucomarca.whitekongsoftware.com\/ca\/wp-json\/wp\/v2\/types\/post"}],"author":[{"embeddable":true,"href":"https:\/\/tucomarca.whitekongsoftware.com\/ca\/wp-json\/wp\/v2\/users\/12"}],"replies":[{"embeddable":true,"href":"https:\/\/tucomarca.whitekongsoftware.com\/ca\/wp-json\/wp\/v2\/comments?post=291105"}],"version-history":[{"count":0,"href":"https:\/\/tucomarca.whitekongsoftware.com\/ca\/wp-json\/wp\/v2\/posts\/291105\/revisions"}],"wp:featuredmedia":[{"embeddable":true,"href":"https:\/\/tucomarca.whitekongsoftware.com\/ca\/wp-json\/wp\/v2\/media\/291101"}],"wp:attachment":[{"href":"https:\/\/tucomarca.whitekongsoftware.com\/ca\/wp-json\/wp\/v2\/media?parent=291105"}],"wp:term":[{"taxonomy":"category","embeddable":true,"href":"https:\/\/tucomarca.whitekongsoftware.com\/ca\/wp-json\/wp\/v2\/categories?post=291105"},{"taxonomy":"post_tag","embeddable":true,"href":"https:\/\/tucomarca.whitekongsoftware.com\/ca\/wp-json\/wp\/v2\/tags?post=291105"}],"curies":[{"name":"wp","href":"https:\/\/api.w.org\/{rel}","templated":true}]}}