{"id":290890,"date":"2026-01-21T12:00:00","date_gmt":"2026-01-21T11:00:00","guid":{"rendered":"https:\/\/www.tucomarca.com\/wordpress\/segunda\/?p=290890"},"modified":"2026-03-11T23:47:26","modified_gmt":"2026-03-11T22:47:26","slug":"perez-llorca-anuncia-una-inversio-extraordinaria-de-10-milions-deuros-per-a-promocionar-la-comunitat-valenciana-en-el-mercat-internacional","status":"publish","type":"post","link":"https:\/\/tucomarca.whitekongsoftware.com\/ca\/perez-llorca-anuncia-una-inversio-extraordinaria-de-10-milions-deuros-per-a-promocionar-la-comunitat-valenciana-en-el-mercat-internacional\/","title":{"rendered":"P\u00e9rez Llorca anuncia una inversi\u00f3 extraordin\u00e0ria de 10 milions d\u2019euros per a promocionar la Comunitat Valenciana en el mercat internacional"},"content":{"rendered":"\n<h3 class=\"wp-block-heading\">S\u2019arribar\u00e0 als 19 milions d\u2019euros en conjunt destinats a iniciatives com ara noves rutes internacionals i campanyes d\u2019impuls d\u2019imatge.<\/h3>\n\n\n\n<h3 class=\"wp-block-heading\">Assenyala que es tracta de la major inversi\u00f3 en publicitat posada en marxa per la Generalitat en la hist\u00f2ria \u201cper a continuar donant a con\u00e9ixer la nostra terra en tots els racons del m\u00f3n\u201d.<\/h3>\n\n\n\n<h3 class=\"wp-block-heading\">Anuncia altres tres noves iniciatives perqu\u00e8 el turisme de la Comunitat Valenciana continue sent sin\u00f2nim d\u2019excel\u00b7l\u00e8ncia i qualitat.<\/h3>\n\n\n\n<figure class=\"wp-block-gallery has-nested-images columns-default is-cropped wp-block-gallery-1 is-layout-flex wp-block-gallery-is-layout-flex\">\n<figure class=\"wp-block-image size-large\"><img loading=\"lazy\" decoding=\"async\" width=\"1024\" height=\"683\" data-id=\"290876\" src=\"https:\/\/www.tucomarca.com\/wordpress\/segunda\/wp-content\/uploads\/2026\/01\/Fitur2026B-1024x683.jpeg\" alt=\"\" class=\"wp-image-290876\" srcset=\"https:\/\/tucomarca.whitekongsoftware.com\/wp-content\/uploads\/2026\/01\/Fitur2026B-1024x683.jpeg 1024w, https:\/\/tucomarca.whitekongsoftware.com\/wp-content\/uploads\/2026\/01\/Fitur2026B-300x200.jpeg 300w, https:\/\/tucomarca.whitekongsoftware.com\/wp-content\/uploads\/2026\/01\/Fitur2026B-768x512.jpeg 768w, https:\/\/tucomarca.whitekongsoftware.com\/wp-content\/uploads\/2026\/01\/Fitur2026B-1536x1024.jpeg 1536w, https:\/\/tucomarca.whitekongsoftware.com\/wp-content\/uploads\/2026\/01\/Fitur2026B-2048x1365.jpeg 2048w\" sizes=\"auto, (max-width: 1024px) 100vw, 1024px\" \/><\/figure>\n\n\n\n<figure class=\"wp-block-image size-large\"><img loading=\"lazy\" decoding=\"async\" width=\"1024\" height=\"683\" data-id=\"290874\" src=\"https:\/\/www.tucomarca.com\/wordpress\/segunda\/wp-content\/uploads\/2026\/01\/Fitur2026A-1024x683.jpeg\" alt=\"\" class=\"wp-image-290874\" srcset=\"https:\/\/tucomarca.whitekongsoftware.com\/wp-content\/uploads\/2026\/01\/Fitur2026A-1024x683.jpeg 1024w, https:\/\/tucomarca.whitekongsoftware.com\/wp-content\/uploads\/2026\/01\/Fitur2026A-300x200.jpeg 300w, https:\/\/tucomarca.whitekongsoftware.com\/wp-content\/uploads\/2026\/01\/Fitur2026A-768x512.jpeg 768w, https:\/\/tucomarca.whitekongsoftware.com\/wp-content\/uploads\/2026\/01\/Fitur2026A-1536x1024.jpeg 1536w, https:\/\/tucomarca.whitekongsoftware.com\/wp-content\/uploads\/2026\/01\/Fitur2026A-2048x1365.jpeg 2048w\" sizes=\"auto, (max-width: 1024px) 100vw, 1024px\" \/><\/figure>\n<\/figure>\n\n\n\n<p class=\"wp-block-paragraph\">El president de la Generalitat, Juanfran P\u00e9rez Llorca, ha anunciat una inversi\u00f3 extraordin\u00e0ria de 10 milions d\u2019euros addicionals al pla de mitjans anual, que ascendir\u00e0 en conjunt als 19 milions d\u2019euros, per a promocionar la Comunitat Valenciana en el mercat nacional i internacional.<\/p>\n\n\n\n<p class=\"wp-block-paragraph\">Aix\u00ed ho ha manifestat durant la presentaci\u00f3 del Dia de la Comunitat Valenciana en la 46a edici\u00f3 de la Fira Internacional de Turisme a la qual han assistit diferents membres del Consell, el president de la Diputaci\u00f3 de Val\u00e8ncia, Vicent Momp\u00f3; el president de la Diputaci\u00f3 d\u2019Alacant, Toni P\u00e9rez; la presidenta de la Diputaci\u00f3 de Castell\u00f3, Marta Barrachina; la presidenta de l\u2019FVMP, Paqui Bartual i els alcaldes de diverses localitats del nostre territori.<\/p>\n\n\n\n<p class=\"wp-block-paragraph\">El cap del Consell ha assenyalat que es tracta de la major campanya de publicitat posada en marxa per la Generalitat en la hist\u00f2ria per a \u201ccontinuar donant a con\u00e9ixer la nostra terra en tots els racons del m\u00f3n\u201d.<\/p>\n\n\n\n<p class=\"wp-block-paragraph\">Aix\u00ed, ha destacat que \u201cac\u00ed s\u2019arriba atret per les nostres platges, zones d\u2019interior, ciutats, gastronomia, cultura i patrimoni per\u00f2 es torna per la manera mediterr\u00e0nia de vore i compartir la vida en una terra que s\u2019oferix, per aix\u00f2 no solament es visita, sin\u00f3 que es viu\u201d.<\/p>\n\n\n\n<figure class=\"wp-block-image size-large\"><img loading=\"lazy\" decoding=\"async\" width=\"1024\" height=\"683\" src=\"https:\/\/www.tucomarca.com\/wordpress\/segunda\/wp-content\/uploads\/2026\/01\/Fitur2026C-1024x683.jpeg\" alt=\"\" class=\"wp-image-290878\" srcset=\"https:\/\/tucomarca.whitekongsoftware.com\/wp-content\/uploads\/2026\/01\/Fitur2026C-1024x683.jpeg 1024w, https:\/\/tucomarca.whitekongsoftware.com\/wp-content\/uploads\/2026\/01\/Fitur2026C-300x200.jpeg 300w, https:\/\/tucomarca.whitekongsoftware.com\/wp-content\/uploads\/2026\/01\/Fitur2026C-768x512.jpeg 768w, https:\/\/tucomarca.whitekongsoftware.com\/wp-content\/uploads\/2026\/01\/Fitur2026C-1536x1024.jpeg 1536w, https:\/\/tucomarca.whitekongsoftware.com\/wp-content\/uploads\/2026\/01\/Fitur2026C-2048x1365.jpeg 2048w\" sizes=\"auto, (max-width: 1024px) 100vw, 1024px\" \/><\/figure>\n\n\n\n<p class=\"wp-block-paragraph\"><\/p>\n\n\n\n<p class=\"wp-block-paragraph\"><strong>Tres iniciatives m\u00e9s perqu\u00e8 el nostre turisme continue sent sin\u00f2nim de qualitat i excel\u00b7l\u00e8ncia<\/strong><\/p>\n\n\n\n<p class=\"wp-block-paragraph\">El cap del Consell ha assenyalat que, des de la Generalitat, \u201cvolem que el nostre turisme continue sent sin\u00f2nim de qualitat i excel\u00b7l\u00e8ncia\u201d per la qual cosa ha avan\u00e7at tres mesures addicionals a l\u2019augment pressupostari i que \u201cse sumaran al treball que estem realitzant\u201d.<\/p>\n\n\n\n<p class=\"wp-block-paragraph\">La primera iniciativa ser\u00e0 la creaci\u00f3 de la Mesa de Connectivitat Tur\u00edstica de la Comunitat Valenciana que, tal com ha traslladat Llorca, \u201ces tractar\u00e0 d\u2019un f\u00f2rum liderat per la Conselleria de Turisme i que ens permetr\u00e0 obrir noves vies d\u2019arribada al nostre territori, aprofitant els nostres tres aeroports i prestant especial atenci\u00f3 a mercats estrat\u00e8gics com els Estats Units i \u00c0sia\u201d.<\/p>\n\n\n\n<p class=\"wp-block-paragraph\">La segona mesura consistir\u00e0 a activar un pla especial de millora i modernitzaci\u00f3 de platges que consistir\u00e0 a millorar accessos, mobiliari, senyal\u00edstica, sostenibilitat ambiental i qualitat dels servicis perqu\u00e8, tal com ha assenyalat Llorca, \u201cel principal monument que t\u00e9 la nostra terra, que \u00e9s la costa, reflectisca l\u2019excel\u00b7l\u00e8ncia mediterr\u00e0nia\u201d.<\/p>\n\n\n\n<p class=\"wp-block-paragraph\">Al respecte, ha reclamat al Govern d\u2019Espanya la seua implicaci\u00f3 en esta problem\u00e0tica en refer\u00e8ncia a les obres pendents de regeneraci\u00f3 de les platges que acumulen anys de retard. De la mateixa manera, ha destacat el paper de la nova Llei de costes valenciana que busca protegir nuclis costaners tradicionals i ha criticat que vullga ser portada al Constitucional per part del Govern.<\/p>\n\n\n\n<p class=\"wp-block-paragraph\">Com a tercera proposta, el president ha avan\u00e7at que, ja que el turisme \u00e9s un element que equilibra i vertebra el territori, \u201cdesenrotllarem un programa de m\u00e0rqueting tur\u00edstic per a municipis d\u2019interior perqu\u00e8 la Comunitat Valenciana tamb\u00e9 \u00e9s muntanya i bosc, cultura i naturalesa aix\u00ed com patrimoni i arrels\u201d.<\/p>\n\n\n\n<p class=\"wp-block-paragraph\">Al respecte, este nou programa donar\u00e0 suport a la promoci\u00f3 tur\u00edstica de pobles i comarques de l\u2019interior del nostre territori, amb un objectiu doble: generar oportunitats econ\u00f2miques i fixar poblaci\u00f3.<\/p>\n","protected":false},"excerpt":{"rendered":"<div class=\"mh-excerpt\">S\u2019arribar\u00e0 als 19 milions d\u2019euros en conjunt destinats a iniciatives com ara noves rutes internacionals i campanyes d\u2019impuls d\u2019imatge. Assenyala que es tracta de la major inversi\u00f3 en publicitat posada en marxa per la Generalitat <a class=\"mh-excerpt-more\" href=\"https:\/\/tucomarca.whitekongsoftware.com\/ca\/perez-llorca-anuncia-una-inversio-extraordinaria-de-10-milions-deuros-per-a-promocionar-la-comunitat-valenciana-en-el-mercat-internacional\/\" title=\"P\u00e9rez Llorca anuncia una inversi\u00f3 extraordin\u00e0ria de 10 milions d\u2019euros per a promocionar la Comunitat Valenciana en el mercat internacional\">[+] <\/a><\/div>\n","protected":false},"author":1,"featured_media":290877,"comment_status":"open","ping_status":"open","sticky":false,"template":"","format":"gallery","meta":{"footnotes":""},"categories":[10898,10948,10894,10904,10903,11007,10947,10896],"tags":[11441,23750,23466,11199],"class_list":["post-290890","post","type-post","status-publish","format-gallery","has-post-thumbnail","category-ventana-ca","category-infraestructuras-ca","category-la-comarca-ca","category-sin-categorizar-ca","category-medio-ambiente-la-comarca-ca","category-ocio-y-cultura-ca","category-politica","category-seccion-ca","tag-fitur-ca","tag-fitur-2026-ca","tag-juanfran-perez-llorca-ca","tag-la-comunitat-ca","post_format-post-format-gallery"],"_links":{"self":[{"href":"https:\/\/tucomarca.whitekongsoftware.com\/ca\/wp-json\/wp\/v2\/posts\/290890","targetHints":{"allow":["GET"]}}],"collection":[{"href":"https:\/\/tucomarca.whitekongsoftware.com\/ca\/wp-json\/wp\/v2\/posts"}],"about":[{"href":"https:\/\/tucomarca.whitekongsoftware.com\/ca\/wp-json\/wp\/v2\/types\/post"}],"author":[{"embeddable":true,"href":"https:\/\/tucomarca.whitekongsoftware.com\/ca\/wp-json\/wp\/v2\/users\/1"}],"replies":[{"embeddable":true,"href":"https:\/\/tucomarca.whitekongsoftware.com\/ca\/wp-json\/wp\/v2\/comments?post=290890"}],"version-history":[{"count":0,"href":"https:\/\/tucomarca.whitekongsoftware.com\/ca\/wp-json\/wp\/v2\/posts\/290890\/revisions"}],"wp:featuredmedia":[{"embeddable":true,"href":"https:\/\/tucomarca.whitekongsoftware.com\/ca\/wp-json\/wp\/v2\/media\/290877"}],"wp:attachment":[{"href":"https:\/\/tucomarca.whitekongsoftware.com\/ca\/wp-json\/wp\/v2\/media?parent=290890"}],"wp:term":[{"taxonomy":"category","embeddable":true,"href":"https:\/\/tucomarca.whitekongsoftware.com\/ca\/wp-json\/wp\/v2\/categories?post=290890"},{"taxonomy":"post_tag","embeddable":true,"href":"https:\/\/tucomarca.whitekongsoftware.com\/ca\/wp-json\/wp\/v2\/tags?post=290890"}],"curies":[{"name":"wp","href":"https:\/\/api.w.org\/{rel}","templated":true}]}}