{"id":290597,"date":"2026-01-19T10:00:00","date_gmt":"2026-01-19T09:00:00","guid":{"rendered":"https:\/\/www.tucomarca.com\/wordpress\/segunda\/?p=290597"},"modified":"2026-01-19T21:45:38","modified_gmt":"2026-01-19T20:45:38","slug":"xest-recupera-la-seua-memoria-historica-amb-la-presentacio-del-llibre-vivencies-de-vicente-tarin","status":"publish","type":"post","link":"https:\/\/tucomarca.whitekongsoftware.com\/ca\/xest-recupera-la-seua-memoria-historica-amb-la-presentacio-del-llibre-vivencies-de-vicente-tarin\/","title":{"rendered":"Xest recupera la seua mem\u00f2ria hist\u00f2rica amb la presentaci\u00f3 del llibre &#8220;Viv\u00e8ncies&#8221; de Vicente Tar\u00edn"},"content":{"rendered":"\n<h3 class=\"wp-block-heading\">El llibre, que rescata el testimoniatge de la repressi\u00f3 i la lluita per les llibertats, es troba ja disponible de manera gratu\u00efta en la TouristInfo.<\/h3>\n\n\n\n<h3 class=\"wp-block-heading\">Durant l&#8217;acte es va presentar la web https:\/\/cheste.memoriadeunpueblo.com, un &#8220;arxiu din\u00e0mic de mem\u00f2ria hist\u00f2rica i social\u201d.<\/h3>\n\n\n\n<p class=\"wp-block-paragraph\">El Sal\u00f3 de Plens de l&#8217;Ajuntament de Xest va acollir dissabte passat la presentaci\u00f3 del llibre &#8220;Viv\u00e8ncies&#8221;, una obra que arreplega les mem\u00f2ries de Vicente Tar\u00edn Tar\u00edn&nbsp;una narraci\u00f3&nbsp; sobre la Dictadura de Primo de Rivera &nbsp;la Segona Rep\u00fablica, la Guerra Civil i el repressi\u00f3 franquista en la localitat. L&#8217;acte va ser condu\u00eft per la tinenta d&#8217;alcalde i regidora de Cultura, M\u00aa \u00c1ngeles Llorente, i va comptar amb la participaci\u00f3 de l&#8217;historiador Jos\u00e9 Vicente Castillo, el documentalista Gabriel Herraiz i el fot\u00f2graf H\u00e9ctor Murgui.<\/p>\n\n\n\n<figure class=\"wp-block-gallery has-nested-images columns-2 is-cropped wp-block-gallery-1 is-layout-flex wp-block-gallery-is-layout-flex\">\n<figure class=\"wp-block-image size-large\"><img loading=\"lazy\" decoding=\"async\" width=\"1024\" height=\"683\" data-id=\"290589\" src=\"https:\/\/www.tucomarca.com\/wordpress\/segunda\/wp-content\/uploads\/2026\/01\/prese_vivencias_03-1024x683.jpg\" alt=\"\" class=\"wp-image-290589\" srcset=\"https:\/\/tucomarca.whitekongsoftware.com\/wp-content\/uploads\/2026\/01\/prese_vivencias_03-1024x683.jpg 1024w, https:\/\/tucomarca.whitekongsoftware.com\/wp-content\/uploads\/2026\/01\/prese_vivencias_03-300x200.jpg 300w, https:\/\/tucomarca.whitekongsoftware.com\/wp-content\/uploads\/2026\/01\/prese_vivencias_03-768x512.jpg 768w, https:\/\/tucomarca.whitekongsoftware.com\/wp-content\/uploads\/2026\/01\/prese_vivencias_03-1536x1024.jpg 1536w, https:\/\/tucomarca.whitekongsoftware.com\/wp-content\/uploads\/2026\/01\/prese_vivencias_03-2048x1365.jpg 2048w\" sizes=\"auto, (max-width: 1024px) 100vw, 1024px\" \/><\/figure>\n\n\n\n<figure class=\"wp-block-image size-large\"><img loading=\"lazy\" decoding=\"async\" width=\"1024\" height=\"683\" data-id=\"290587\" src=\"https:\/\/www.tucomarca.com\/wordpress\/segunda\/wp-content\/uploads\/2026\/01\/prese_vivencias_02-1024x683.jpg\" alt=\"\" class=\"wp-image-290587\" srcset=\"https:\/\/tucomarca.whitekongsoftware.com\/wp-content\/uploads\/2026\/01\/prese_vivencias_02-1024x683.jpg 1024w, https:\/\/tucomarca.whitekongsoftware.com\/wp-content\/uploads\/2026\/01\/prese_vivencias_02-300x200.jpg 300w, https:\/\/tucomarca.whitekongsoftware.com\/wp-content\/uploads\/2026\/01\/prese_vivencias_02-768x512.jpg 768w, https:\/\/tucomarca.whitekongsoftware.com\/wp-content\/uploads\/2026\/01\/prese_vivencias_02-1536x1024.jpg 1536w, https:\/\/tucomarca.whitekongsoftware.com\/wp-content\/uploads\/2026\/01\/prese_vivencias_02-2048x1365.jpg 2048w\" sizes=\"auto, (max-width: 1024px) 100vw, 1024px\" \/><\/figure>\n\n\n\n<figure class=\"wp-block-image size-large\"><img loading=\"lazy\" decoding=\"async\" width=\"1024\" height=\"683\" data-id=\"290593\" src=\"https:\/\/www.tucomarca.com\/wordpress\/segunda\/wp-content\/uploads\/2026\/01\/prese_vivencias_01-1024x683.jpg\" alt=\"\" class=\"wp-image-290593\" srcset=\"https:\/\/tucomarca.whitekongsoftware.com\/wp-content\/uploads\/2026\/01\/prese_vivencias_01-1024x683.jpg 1024w, https:\/\/tucomarca.whitekongsoftware.com\/wp-content\/uploads\/2026\/01\/prese_vivencias_01-300x200.jpg 300w, https:\/\/tucomarca.whitekongsoftware.com\/wp-content\/uploads\/2026\/01\/prese_vivencias_01-768x512.jpg 768w, https:\/\/tucomarca.whitekongsoftware.com\/wp-content\/uploads\/2026\/01\/prese_vivencias_01-1536x1024.jpg 1536w, https:\/\/tucomarca.whitekongsoftware.com\/wp-content\/uploads\/2026\/01\/prese_vivencias_01-2048x1365.jpg 2048w\" sizes=\"auto, (max-width: 1024px) 100vw, 1024px\" \/><\/figure>\n<\/figure>\n\n\n\n<p class=\"wp-block-paragraph\">Durant la seua intervenci\u00f3, M\u00aa \u00c1ngeles Llorente va definir la jornada com un exercici de &#8220;mem\u00f2ria i just\u00edcia&#8221;&nbsp;necessari per a combatre el silenci heretat de la dictadura.&nbsp;\u201cS\u00f3n unes mem\u00f2ries breus, potser inacabades, per\u00f2 d&#8217;una intensitat i una honestedat que les fan profundament valuoses La regidora apunte: Durant d\u00e8cades, la hist\u00f2ria col\u00b7lectiva i les hist\u00f2ries personals de milers d&#8217;homes i dones van ser ocultades, no per oblit, sin\u00f3 per superviv\u00e8ncia i per por Una por que va obligar generacions a &#8220;engolir la pena&#8221;&nbsp;i plorar en silenci. Segons Llorente, l&#8217;objectiu institucional \u00e9s recuperar la hist\u00f2ria oral per a no repetir el passat, sota la premissa que &#8220;recordar no \u00e9s obrir ferides, sin\u00f3 impedir que es repetisquen\u201d.<\/p>\n\n\n\n<p class=\"wp-block-paragraph\">L&#8217;historiador Jos\u00e9 Vicente Castillo va analitzar la figura de l&#8217;autor, Vicente Tar\u00edn Tar\u00edn, destacant que el nivell intel\u00b7lectual i de reflexi\u00f3 de l&#8217;autor li va permetre redactar unes mem\u00f2ries que van m\u00e9s enll\u00e0 de l&#8217;anecd\u00f2tic. Castillo va explicar que l&#8217;obra \u00e9s fonamental per a &#8220;contrarestar la visi\u00f3 distorsionada del franquisme&#8221;, i mostrar la viol\u00e8ncia en tots dos b\u00e0ndols, sense oblidar que es va produir una revolta militar contra un govern legalment va establir que a m\u00e9s&nbsp; s&#8217;acarnisse despr\u00e9s de la vict\u00f2ria en una postguerra &nbsp;de por i repressi\u00f3.<\/p>\n\n\n\n<p class=\"wp-block-paragraph\">Moltes persones de Xest, encara recordem a Vicente Tar\u00edn amb la seua macuto, repartint per tota la poblaci\u00f3 el M\u00f3n Obrer i recordem com malgrat la seua edat, la nit de l&#8217;avortat colp d&#8217;estat de Tejero i Mil\u00e0 del Bosch, es va presentar a l&#8217;Ajuntament per a ajudar en el que fora en la defensa de la naixent democr\u00e0cia va recordar Jos\u00e9 Vicente Castillo.<\/p>\n\n\n\n<p class=\"wp-block-paragraph\">Per part seua, Gabriel Herraiz, t\u00e8cnic encarregat de la documentaci\u00f3 i digitalitzaci\u00f3 del llibre, va presentar la web https:\/\/cheste.memoriadeunpueblo.com. Herraiz va qualificar aquesta plataforma com un &#8220;arxiu din\u00e0mic de mem\u00f2ria hist\u00f2rica i social&#8221;&nbsp;que combina testimoniatges personals i materials audiovisuals. El documentalista va subratllar que aquesta eina demostra que &#8220;els documents no s\u00f3n sol papers, sin\u00f3 testimoniatges que ens permeten comprendre el nostre passat&#8221;, i va convidar a la ciutadania a col\u00b7laborar activament perqu\u00e8 &#8220;la col\u00b7laboraci\u00f3 \u00e9s essencial per a mantindre i ampliar la nostra mem\u00f2ria\u201d.<\/p>\n\n\n\n<p class=\"wp-block-paragraph\">H\u00e9ctor Murgui va posar punt final a l&#8217;acte explicant el significat de la portada del llibre. Conceptualment la garrofa representa tato el manteniment com&nbsp; la fragilitat de la vida , en aquells temps..&nbsp; El conjunt multicolor de garrofes actua com una &#8220;gr\u00e0fica muda de la viol\u00e8ncia&#8221;&nbsp;en representar cada fruit a una persona assassinada en el municipi sobre un fons roig que simbolitza el &#8220;dolor col\u00b7lectiu\u201d.<\/p>\n\n\n\n<p class=\"wp-block-paragraph\">Des d&#8217;aquesta mateixa setmana el llibre est\u00e0 disponible per a tot el p\u00fablic de manera gratu\u00efta en la TouristInfo de Xest. Amb aquesta publicaci\u00f3, es busca que el coneixement i les experi\u00e8ncies de la comunitat siguen &#8220;preservats per a futures generacions&#8221;&nbsp;i servisquen com a base per als valors de conviv\u00e8ncia i pau.<\/p>\n","protected":false},"excerpt":{"rendered":"<div class=\"mh-excerpt\">El llibre, que rescata el testimoniatge de la repressi\u00f3 i la lluita per les llibertats, es troba ja disponible de manera gratu\u00efta en la TouristInfo. Durant l&#8217;acte es va presentar la web https:\/\/cheste.memoriadeunpueblo.com, un &#8220;arxiu <a class=\"mh-excerpt-more\" href=\"https:\/\/tucomarca.whitekongsoftware.com\/ca\/xest-recupera-la-seua-memoria-historica-amb-la-presentacio-del-llibre-vivencies-de-vicente-tarin\/\" title=\"Xest recupera la seua mem\u00f2ria hist\u00f2rica amb la presentaci\u00f3 del llibre &#8220;Viv\u00e8ncies&#8221; de Vicente Tar\u00edn\">[+] <\/a><\/div>\n","protected":false},"author":12,"featured_media":290592,"comment_status":"open","ping_status":"open","sticky":false,"template":"","format":"gallery","meta":{"footnotes":""},"categories":[10894,10912,11007,10896,10974],"tags":[11071,10914,23762,23763],"class_list":["post-290597","post","type-post","status-publish","format-gallery","has-post-thumbnail","category-la-comarca-ca","category-la-hoya-ca","category-ocio-y-cultura-ca","category-seccion-ca","category-cheste-ca","tag-cheste","tag-la-hoya-de-bunol-chiva-ca","tag-vicente-tarin-ca","tag-vivencias-ca","post_format-post-format-gallery"],"_links":{"self":[{"href":"https:\/\/tucomarca.whitekongsoftware.com\/ca\/wp-json\/wp\/v2\/posts\/290597","targetHints":{"allow":["GET"]}}],"collection":[{"href":"https:\/\/tucomarca.whitekongsoftware.com\/ca\/wp-json\/wp\/v2\/posts"}],"about":[{"href":"https:\/\/tucomarca.whitekongsoftware.com\/ca\/wp-json\/wp\/v2\/types\/post"}],"author":[{"embeddable":true,"href":"https:\/\/tucomarca.whitekongsoftware.com\/ca\/wp-json\/wp\/v2\/users\/12"}],"replies":[{"embeddable":true,"href":"https:\/\/tucomarca.whitekongsoftware.com\/ca\/wp-json\/wp\/v2\/comments?post=290597"}],"version-history":[{"count":0,"href":"https:\/\/tucomarca.whitekongsoftware.com\/ca\/wp-json\/wp\/v2\/posts\/290597\/revisions"}],"wp:featuredmedia":[{"embeddable":true,"href":"https:\/\/tucomarca.whitekongsoftware.com\/ca\/wp-json\/wp\/v2\/media\/290592"}],"wp:attachment":[{"href":"https:\/\/tucomarca.whitekongsoftware.com\/ca\/wp-json\/wp\/v2\/media?parent=290597"}],"wp:term":[{"taxonomy":"category","embeddable":true,"href":"https:\/\/tucomarca.whitekongsoftware.com\/ca\/wp-json\/wp\/v2\/categories?post=290597"},{"taxonomy":"post_tag","embeddable":true,"href":"https:\/\/tucomarca.whitekongsoftware.com\/ca\/wp-json\/wp\/v2\/tags?post=290597"}],"curies":[{"name":"wp","href":"https:\/\/api.w.org\/{rel}","templated":true}]}}