{"id":290459,"date":"2026-01-16T10:00:00","date_gmt":"2026-01-16T09:00:00","guid":{"rendered":"https:\/\/www.tucomarca.com\/wordpress\/segunda\/?p=290459"},"modified":"2026-01-16T21:06:04","modified_gmt":"2026-01-16T20:06:04","slug":"el-consorci-provincial-de-bombers-de-valencia-present-en-45-municipis-per-les-fogueres-de-sant-antoni","status":"publish","type":"post","link":"https:\/\/tucomarca.whitekongsoftware.com\/ca\/el-consorci-provincial-de-bombers-de-valencia-present-en-45-municipis-per-les-fogueres-de-sant-antoni\/","title":{"rendered":"El Consorci Provincial de Bombers de Val\u00e8ncia, present en 45 municipis per les fogueres de Sant Antoni"},"content":{"rendered":"\n<p class=\"wp-block-paragraph\">El president de la Diputaci\u00f3 de Val\u00e8ncia, Vicent Momp\u00f3, i el president del Consorci, Avelino Mascarell, confirmen la seua pres\u00e8ncia en la Foguera de Canals, on els bombers comptaran amb drons per a evitar que possibles focs secundaris puguen provocar situacions de perill<\/p>\n\n\n\n<p class=\"wp-block-paragraph\">El Consorci de Bombers de Val\u00e8ncia ha activat un dispositiu preventiu amb pres\u00e8ncia en 45 municipis de tota la prov\u00edncia de Val\u00e8ncia amb motiu de la celebraci\u00f3 de les Fogueres de Sant Antoni, entre els dies 16 i 17 de gener.&nbsp;<\/p>\n\n\n\n<p class=\"wp-block-paragraph\">Per a poder fer realitat esta tradici\u00f3 arrelada al territori valenci\u00e0, l&#8217;entitat dependent de la Diputaci\u00f3 de Val\u00e8ncia desplegar\u00e0 un centenar d&#8217;efectius entre bombers professionals i voluntaris i un total de 25 vehicles, distribu\u00efts per tota la prov\u00edncia de Val\u00e8ncia.&nbsp;<\/p>\n\n\n\n<p class=\"wp-block-paragraph\">Segons ha destacat el diputat de Medi Ambient i president del Consorci, Avelino Mascarell, \u201cel Consorci est\u00e0 al servici de la ciutadania en cada emerg\u00e8ncia, per\u00f2 tamb\u00e9 de manera preventiva en cada esdeveniment i celebraci\u00f3 important on hi ha \u00fas l\u00fadic del foc, per a evitar perills i que tot transc\u00f3rrega amb normalitat\u201d.&nbsp;<\/p>\n\n\n\n<p class=\"wp-block-paragraph\">Entre les cites m\u00e9s destacades i esperades, la foguera de Canals, la m\u00e9s gran amb vora 20 m d\u2019altura, i on el Consorci participar\u00e0 amb un dispositiu de 15 persones, amb 2 camions BUP, 1 BFP, i tres vehicles de comandament.&nbsp;<\/p>\n\n\n\n<p class=\"wp-block-paragraph\">Mascarell ha assenyalat que \u201cenguany com a novetat incorporem al dispositiu de la foguera de Canals els drons del Consorci, per revisar el risc que es poguera produir algun foc secundari\u201d. Aix\u00ed, els drons pentinaran la zona per controlar des de l&#8217;aire que no hi ha afectaci\u00f3 a cap teulat de les cases o altres elements com vegetaci\u00f3.&nbsp;<\/p>\n\n\n\n<p class=\"wp-block-paragraph\">&#8220;Es tracta -conclou Mascarell- d&#8217;un pas m\u00e9s per a fer cada any m\u00e9s segures estes celebracions, que marquen el calendari festiu dels valencians, de la m\u00e0 de la seguretat i prevenci\u00f3 proporcionada pels efectius del Consorci&#8221;.<\/p>\n","protected":false},"excerpt":{"rendered":"<div class=\"mh-excerpt\">El president de la Diputaci\u00f3 de Val\u00e8ncia, Vicent Momp\u00f3, i el president del Consorci, Avelino Mascarell, confirmen la seua pres\u00e8ncia en la Foguera de Canals, on els bombers comptaran amb drons per a evitar que <a class=\"mh-excerpt-more\" href=\"https:\/\/tucomarca.whitekongsoftware.com\/ca\/el-consorci-provincial-de-bombers-de-valencia-present-en-45-municipis-per-les-fogueres-de-sant-antoni\/\" title=\"El Consorci Provincial de Bombers de Val\u00e8ncia, present en 45 municipis per les fogueres de Sant Antoni\">[+] <\/a><\/div>\n","protected":false},"author":12,"featured_media":290458,"comment_status":"open","ping_status":"open","sticky":false,"template":"","format":"standard","meta":{"footnotes":""},"categories":[10898,10948,10894,10904,10903,11007,10947,10896],"tags":[20509,11246,23748],"class_list":["post-290459","post","type-post","status-publish","format-standard","has-post-thumbnail","category-ventana-ca","category-infraestructuras-ca","category-la-comarca-ca","category-sin-categorizar-ca","category-medio-ambiente-la-comarca-ca","category-ocio-y-cultura-ca","category-politica","category-seccion-ca","tag-consorcio-de-bomberos-de-valencia-ca","tag-diputacio-de-valencia-ca","tag-hogueras-de-san-anton-ca"],"_links":{"self":[{"href":"https:\/\/tucomarca.whitekongsoftware.com\/ca\/wp-json\/wp\/v2\/posts\/290459","targetHints":{"allow":["GET"]}}],"collection":[{"href":"https:\/\/tucomarca.whitekongsoftware.com\/ca\/wp-json\/wp\/v2\/posts"}],"about":[{"href":"https:\/\/tucomarca.whitekongsoftware.com\/ca\/wp-json\/wp\/v2\/types\/post"}],"author":[{"embeddable":true,"href":"https:\/\/tucomarca.whitekongsoftware.com\/ca\/wp-json\/wp\/v2\/users\/12"}],"replies":[{"embeddable":true,"href":"https:\/\/tucomarca.whitekongsoftware.com\/ca\/wp-json\/wp\/v2\/comments?post=290459"}],"version-history":[{"count":0,"href":"https:\/\/tucomarca.whitekongsoftware.com\/ca\/wp-json\/wp\/v2\/posts\/290459\/revisions"}],"wp:featuredmedia":[{"embeddable":true,"href":"https:\/\/tucomarca.whitekongsoftware.com\/ca\/wp-json\/wp\/v2\/media\/290458"}],"wp:attachment":[{"href":"https:\/\/tucomarca.whitekongsoftware.com\/ca\/wp-json\/wp\/v2\/media?parent=290459"}],"wp:term":[{"taxonomy":"category","embeddable":true,"href":"https:\/\/tucomarca.whitekongsoftware.com\/ca\/wp-json\/wp\/v2\/categories?post=290459"},{"taxonomy":"post_tag","embeddable":true,"href":"https:\/\/tucomarca.whitekongsoftware.com\/ca\/wp-json\/wp\/v2\/tags?post=290459"}],"curies":[{"name":"wp","href":"https:\/\/api.w.org\/{rel}","templated":true}]}}