{"id":290353,"date":"2026-01-15T12:30:00","date_gmt":"2026-01-15T11:30:00","guid":{"rendered":"https:\/\/www.tucomarca.com\/wordpress\/segunda\/?p=290353"},"modified":"2026-01-15T21:33:44","modified_gmt":"2026-01-15T20:33:44","slug":"la-nova-estacio-de-valencia-sud-de-metrovalencia-sobri-al-public-aquest-divendres-mes-resilient-i-accessible","status":"publish","type":"post","link":"https:\/\/tucomarca.whitekongsoftware.com\/ca\/la-nova-estacio-de-valencia-sud-de-metrovalencia-sobri-al-public-aquest-divendres-mes-resilient-i-accessible\/","title":{"rendered":"La nova estaci\u00f3 de Val\u00e8ncia Sud de Metrovalencia s\u2019obri al p\u00fablic aquest divendres m\u00e9s resilient i accessible"},"content":{"rendered":"\n<h3 class=\"wp-block-heading\">El vicepresident tercer i conseller d\u2019Infraestructures ha visitat les instal\u00b7lacions i ha destacat que FGV \u201ccompleta un nou pas en el seu proc\u00e9s de reconstrucci\u00f3 despr\u00e9s de les riuades\u201d.<\/h3>\n\n\n\n<h3 class=\"wp-block-heading\">Mart\u00ednez Mus confirma que s\u2019invertiran 50 milions d\u2019euros anuals en la millora del manteniment de les l\u00ednies actuals.<\/h3>\n\n\n\n<p class=\"wp-block-paragraph\">El vicepresident tercer i conseller de Medi Ambient, Infraestructures, Territori i de la Recuperaci\u00f3, Vicente Mart\u00ednez Mus, ha anunciat que \u201cla nova estaci\u00f3 de Val\u00e8ncia Sud s\u2019obrir\u00e0 al p\u00fablic el 16 de gener, despr\u00e9s de completar les obres i tindre els ascensors operatius que garantixen la plena accessibilitat a estes instal\u00b7lacions\u201d.<\/p>\n\n\n\n<figure class=\"wp-block-image size-large\"><img loading=\"lazy\" decoding=\"async\" width=\"1024\" height=\"691\" src=\"http:\/\/www.tucomarca.com\/wordpress\/segunda\/wp-content\/uploads\/2026\/01\/MetroValenciaSud2-1024x691.jpg\" alt=\"\" class=\"wp-image-290349\" srcset=\"https:\/\/tucomarca.whitekongsoftware.com\/wp-content\/uploads\/2026\/01\/MetroValenciaSud2-1024x691.jpg 1024w, https:\/\/tucomarca.whitekongsoftware.com\/wp-content\/uploads\/2026\/01\/MetroValenciaSud2-300x202.jpg 300w, https:\/\/tucomarca.whitekongsoftware.com\/wp-content\/uploads\/2026\/01\/MetroValenciaSud2-768x518.jpg 768w, https:\/\/tucomarca.whitekongsoftware.com\/wp-content\/uploads\/2026\/01\/MetroValenciaSud2.jpg 1181w\" sizes=\"auto, (max-width: 1024px) 100vw, 1024px\" \/><\/figure>\n\n\n\n<p class=\"wp-block-paragraph\">La nova estaci\u00f3 inclou tres nous ascensors i un pas inferior. Una vegada entre en servici l\u2019estaci\u00f3, les 147 estacions, baixadors i estacions de metro i tramvia de Metrovalencia seran aptes per a l\u2019acc\u00e9s de persones amb mobilitat redu\u00efda (PMR).<\/p>\n\n\n\n<p class=\"wp-block-paragraph\">Mart\u00ednez Mus ha explicat que, \u201ccom a part del proc\u00e9s de reconstrucci\u00f3 del complex de Val\u00e8ncia Sud i sent l\u2019\u00fanica estaci\u00f3 de tota la xarxa que no era plenament accessible, es va decidir fer un esfor\u00e7 per a construir unes noves instal\u00b7lacions resilients davant de fen\u00f2mens meteorol\u00f2gics i aptes per a totes les persones\u201d.<\/p>\n\n\n\n<p class=\"wp-block-paragraph\">Al seu torn, amb esta actuaci\u00f3, Val\u00e8ncia Sud, que acumula prop de 20.000 usuaris al mes, es convertix en el principal eix intermodal de la xarxa amb acc\u00e9s directe a la zona d\u2019aparcament dissuasiu gratu\u00eft de 506 places, 14 destinades a PMR, connexi\u00f3 ciclopedestre i un r\u00e0pid acc\u00e9s a les l\u00ednies 1, 2 i 7 de Metrovalencia. A m\u00e9s, es millora la resili\u00e8ncia de la infraestructura, ja que l\u2019estaci\u00f3 ha sigut elevada un metre per a fer-la m\u00e9s resilient davant fen\u00f2mens meteorol\u00f2gics extrems.<\/p>\n\n\n\n<p class=\"wp-block-paragraph\">Juntament amb el vicepresident tercer i conseller han assistit a la visita els representants de la Mesa d\u2019Accessibilitat d\u2019FGV que integren representants d\u2019associacions i entitats com el Comit\u00e9 Espanyol de Representants de Persones amb Discapacitat (CERMI), i altres entitats com Helix, FESORD, COCEMFE, Plena Inclusi\u00f3n, ASPACE, ASPAYM i ONCE.<\/p>\n\n\n\n<p class=\"wp-block-paragraph\"><strong>Caracter\u00edstiques del projecte<\/strong><\/p>\n\n\n\n<p class=\"wp-block-paragraph\">Amb estes noves instal\u00b7lacions els trens pararan aproximadament 150 metres m\u00e9s avant del que ho fan hui dia, en el centre de l\u2019aparcament. D\u2019esta manera els viatgers descendiran i es despla\u00e7aran pel nou acc\u00e9s inferior amb m\u00e9s comoditat i voran redu\u00efda la dist\u00e0ncia fins al p\u00e0rquing.<\/p>\n\n\n\n<p class=\"wp-block-paragraph\">El pas inferior actual estar\u00e0 destinat com a acc\u00e9s per al personal intern d\u2019FGV i com a eixida d\u2019emerg\u00e8ncia, davant d\u2019una hipot\u00e8tica necessitat d\u2019evacuaci\u00f3 for\u00e7osa d\u2019andanes.<\/p>\n\n\n\n<p class=\"wp-block-paragraph\">Els treballs d\u2019estes instal\u00b7lacions i adequaci\u00f3 d\u2019andanes han comptat amb un pressupost d\u2019uns cinc milions d\u2019euros i formen part del contracte d\u2019emerg\u00e8ncia destinat per Ferrocarrils de la Generallitat Valenciana (FGV) a la recuperaci\u00f3 de les vies i infraestructures de Val\u00e8ncia Sud, dotat amb m\u00e9s de 28 milions d\u2019euros de pressupost.<\/p>\n\n\n\n<p class=\"wp-block-paragraph\">El pla general de reconstrucci\u00f3 de Metrovalencia despr\u00e9s de les riuades inclou una inversi\u00f3 de 140 milions d\u2019euros i va permetre recuperar el servici el juny passat. Ara s\u2019ultimen diferents treballs com els que tenen lloc a Val\u00e8ncia Sud. \u201cEsta actuaci\u00f3 completa un nou pas en el seu proc\u00e9s de reconstrucci\u00f3 despr\u00e9s de les riuades\u201d, ha remarcat Mart\u00ednez Mus.<\/p>\n\n\n\n<p class=\"wp-block-paragraph\"><strong>Reconstrucci\u00f3 de les instal\u00b7lacions de Val\u00e8ncia Sud<\/strong><\/p>\n\n\n\n<p class=\"wp-block-paragraph\">De manera paral\u00b7lela, FGV destina m\u00e9s de 34 milions d\u2019euros a la reconstrucci\u00f3 i equipament del conjunt d\u2019instal\u00b7lacions que integren el complex de Val\u00e8ncia Sud i que inclou les oficines centrals, lloc de comandament, tallers i la resta dels edificis auxiliars, com l\u2019oficina d\u2019acc\u00e9s i seguretat, arxiu hist\u00f2ric, seus sindicals, servici m\u00e8dic o instal\u00b7lacions fixes i de manteniment.<\/p>\n\n\n\n<p class=\"wp-block-paragraph\">Dins del proc\u00e9s de reconstrucci\u00f3 del conjunt d\u2019instal\u00b7lacions de Val\u00e8ncia Sud s\u2019ha incl\u00f2s la instal\u00b7laci\u00f3 d\u2019un nou lloc de comandament que substitu\u00efsca l\u2019arrasat per l\u2019aigua. El nou centre de control est\u00e0 instal\u00b7lat en la primera planta de l\u2019edifici principal i comptar\u00e0, una vegada estiga en servici, amb un equip alternatiu que \u00e9s el que actualment est\u00e0 en funcionament en els tallers de Machado.<\/p>\n\n\n\n<p class=\"wp-block-paragraph\">A m\u00e9s de les inversions per a recuperar la xarxa de Metrovalencia despr\u00e9s de les riuades, el vicepresident ha avan\u00e7at que en el pla d\u2019inversions que est\u00e0 en vigor des de l\u20191 de gener s\u2019invertiran 50 milions d\u2019euros anuals en la millora de les l\u00ednies actuals. En concret, es posaran en marxa diferents actuacions que impliquen un esfor\u00e7 extra en manteniment amb l\u2019objectiu de millorar el servici.<\/p>\n","protected":false},"excerpt":{"rendered":"<div class=\"mh-excerpt\">El vicepresident tercer i conseller d\u2019Infraestructures ha visitat les instal\u00b7lacions i ha destacat que FGV \u201ccompleta un nou pas en el seu proc\u00e9s de reconstrucci\u00f3 despr\u00e9s de les riuades\u201d. Mart\u00ednez Mus confirma que s\u2019invertiran 50 <a class=\"mh-excerpt-more\" href=\"https:\/\/tucomarca.whitekongsoftware.com\/ca\/la-nova-estacio-de-valencia-sud-de-metrovalencia-sobri-al-public-aquest-divendres-mes-resilient-i-accessible\/\" title=\"La nova estaci\u00f3 de Val\u00e8ncia Sud de Metrovalencia s\u2019obri al p\u00fablic aquest divendres m\u00e9s resilient i accessible\">[+] <\/a><\/div>\n","protected":false},"author":12,"featured_media":290351,"comment_status":"open","ping_status":"open","sticky":false,"template":"","format":"standard","meta":{"footnotes":""},"categories":[21466,10898,10948,10894,10904,10902,10903,10947,10896,10897,11052],"tags":[15409,12222,23741,22864],"class_list":["post-290353","post","type-post","status-publish","format-standard","has-post-thumbnail","category-dana-ca","category-ventana-ca","category-infraestructuras-ca","category-la-comarca-ca","category-sin-categorizar-ca","category-la-ribera-ca","category-medio-ambiente-la-comarca-ca","category-politica","category-seccion-ca","category-sucesos-la-comarca-ca","category-villanueva-de-castellon-ca","tag-dana-2-ca","tag-metrovalencia-ca","tag-valencia-sud-ca","tag-vicente-martinez-mus-2-ca"],"_links":{"self":[{"href":"https:\/\/tucomarca.whitekongsoftware.com\/ca\/wp-json\/wp\/v2\/posts\/290353","targetHints":{"allow":["GET"]}}],"collection":[{"href":"https:\/\/tucomarca.whitekongsoftware.com\/ca\/wp-json\/wp\/v2\/posts"}],"about":[{"href":"https:\/\/tucomarca.whitekongsoftware.com\/ca\/wp-json\/wp\/v2\/types\/post"}],"author":[{"embeddable":true,"href":"https:\/\/tucomarca.whitekongsoftware.com\/ca\/wp-json\/wp\/v2\/users\/12"}],"replies":[{"embeddable":true,"href":"https:\/\/tucomarca.whitekongsoftware.com\/ca\/wp-json\/wp\/v2\/comments?post=290353"}],"version-history":[{"count":0,"href":"https:\/\/tucomarca.whitekongsoftware.com\/ca\/wp-json\/wp\/v2\/posts\/290353\/revisions"}],"wp:featuredmedia":[{"embeddable":true,"href":"https:\/\/tucomarca.whitekongsoftware.com\/ca\/wp-json\/wp\/v2\/media\/290351"}],"wp:attachment":[{"href":"https:\/\/tucomarca.whitekongsoftware.com\/ca\/wp-json\/wp\/v2\/media?parent=290353"}],"wp:term":[{"taxonomy":"category","embeddable":true,"href":"https:\/\/tucomarca.whitekongsoftware.com\/ca\/wp-json\/wp\/v2\/categories?post=290353"},{"taxonomy":"post_tag","embeddable":true,"href":"https:\/\/tucomarca.whitekongsoftware.com\/ca\/wp-json\/wp\/v2\/tags?post=290353"}],"curies":[{"name":"wp","href":"https:\/\/api.w.org\/{rel}","templated":true}]}}