{"id":290344,"date":"2026-01-15T12:00:00","date_gmt":"2026-01-15T11:00:00","guid":{"rendered":"https:\/\/www.tucomarca.com\/wordpress\/segunda\/?p=290344"},"modified":"2026-01-15T20:54:47","modified_gmt":"2026-01-15T19:54:47","slug":"la-diputacio-de-valencia-i-la-conselleria-dindustria-treballen-en-una-nova-linia-dajudes-per-a-la-millora-i-modernitzacio-dels-poligons-industrials","status":"publish","type":"post","link":"https:\/\/tucomarca.whitekongsoftware.com\/ca\/la-diputacio-de-valencia-i-la-conselleria-dindustria-treballen-en-una-nova-linia-dajudes-per-a-la-millora-i-modernitzacio-dels-poligons-industrials\/","title":{"rendered":"La Diputaci\u00f3 de Val\u00e8ncia i la Conselleria d&#8217;Ind\u00fastria treballen en una nova l\u00ednia d&#8217;ajudes per a la millora i modernitzaci\u00f3 dels pol\u00edgons industrials\u00a0"},"content":{"rendered":"\n<h3 class=\"wp-block-heading\">La vicepresidenta Nat\u00e0lia Enguix ha anunciat la col\u00b7laboraci\u00f3 entre la corporaci\u00f3 provincial i la Conselleria en el marc de la fira Heimtextil, amb l&#8217;objectiu de refor\u00e7ar la competitivitat i internacionalitzaci\u00f3 de les empreses valencianes.<\/h3>\n\n\n\n<p class=\"wp-block-paragraph\">La vicepresidenta primera de la Diputaci\u00f3 de Val\u00e8ncia, Nat\u00e0lia Enguix, ha anunciat en la fira internacional Heimtextil que la instituci\u00f3 provincial i la Conselleria d&#8217;Ind\u00fastria, dirigida per Mari\u00e1n Cano, han iniciat els treballs per a posar en marxa una nova l\u00ednia de col\u00b7laboraci\u00f3 centrada en la millora i modernitzaci\u00f3 dels pol\u00edgons industrials. L&#8217;anunci s&#8217;ha realitzat a Frankfurt, durant la visita institucional al certamen internacional, en una jornada en la qual Enguix ha estat acompanyada per la consellera d&#8217;Ind\u00fastria, Mari\u00e1n Cano.<\/p>\n\n\n\n<p class=\"wp-block-paragraph\">Durant esta visita institucional, la vicepresidenta ha encap\u00e7alat la delegaci\u00f3 valenciana al costat de l&#8217;alcalde d&#8217;Ontinyent, Jorge Rodr\u00edguez, i representants de la patronal t\u00e8xtil ATEVAL, amb el seu president, Pepe Serna, la gerent de l&#8217;entitat, Salom\u00e9 Beneyto, i la responsable d&#8217;internacionalitzaci\u00f3, Leila Bachetarzi, amb els qui ha recorregut els estands de les empreses valencianes participants en la fira.<\/p>\n\n\n\n<p class=\"wp-block-paragraph\">Per a la vicepresidenta, esta col\u00b7laboraci\u00f3 amb la Generalitat \u00e9s una pe\u00e7a clau per a refor\u00e7ar la competitivitat de les empreses valencianes en els mercats exteriors, en un context en el qual la internacionalitzaci\u00f3 s&#8217;ha convertit en un factor determinant per al futur del teixit industrial valenci\u00e0. En este sentit, Enguix ha subratllat que \u201cdes de la Diputaci\u00f3 estem treballant intensament perqu\u00e8 la promoci\u00f3 econ\u00f2mica siga una \u00e0rea forta, perqu\u00e8 la internacionalitzaci\u00f3 de les empreses \u00e9s fonamental per a obrir mercats, perqu\u00e8 les empreses continuen sent competitives i continuen treballant en la innovaci\u00f3\u201d.<\/p>\n\n\n\n<p class=\"wp-block-paragraph\">Segons ha explicat, la futura l\u00ednia d&#8217;ajudes permetr\u00e0 refor\u00e7ar el teixit industrial de les comarques valencianes, utilitzant la modernitzaci\u00f3 dels pol\u00edgons industrials com una palanca necess\u00e0ria per al creixement i la projecci\u00f3 internacional de les empreses. Enguix ha assenyalat que l&#8217;objectiu de la Diputaci\u00f3 \u00e9s actuar com un \u201ccanal de connexi\u00f3 i de col\u00b7laboraci\u00f3 amb la resta d&#8217;institucions, com la Conselleria d&#8217;Ind\u00fastria\u201d, per a oferir respostes coordinades a les necessitats del teixit productiu i acompanyar a les empreses en els seus processos d&#8217;internacionalitzaci\u00f3.<\/p>\n\n\n\n<p class=\"wp-block-paragraph\">La vicepresidenta ha vinculat este model d&#8217;acompanyament institucional i d&#8217;inversi\u00f3 en entorns productius amb els resultats que s&#8217;estan registrant en territoris amb una forta tradici\u00f3 industrial, com Ontinyent. En este sentit, ha destacat que en la capital de la Vall d&#8217;Albaida l&#8217;atur s&#8217;ha redu\u00eft entorn d&#8217;un 10% en l&#8217;\u00faltim any, passant d&#8217;unes 2.400 persones desocupades a al voltant de 2.100 en 2025. \u201cEstem molt satisfets amb estes dades, que s\u00f3n fruit d&#8217;ajudar a les nostres empreses amb ajudes dirigides a la internacionalitzaci\u00f3, la modernitzaci\u00f3 i la innovaci\u00f3\u201d, ha afirmat Enguix.<\/p>\n\n\n\n<p class=\"wp-block-paragraph\">En paral\u00b7lel, la vicepresidenta ha recordat que la Diputaci\u00f3 de Val\u00e8ncia desenvolupa altres l\u00ednies d&#8217;actuaci\u00f3 en l&#8217;\u00e0mbit de la promoci\u00f3 econ\u00f2mica, com el programa Formworking, orientat a la formaci\u00f3 i capacitaci\u00f3 de directius i responsables empresarials, aix\u00ed com altres accions destinades a fer costat a diferents sectors productius. Entre elles, ha citat les iniciatives de suport al comer\u00e7 local a trav\u00e9s dels Bons Comer\u00e7 DANA, que han suposat una injecci\u00f3 de 10 milions d&#8217;euros, en el marc d&#8217;una estrat\u00e8gia provincial dirigida a refor\u00e7ar la competitivitat del conjunt del teixit econ\u00f2mic.<\/p>\n\n\n\n<p class=\"wp-block-paragraph\"><strong>Posici\u00f3 estrat\u00e8gica del t\u00e8xtil valenci\u00e0<\/strong><\/p>\n\n\n\n<p class=\"wp-block-paragraph\">La fira Heimtextil, principal aparador mundial del t\u00e8xtil per a la llar, compte en esta edici\u00f3 amb la participaci\u00f3 de 45 empreses de la Comunitat Valenciana, dins d&#8217;una representaci\u00f3 espanyola formada per 75 firmes expositores. En este context, Ontinyent reafirma la seua posici\u00f3 estrat\u00e8gica com un dels principals nuclis del t\u00e8xtil auton\u00f2mic, a l&#8217;\u00e9sser la ciutat valenciana amb major pres\u00e8ncia en la fira, amb un total de set empreses expositores.<\/p>\n\n\n\n<p class=\"wp-block-paragraph\">Durant la visita, Enguix tamb\u00e9 ha posat en valor el paper d&#8217;ATEVAL i del Cl\u00faster T\u00e8xtil d\u2019Ontinyent com a ferramentes fonamentals per a l&#8217;acompanyament empresarial i la projecci\u00f3 exterior del sector, i ha reiterat que la internacionalitzaci\u00f3 continuar\u00e0 sent una prioritat per a garantir el futur industrial de les comarques valencianes.<\/p>\n","protected":false},"excerpt":{"rendered":"<div class=\"mh-excerpt\">La vicepresidenta Nat\u00e0lia Enguix ha anunciat la col\u00b7laboraci\u00f3 entre la corporaci\u00f3 provincial i la Conselleria en el marc de la fira Heimtextil, amb l&#8217;objectiu de refor\u00e7ar la competitivitat i internacionalitzaci\u00f3 de les empreses valencianes. La <a class=\"mh-excerpt-more\" href=\"https:\/\/tucomarca.whitekongsoftware.com\/ca\/la-diputacio-de-valencia-i-la-conselleria-dindustria-treballen-en-una-nova-linia-dajudes-per-a-la-millora-i-modernitzacio-dels-poligons-industrials\/\" title=\"La Diputaci\u00f3 de Val\u00e8ncia i la Conselleria d&#8217;Ind\u00fastria treballen en una nova l\u00ednia d&#8217;ajudes per a la millora i modernitzaci\u00f3 dels pol\u00edgons industrials\u00a0\">[+] <\/a><\/div>\n","protected":false},"author":12,"featured_media":290343,"comment_status":"open","ping_status":"open","sticky":false,"template":"","format":"standard","meta":{"footnotes":""},"categories":[10898,10948,10894,10904,10903,10947,10896],"tags":[22774,11246,23739,22384],"class_list":["post-290344","post","type-post","status-publish","format-standard","has-post-thumbnail","category-ventana-ca","category-infraestructuras-ca","category-la-comarca-ca","category-sin-categorizar-ca","category-medio-ambiente-la-comarca-ca","category-politica","category-seccion-ca","tag-conselleria-de-industria-ca","tag-diputacio-de-valencia-ca","tag-modernizacion-de-los-poligonos-ca","tag-natalia-enguix-3-ca"],"_links":{"self":[{"href":"https:\/\/tucomarca.whitekongsoftware.com\/ca\/wp-json\/wp\/v2\/posts\/290344","targetHints":{"allow":["GET"]}}],"collection":[{"href":"https:\/\/tucomarca.whitekongsoftware.com\/ca\/wp-json\/wp\/v2\/posts"}],"about":[{"href":"https:\/\/tucomarca.whitekongsoftware.com\/ca\/wp-json\/wp\/v2\/types\/post"}],"author":[{"embeddable":true,"href":"https:\/\/tucomarca.whitekongsoftware.com\/ca\/wp-json\/wp\/v2\/users\/12"}],"replies":[{"embeddable":true,"href":"https:\/\/tucomarca.whitekongsoftware.com\/ca\/wp-json\/wp\/v2\/comments?post=290344"}],"version-history":[{"count":0,"href":"https:\/\/tucomarca.whitekongsoftware.com\/ca\/wp-json\/wp\/v2\/posts\/290344\/revisions"}],"wp:featuredmedia":[{"embeddable":true,"href":"https:\/\/tucomarca.whitekongsoftware.com\/ca\/wp-json\/wp\/v2\/media\/290343"}],"wp:attachment":[{"href":"https:\/\/tucomarca.whitekongsoftware.com\/ca\/wp-json\/wp\/v2\/media?parent=290344"}],"wp:term":[{"taxonomy":"category","embeddable":true,"href":"https:\/\/tucomarca.whitekongsoftware.com\/ca\/wp-json\/wp\/v2\/categories?post=290344"},{"taxonomy":"post_tag","embeddable":true,"href":"https:\/\/tucomarca.whitekongsoftware.com\/ca\/wp-json\/wp\/v2\/tags?post=290344"}],"curies":[{"name":"wp","href":"https:\/\/api.w.org\/{rel}","templated":true}]}}