{"id":290338,"date":"2026-01-15T10:00:00","date_gmt":"2026-01-15T09:00:00","guid":{"rendered":"https:\/\/www.tucomarca.com\/wordpress\/segunda\/?p=290338"},"modified":"2026-01-15T21:34:37","modified_gmt":"2026-01-15T20:34:37","slug":"la-mancomunitat-interior-terra-del-vi-alerta-del-risc-i-del-sobrecost-de-tirar-cendres-mal-apagades-en-els-contenidors","status":"publish","type":"post","link":"https:\/\/tucomarca.whitekongsoftware.com\/ca\/la-mancomunitat-interior-terra-del-vi-alerta-del-risc-i-del-sobrecost-de-tirar-cendres-mal-apagades-en-els-contenidors\/","title":{"rendered":"La Mancomunitat Interior Terra del Vi alerta del risc i del sobrecost de tirar cendres mal apagades en els contenidors"},"content":{"rendered":"\n<h3 class=\"wp-block-heading\">Des del mes d\u2019octubre s\u2019han cremat quatre contenidors viaris per l\u2019abocament de cendres mal apagades.<\/h3>\n\n\n\n<p class=\"wp-block-paragraph\">La <strong>Mancomunitat de l\u2019Interior Tierra del Vino<\/strong>, entitat supramunicipal amb compet\u00e8ncies en la recollida de residus de les fraccions resta (contenidor gris) i org\u00e0nica (contenidor marr\u00f3), informa de la crema de <strong>dos nous contenidors viaris<\/strong> durant la matinada del <strong>dilluns 12 de gener<\/strong> a la pedania de <strong>Casas de Pradas (Venta del Moro)<\/strong>.<\/p>\n\n\n\n<p class=\"wp-block-paragraph\">En concret, s\u2019ha vist afectat <strong>un contenidor de resta i un contenidor d\u2019org\u00e0nica amb tancament electr\u00f2nic incorporat<\/strong>, la reposici\u00f3 dels quals suposar\u00e0 un <strong>cost de 3.206 euros<\/strong>, que haur\u00e0 d\u2019assumir el servei p\u00fablic de recollida de residus.<\/p>\n\n\n\n<p class=\"wp-block-paragraph\">No es tracta d\u2019un fet a\u00efllat. Des del passat mes d\u2019octubre s\u2019han registrat <strong>quatre contenidors calcinats<\/strong> com a conseq\u00fc\u00e8ncia del dip\u00f2sit de cendres mal apagades, fet que eleva el <strong>cost total de reposici\u00f3 a 5.862 euros<\/strong>, un sobrecost que repercutix directament en la ciutadania i que podria haver-se evitat amb una correcta gesti\u00f3 de les cendres.<\/p>\n\n\n\n<p class=\"wp-block-paragraph\">Estos incendis no sols generen un sobrecost econ\u00f2mic per al servei, sin\u00f3 que <strong>suposen un risc per a la seguretat de les persones<\/strong>, ja que poden provocar danys en la via p\u00fablica, en vehicles pr\u00f2xims o fins i tot posar en perill ve\u00efns i els serveis d\u2019emerg\u00e8ncia que han d\u2019intervindre.<\/p>\n\n\n\n<h3 class=\"wp-block-heading\">Sensibilitzaci\u00f3 ambiental per a previndre incendis<\/h3>\n\n\n\n<p class=\"wp-block-paragraph\">Des del mes de novembre, l\u2019equip d\u2019educaci\u00f3 ambiental de la Mancomunitat est\u00e0 visitant els municipis mancomunats per informar la poblaci\u00f3 sobre la necessitat d\u2019<strong>apagar correctament les cendres abans de dipositar-les en el contenidor gris<\/strong>.<\/p>\n\n\n\n<p class=\"wp-block-paragraph\">Durant estes accions s\u2019estan repartint materials informatius amb recomanacions b\u00e0siques per a evitar incendis accidentals, com ara:<\/p>\n\n\n\n<ul class=\"wp-block-list\">\n<li>Abocar aigua sobre les cendres abans de tirar-les.<\/li>\n\n\n\n<li>Utilitzar recipients met\u00e0l\u00b7lics resistents a la calor.<\/li>\n\n\n\n<li>Deixar reposar les cendres almenys <strong>24 hores<\/strong> abans de dipositar-les.<\/li>\n<\/ul>\n\n\n\n<p class=\"wp-block-paragraph\">La Mancomunitat recorda que el dip\u00f2sit de cendres calentes en els contenidors <strong>constitu\u00efx un perill real per a la ciutadania i l\u2019entorn<\/strong>, a m\u00e9s d\u2019un perjudici econ\u00f2mic evitable, per la qual cosa insistix en la import\u00e0ncia de seguir les recomanacions de seguretat difoses en les campanyes d\u2019educaci\u00f3 ambiental.<\/p>\n\n\n\n<p class=\"wp-block-paragraph\">La ciutadania pot consultar el calendari d\u2019accions educatives i m\u00e9s informaci\u00f3 en les xarxes socials del servei de recollida de residus, <strong>@TierradelVinoSostenible<\/strong>.<\/p>\n","protected":false},"excerpt":{"rendered":"<div class=\"mh-excerpt\">Des del mes d\u2019octubre s\u2019han cremat quatre contenidors viaris per l\u2019abocament de cendres mal apagades. La Mancomunitat de l\u2019Interior Tierra del Vino, entitat supramunicipal amb compet\u00e8ncies en la recollida de residus de les fraccions resta <a class=\"mh-excerpt-more\" href=\"https:\/\/tucomarca.whitekongsoftware.com\/ca\/la-mancomunitat-interior-terra-del-vi-alerta-del-risc-i-del-sobrecost-de-tirar-cendres-mal-apagades-en-els-contenidors\/\" title=\"La Mancomunitat Interior Terra del Vi alerta del risc i del sobrecost de tirar cendres mal apagades en els contenidors\">[+] <\/a><\/div>\n","protected":false},"author":12,"featured_media":290337,"comment_status":"open","ping_status":"open","sticky":false,"template":"","format":"standard","meta":{"footnotes":""},"categories":[11031,11032,11054,10898,11055,10948,10894,10903,10947,10908,10909,10896,11058,10897,11059,11060,11061],"tags":[12863,12387,10910],"class_list":["post-290338","post","type-post","status-publish","format-standard","has-post-thumbnail","category-camporrobles-ca","category-caudete-ca","category-chera-ca","category-ventana-ca","category-fuenterrobles-ca","category-infraestructuras-ca","category-la-comarca-ca","category-medio-ambiente-la-comarca-ca","category-politica","category-requena-ca","category-requena-utiel-ca","category-seccion-ca","category-sinarcas-ca","category-sucesos-la-comarca-ca","category-utiel-ca","category-venta-del-moro-ca","category-villargordo-del-cabriel-ca","tag-educacion-ambiental-ca","tag-mancomunidad-del-interior-tierra-del-vino-ca","tag-requena-utiel-ca"],"_links":{"self":[{"href":"https:\/\/tucomarca.whitekongsoftware.com\/ca\/wp-json\/wp\/v2\/posts\/290338","targetHints":{"allow":["GET"]}}],"collection":[{"href":"https:\/\/tucomarca.whitekongsoftware.com\/ca\/wp-json\/wp\/v2\/posts"}],"about":[{"href":"https:\/\/tucomarca.whitekongsoftware.com\/ca\/wp-json\/wp\/v2\/types\/post"}],"author":[{"embeddable":true,"href":"https:\/\/tucomarca.whitekongsoftware.com\/ca\/wp-json\/wp\/v2\/users\/12"}],"replies":[{"embeddable":true,"href":"https:\/\/tucomarca.whitekongsoftware.com\/ca\/wp-json\/wp\/v2\/comments?post=290338"}],"version-history":[{"count":0,"href":"https:\/\/tucomarca.whitekongsoftware.com\/ca\/wp-json\/wp\/v2\/posts\/290338\/revisions"}],"wp:featuredmedia":[{"embeddable":true,"href":"https:\/\/tucomarca.whitekongsoftware.com\/ca\/wp-json\/wp\/v2\/media\/290337"}],"wp:attachment":[{"href":"https:\/\/tucomarca.whitekongsoftware.com\/ca\/wp-json\/wp\/v2\/media?parent=290338"}],"wp:term":[{"taxonomy":"category","embeddable":true,"href":"https:\/\/tucomarca.whitekongsoftware.com\/ca\/wp-json\/wp\/v2\/categories?post=290338"},{"taxonomy":"post_tag","embeddable":true,"href":"https:\/\/tucomarca.whitekongsoftware.com\/ca\/wp-json\/wp\/v2\/tags?post=290338"}],"curies":[{"name":"wp","href":"https:\/\/api.w.org\/{rel}","templated":true}]}}