{"id":290218,"date":"2026-01-14T16:45:00","date_gmt":"2026-01-14T15:45:00","guid":{"rendered":"https:\/\/www.tucomarca.com\/wordpress\/segunda\/?p=290218"},"modified":"2026-01-14T21:19:43","modified_gmt":"2026-01-14T20:19:43","slug":"la-generalitat-denuncia-una-convocatoria-dajudes-per-la-dana-que-es-totalment-falsa-i-que-vol-enganyar-els-ciutadans","status":"publish","type":"post","link":"https:\/\/tucomarca.whitekongsoftware.com\/ca\/la-generalitat-denuncia-una-convocatoria-dajudes-per-la-dana-que-es-totalment-falsa-i-que-vol-enganyar-els-ciutadans\/","title":{"rendered":"La Generalitat denuncia una convocat\u00f2ria d\u2019ajudes per la DANA que \u00e9s totalment falsa i que vol enganyar els ciutadans"},"content":{"rendered":"\n<h3 class=\"wp-block-heading\">Investigar\u00e0 la proced\u00e8ncia d\u2019eixe document i exercir\u00e0 les mesures judicials oportunes.<\/h3>\n\n\n\n<p class=\"wp-block-paragraph\">La Generalitat denuncia una falsa convocat\u00f2ria d\u2019ajudes per la DANA que est\u00e0 arribant a diverses associacions i entitats com a \u2018Comunicat oficial per als ciutadans afectats per la DANA\u2019.\u00a0<\/p>\n\n\n\n<p class=\"wp-block-paragraph\">A pesar que porta&nbsp;una cap\u00e7alera de la Generalitat Valenciana no \u00e9s una convocat\u00f2ria d\u2019ajudes i el que pret\u00e9n \u00e9s enganyar els ciutadans.&nbsp;<\/p>\n\n\n\n<p class=\"wp-block-paragraph\">La Generalitat mai tramita cap tipus d\u2019ajudes a trav\u00e9s d\u2019un WhatsApp com indica el fals comunicat ni tampoc \u00e9s l\u2019Advocacia de la Generalitat, el nom de la qual s\u2019ha usat en el comunicat, l\u2019\u00f2rgan administratiu competent en estos assumptes.<\/p>\n\n\n\n<p class=\"wp-block-paragraph\">Qualsevol ajuda de la Generalitat \u00e9s anunciada amb transpar\u00e8ncia i publicitat a trav\u00e9s del&nbsp;<em>Diari Oficial de la Generalitat Valenciana<\/em>&nbsp;i les webs oficials en les quals es determina clarament els llocs de presentaci\u00f3 de documents i els terminis administratius corresponents. En el cas concret de les ajudes relacionades amb la dana hi ha una web espec\u00edfica que arreplega tota la informaci\u00f3:&nbsp;<a href=\"https:\/\/aciara.gva.es\/va\/\">https:\/\/aciara.gva.es\/va\/<\/a>.<\/p>\n\n\n\n<p class=\"wp-block-paragraph\">La Generalitat investigar\u00e0 la proced\u00e8ncia d\u2019este document i exercir\u00e0 les mesures judicials oportunes.<\/p>\n","protected":false},"excerpt":{"rendered":"<div class=\"mh-excerpt\">Investigar\u00e0 la proced\u00e8ncia d\u2019eixe document i exercir\u00e0 les mesures judicials oportunes. La Generalitat denuncia una falsa convocat\u00f2ria d\u2019ajudes per la DANA que est\u00e0 arribant a diverses associacions i entitats com a \u2018Comunicat oficial per als <a class=\"mh-excerpt-more\" href=\"https:\/\/tucomarca.whitekongsoftware.com\/ca\/la-generalitat-denuncia-una-convocatoria-dajudes-per-la-dana-que-es-totalment-falsa-i-que-vol-enganyar-els-ciutadans\/\" title=\"La Generalitat denuncia una convocat\u00f2ria d\u2019ajudes per la DANA que \u00e9s totalment falsa i que vol enganyar els ciutadans\">[+] <\/a><\/div>\n","protected":false},"author":12,"featured_media":244558,"comment_status":"open","ping_status":"open","sticky":false,"template":"","format":"standard","meta":{"footnotes":""},"categories":[21466,10898,10948,10894,10904,10903,10947,10896,10897],"tags":[23719,15409,11498],"class_list":["post-290218","post","type-post","status-publish","format-standard","has-post-thumbnail","category-dana-ca","category-ventana-ca","category-infraestructuras-ca","category-la-comarca-ca","category-sin-categorizar-ca","category-medio-ambiente-la-comarca-ca","category-politica","category-seccion-ca","category-sucesos-la-comarca-ca","tag-ayudas-dana-falsas-ca","tag-dana-2-ca","tag-generalitat-valenciana-ca"],"_links":{"self":[{"href":"https:\/\/tucomarca.whitekongsoftware.com\/ca\/wp-json\/wp\/v2\/posts\/290218","targetHints":{"allow":["GET"]}}],"collection":[{"href":"https:\/\/tucomarca.whitekongsoftware.com\/ca\/wp-json\/wp\/v2\/posts"}],"about":[{"href":"https:\/\/tucomarca.whitekongsoftware.com\/ca\/wp-json\/wp\/v2\/types\/post"}],"author":[{"embeddable":true,"href":"https:\/\/tucomarca.whitekongsoftware.com\/ca\/wp-json\/wp\/v2\/users\/12"}],"replies":[{"embeddable":true,"href":"https:\/\/tucomarca.whitekongsoftware.com\/ca\/wp-json\/wp\/v2\/comments?post=290218"}],"version-history":[{"count":0,"href":"https:\/\/tucomarca.whitekongsoftware.com\/ca\/wp-json\/wp\/v2\/posts\/290218\/revisions"}],"wp:featuredmedia":[{"embeddable":true,"href":"https:\/\/tucomarca.whitekongsoftware.com\/ca\/wp-json\/wp\/v2\/media\/244558"}],"wp:attachment":[{"href":"https:\/\/tucomarca.whitekongsoftware.com\/ca\/wp-json\/wp\/v2\/media?parent=290218"}],"wp:term":[{"taxonomy":"category","embeddable":true,"href":"https:\/\/tucomarca.whitekongsoftware.com\/ca\/wp-json\/wp\/v2\/categories?post=290218"},{"taxonomy":"post_tag","embeddable":true,"href":"https:\/\/tucomarca.whitekongsoftware.com\/ca\/wp-json\/wp\/v2\/tags?post=290218"}],"curies":[{"name":"wp","href":"https:\/\/api.w.org\/{rel}","templated":true}]}}