{"id":290123,"date":"2026-01-13T10:30:00","date_gmt":"2026-01-13T09:30:00","guid":{"rendered":"https:\/\/www.tucomarca.com\/wordpress\/segunda\/?p=290123"},"modified":"2026-01-13T20:26:41","modified_gmt":"2026-01-13T19:26:41","slug":"laparatos-xoc-dun-vehicle-i-un-camio-en-la3-a-laltura-de-villargordo-del-cabriel-se-salda-miraculosament-sense-cap-ferit-greu","status":"publish","type":"post","link":"https:\/\/tucomarca.whitekongsoftware.com\/ca\/laparatos-xoc-dun-vehicle-i-un-camio-en-la3-a-laltura-de-villargordo-del-cabriel-se-salda-miraculosament-sense-cap-ferit-greu\/","title":{"rendered":"L&#8217;aparat\u00f3s xoc d&#8217;un vehicle i un cami\u00f3 en l&#8217;A3 a l&#8217;altura de Villargordo del Cabriel se salda miraculosament sense cap ferit greu"},"content":{"rendered":"\n<p class=\"wp-block-paragraph\">El Consorci Provincial de Bombers de Val\u00e8ncia ha intervingut este dilluns en un aparat\u00f3s accident de tr\u00e0nsit registrat a l\u2019autovia A-3, al punt quilom\u00e8tric 248, a l\u2019altura del terme municipal de Villargordo del Cabriel.<\/p>\n\n\n\n<p class=\"wp-block-paragraph\">L\u2019av\u00eds es va rebre a les 18.50 hores despr\u00e9s de la col\u00b7lisi\u00f3 entre un cami\u00f3 i un vehicle, que com a conseq\u00fc\u00e8ncia de l\u2019impacte va donar una volta de campana. Malgrat l\u2019aparatositat del sinistre, no s\u2019han registrat persones ferides.<\/p>\n\n\n\n<p class=\"wp-block-paragraph\">Fins al lloc dels fets es van despla\u00e7ar efectius del parc de bombers de Requena, junt amb un sergent, que van comprovar que no era necess\u00e0ria l\u2019excarceraci\u00f3 del conductor. Com a mesura preventiva, van procedir a la desconnexi\u00f3 de les bateries del vehicle accidentat.<\/p>\n\n\n\n<p class=\"wp-block-paragraph\">Els serveis sanitaris despla\u00e7ats al lloc de l\u2019accident van revisar el conductor, confirmant que es trobava en bon estat, per la qual cosa no va ser necessari el seu trasllat a un centre hospitalari.<\/p>\n","protected":false},"excerpt":{"rendered":"<div class=\"mh-excerpt\">El Consorci Provincial de Bombers de Val\u00e8ncia ha intervingut este dilluns en un aparat\u00f3s accident de tr\u00e0nsit registrat a l\u2019autovia A-3, al punt quilom\u00e8tric 248, a l\u2019altura del terme municipal de Villargordo del Cabriel. L\u2019av\u00eds <a class=\"mh-excerpt-more\" href=\"https:\/\/tucomarca.whitekongsoftware.com\/ca\/laparatos-xoc-dun-vehicle-i-un-camio-en-la3-a-laltura-de-villargordo-del-cabriel-se-salda-miraculosament-sense-cap-ferit-greu\/\" title=\"L&#8217;aparat\u00f3s xoc d&#8217;un vehicle i un cami\u00f3 en l&#8217;A3 a l&#8217;altura de Villargordo del Cabriel se salda miraculosament sense cap ferit greu\">[+] <\/a><\/div>\n","protected":false},"author":1,"featured_media":290106,"comment_status":"open","ping_status":"open","sticky":false,"template":"","format":"standard","meta":{"footnotes":""},"categories":[10898,10948,10894,10909,10896,10897,11061],"tags":[23708,20509,10910,13837],"class_list":["post-290123","post","type-post","status-publish","format-standard","has-post-thumbnail","category-ventana-ca","category-infraestructuras-ca","category-la-comarca-ca","category-requena-utiel-ca","category-seccion-ca","category-sucesos-la-comarca-ca","category-villargordo-del-cabriel-ca","tag-choque-ca","tag-consorcio-de-bomberos-de-valencia-ca","tag-requena-utiel-ca","tag-villargordo-del-cabriel-ca"],"_links":{"self":[{"href":"https:\/\/tucomarca.whitekongsoftware.com\/ca\/wp-json\/wp\/v2\/posts\/290123","targetHints":{"allow":["GET"]}}],"collection":[{"href":"https:\/\/tucomarca.whitekongsoftware.com\/ca\/wp-json\/wp\/v2\/posts"}],"about":[{"href":"https:\/\/tucomarca.whitekongsoftware.com\/ca\/wp-json\/wp\/v2\/types\/post"}],"author":[{"embeddable":true,"href":"https:\/\/tucomarca.whitekongsoftware.com\/ca\/wp-json\/wp\/v2\/users\/1"}],"replies":[{"embeddable":true,"href":"https:\/\/tucomarca.whitekongsoftware.com\/ca\/wp-json\/wp\/v2\/comments?post=290123"}],"version-history":[{"count":0,"href":"https:\/\/tucomarca.whitekongsoftware.com\/ca\/wp-json\/wp\/v2\/posts\/290123\/revisions"}],"wp:featuredmedia":[{"embeddable":true,"href":"https:\/\/tucomarca.whitekongsoftware.com\/ca\/wp-json\/wp\/v2\/media\/290106"}],"wp:attachment":[{"href":"https:\/\/tucomarca.whitekongsoftware.com\/ca\/wp-json\/wp\/v2\/media?parent=290123"}],"wp:term":[{"taxonomy":"category","embeddable":true,"href":"https:\/\/tucomarca.whitekongsoftware.com\/ca\/wp-json\/wp\/v2\/categories?post=290123"},{"taxonomy":"post_tag","embeddable":true,"href":"https:\/\/tucomarca.whitekongsoftware.com\/ca\/wp-json\/wp\/v2\/tags?post=290123"}],"curies":[{"name":"wp","href":"https:\/\/api.w.org\/{rel}","templated":true}]}}