{"id":290058,"date":"2026-01-13T09:57:00","date_gmt":"2026-01-13T08:57:00","guid":{"rendered":"https:\/\/www.tucomarca.com\/wordpress\/segunda\/?p=290058"},"modified":"2026-01-13T20:22:42","modified_gmt":"2026-01-13T19:22:42","slug":"la-mancomunitat-tierra-del-vino-posa-en-marxa-una-campanya-informativa-sobre-loficina-dassistencia-a-les-victimes-del-delicte","status":"publish","type":"post","link":"https:\/\/tucomarca.whitekongsoftware.com\/ca\/la-mancomunitat-tierra-del-vino-posa-en-marxa-una-campanya-informativa-sobre-loficina-dassistencia-a-les-victimes-del-delicte\/","title":{"rendered":"La Mancomunitat Tierra del Vino posa en marxa una campanya informativa sobre l\u2019Oficina d\u2019assist\u00e8ncia a les v\u00edctimes del delicte"},"content":{"rendered":"\n<p class=\"wp-block-paragraph\">L\u2019objectiu \u00e9s que la ciutadania de la comarca conega que existix un servei pr\u00f2xim, professional i confidencial al qual les v\u00edctimes directes o indirectes de delictes poden acudir per a rebre el suport que necessiten, amb independ\u00e8ncia que hagen presentat den\u00fancia.<\/p>\n\n\n\n<p class=\"wp-block-paragraph\">La Mancomunitat Tierra del Vino (MITV) llan\u00e7a una campanya informativa amb l\u2019objectiu de donar a con\u00e9ixer entre la ciutadania de la comarca l\u2019exist\u00e8ncia i els serveis oferits per la seua Oficina d\u2019Assist\u00e8ncia a les V\u00edctimes del Delicte (OAVD), un recurs p\u00fablic, gratu\u00eft i accessible per a totes les persones que, despr\u00e9s d\u2019un delicte, necessiten suport jur\u00eddic, psicol\u00f2gic o social.<\/p>\n\n\n\n<p class=\"wp-block-paragraph\">L\u2019OAVD est\u00e0 pensada per a atendre v\u00edctimes directes o indirectes de delictes \u2014entre ells agressions, robatoris, viol\u00e8ncia de g\u00e8nere, delictes contra el patrimoni o els drets dels treballadors, contra la llibertat o l\u2019honor, entre altres\u2014, amb independ\u00e8ncia que hagen presentat den\u00fancia. A m\u00e9s, el servei inclou assessorament jur\u00eddic, acompanyament en els procediments legals, suport psicol\u00f2gic, orientaci\u00f3 social i, quan corresponga, derivacions a altres recursos especialitzats.<\/p>\n\n\n\n<p class=\"wp-block-paragraph\">Gr\u00e0cies a esta campanya, la MITV pret\u00e9n garantir que cap persona de la comarca se senta sola despr\u00e9s de patir un delicte, i que s\u00e0piga que existix un servei pr\u00f2xim, professional i confidencial al qual pot acudir per a rebre el suport que necessita.<\/p>\n\n\n\n<p class=\"wp-block-paragraph\"><strong>Punts clau del servei<\/strong><\/p>\n\n\n\n<ul class=\"wp-block-list\">\n<li>Atenci\u00f3 integral (jur\u00eddica, psicol\u00f2gica i social) per a v\u00edctimes directes o indirectes de delictes.<\/li>\n\n\n\n<li>Assessorament des del primer moment, fins i tot abans d\u2019interposar den\u00fancia, amb informaci\u00f3 clara sobre drets, procediment, possibles ajudes i acompanyament.<\/li>\n\n\n\n<li>Acompanyament en les dilig\u00e8ncies judicials quan la v\u00edctima ho sol\u00b7licite.<\/li>\n\n\n\n<li>Derivaci\u00f3 a serveis socials, psicol\u00f2gics o a altres recursos especialitzats si resulta necessari.<\/li>\n<\/ul>\n\n\n\n<p class=\"wp-block-paragraph\"><strong>On acudir<\/strong><\/p>\n\n\n\n<p class=\"wp-block-paragraph\">La seu de l\u2019Oficina es troba a la seu de la Policia Local d\u2019Utiel (carrer Garc\u00eda Berlanga, 62). Per a m\u00e9s informaci\u00f3, es pot contactar a trav\u00e9s dels tel\u00e8fons habilitats (96 217 31 26 i 637 83 85 90, o el 900 50 55 50, habilitat les 24 hores) o per correu electr\u00f2nic a <a>victimes_utiel@gva.es<\/a>.<\/p>\n","protected":false},"excerpt":{"rendered":"<div class=\"mh-excerpt\">L\u2019objectiu \u00e9s que la ciutadania de la comarca conega que existix un servei pr\u00f2xim, professional i confidencial al qual les v\u00edctimes directes o indirectes de delictes poden acudir per a rebre el suport que necessiten, <a class=\"mh-excerpt-more\" href=\"https:\/\/tucomarca.whitekongsoftware.com\/ca\/la-mancomunitat-tierra-del-vino-posa-en-marxa-una-campanya-informativa-sobre-loficina-dassistencia-a-les-victimes-del-delicte\/\" title=\"La Mancomunitat Tierra del Vino posa en marxa una campanya informativa sobre l\u2019Oficina d\u2019assist\u00e8ncia a les v\u00edctimes del delicte\">[+] <\/a><\/div>\n","protected":false},"author":12,"featured_media":290057,"comment_status":"open","ping_status":"open","sticky":false,"template":"","format":"standard","meta":{"footnotes":""},"categories":[11031,11032,11054,10898,11055,10948,10894,10947,10908,10909,10896,11058,10897,11059,11060,11061],"tags":[12387,15126,23695,10910],"class_list":["post-290058","post","type-post","status-publish","format-standard","has-post-thumbnail","category-camporrobles-ca","category-caudete-ca","category-chera-ca","category-ventana-ca","category-fuenterrobles-ca","category-infraestructuras-ca","category-la-comarca-ca","category-politica","category-requena-ca","category-requena-utiel-ca","category-seccion-ca","category-sinarcas-ca","category-sucesos-la-comarca-ca","category-utiel-ca","category-venta-del-moro-ca","category-villargordo-del-cabriel-ca","tag-mancomunidad-del-interior-tierra-del-vino-ca","tag-mitv-ca","tag-oficina-de-asistenciaa-victimas-del-delito-ca","tag-requena-utiel-ca"],"_links":{"self":[{"href":"https:\/\/tucomarca.whitekongsoftware.com\/ca\/wp-json\/wp\/v2\/posts\/290058","targetHints":{"allow":["GET"]}}],"collection":[{"href":"https:\/\/tucomarca.whitekongsoftware.com\/ca\/wp-json\/wp\/v2\/posts"}],"about":[{"href":"https:\/\/tucomarca.whitekongsoftware.com\/ca\/wp-json\/wp\/v2\/types\/post"}],"author":[{"embeddable":true,"href":"https:\/\/tucomarca.whitekongsoftware.com\/ca\/wp-json\/wp\/v2\/users\/12"}],"replies":[{"embeddable":true,"href":"https:\/\/tucomarca.whitekongsoftware.com\/ca\/wp-json\/wp\/v2\/comments?post=290058"}],"version-history":[{"count":0,"href":"https:\/\/tucomarca.whitekongsoftware.com\/ca\/wp-json\/wp\/v2\/posts\/290058\/revisions"}],"wp:featuredmedia":[{"embeddable":true,"href":"https:\/\/tucomarca.whitekongsoftware.com\/ca\/wp-json\/wp\/v2\/media\/290057"}],"wp:attachment":[{"href":"https:\/\/tucomarca.whitekongsoftware.com\/ca\/wp-json\/wp\/v2\/media?parent=290058"}],"wp:term":[{"taxonomy":"category","embeddable":true,"href":"https:\/\/tucomarca.whitekongsoftware.com\/ca\/wp-json\/wp\/v2\/categories?post=290058"},{"taxonomy":"post_tag","embeddable":true,"href":"https:\/\/tucomarca.whitekongsoftware.com\/ca\/wp-json\/wp\/v2\/tags?post=290058"}],"curies":[{"name":"wp","href":"https:\/\/api.w.org\/{rel}","templated":true}]}}