{"id":289986,"date":"2026-01-12T12:15:00","date_gmt":"2026-01-12T11:15:00","guid":{"rendered":"https:\/\/www.tucomarca.com\/wordpress\/segunda\/?p=289986"},"modified":"2026-01-12T20:43:07","modified_gmt":"2026-01-12T19:43:07","slug":"les-ajudes-en-igualtat-de-la-diputacio-es-tripliquen-en-tres-anys-i-aconseguixen-els-19-milions-deuros-en-2026","status":"publish","type":"post","link":"https:\/\/tucomarca.whitekongsoftware.com\/ca\/les-ajudes-en-igualtat-de-la-diputacio-es-tripliquen-en-tres-anys-i-aconseguixen-els-19-milions-deuros-en-2026\/","title":{"rendered":"Les ajudes en Igualtat de la Diputaci\u00f3 es tripliquen en tres anys i aconseguixen els 1,9 milions d&#8217;euros en 2026"},"content":{"rendered":"\n<h3 class=\"wp-block-heading\">La convocat\u00f2ria publicada en el BOP consolida l&#8217;increment progressiu de les ajudes des de 2023 i refor\u00e7a el suport a ajuntaments, mancomunitats i consorcis de la Xarxa de Municipis Protegits contra la Viol\u00e8ncia de G\u00e8nere, aix\u00ed com les ajudes a entitats feministes.<\/h3>\n\n\n\n<h3 class=\"wp-block-heading\">La vicepresidenta primera i diputada d&#8217;Igualtat, Nat\u00e0lia Enguix, subratlla que refor\u00e7ar els recursos i garantir un finan\u00e7ament estable permet \u201cdesenvolupar pol\u00edtiques d&#8217;igualtat eficaces i sostingudes en el temps\u201d.<\/h3>\n\n\n\n<p class=\"wp-block-paragraph\">La Diputaci\u00f3 de Val\u00e8ncia obri este dilluns el termini de presentaci\u00f3 de sol\u00b7licituds de les convocat\u00f2ries d&#8217;ajudes en mat\u00e8ria d&#8217;Igualtat dirigides tant a ajuntaments, mancomunitats i consorcis adherits a la Xarxa de Municipis Protegits contra la Viol\u00e8ncia de G\u00e8nere com a entitats i associacions feministes de la prov\u00edncia, amb una dotaci\u00f3 total d&#8217;1.940.000 euros, quasi el triple dels recursos destinats en 2023, quan el pressupost global era de 680.000 euros.<\/p>\n\n\n\n<p class=\"wp-block-paragraph\">En paraules de la vicepresidenta primera i diputada d&#8217;Igualtat, Nat\u00e0lia Enguix, \u201cquan entrem en la Diputaci\u00f3 de Val\u00e8ncia en 2023 ten\u00edem clar que la igualtat havia de comptar amb m\u00e9s recursos i amb un finan\u00e7ament estable que permetera als ajuntaments i a les entitats feministes treballar amb planificaci\u00f3 i continu\u00eftat, no amb solucions puntuals\u201d perqu\u00e8 \u201cla igualtat no pot ser nom\u00e9s te\u00f2rica i per a aix\u00f2 \u00e9s necessari els recursos econ\u00f2mics\u201d. Enguix ha subratllat, a m\u00e9s, que \u201cels ajuntaments s\u00f3n l&#8217;administraci\u00f3 m\u00e9s pr\u00f2xima a la ciutadania i, en molts casos, la primera porta a la qual criden les dones\u201d i ha destacat la import\u00e0ncia de treballar de manera coordinada amb els municipis i amb les associacions per a avan\u00e7ar en l&#8217;eliminaci\u00f3 de la desigualtat i la discriminaci\u00f3 que patixen les dones.<\/p>\n\n\n\n<p class=\"wp-block-paragraph\">Del total consignat en 2026, 1.690.000 euros es destinen a les ajudes dirigides a ajuntaments, mancomunitats i consorcis adherits a la Xarxa. Suposa un increment del 88% respecte a 2023, any en qu\u00e8 estes ajudes comptaven amb una dotaci\u00f3 de 600.000 euros, i confirma una evoluci\u00f3 pressupost\u00e0ria clarament ascendent en els \u00faltims exercicis. Des d\u2019eixe moment, la inversi\u00f3 ha augmentat fins als 900.000 euros en 2024 i els 1.500.000 en 2025, per a aconseguir en la convocat\u00f2ria de 2026 la seua major dotaci\u00f3 hist\u00f2rica.<\/p>\n\n\n\n<p class=\"wp-block-paragraph\">Les ajudes estan destinades a finan\u00e7ar projectes de prevenci\u00f3 i lluita contra la viol\u00e8ncia de g\u00e8nere, atenci\u00f3 a dones v\u00edctimes, accions de coeducaci\u00f3 i sensibilitzaci\u00f3, formaci\u00f3 especialitzada, aix\u00ed com l&#8217;elaboraci\u00f3 de plans d&#8217;igualtat i protocols locals enfront de l&#8217;assetjament, entre altres actuacions. Les entitats locals interessades podran presentar les seues sol\u00b7licituds en un termini de 20 dies h\u00e0bils, conforme al que s&#8217;establix en la convocat\u00f2ria publicada en el Butllet\u00ed Oficial de la Prov\u00edncia.&nbsp;<\/p>\n\n\n\n<p class=\"wp-block-paragraph\">En relaci\u00f3 al funcionament de les ajudes, Enguix ha recalcat que \u201cel fet de publicar les convocat\u00f2ries a principi d&#8217;any facilita que els ens locals puguen planificar millor els seus projectes i organitzar la seua execuci\u00f3 al llarg de tot l&#8217;exercici\u201d. Aix\u00ed mateix, ha assenyalat que estes subvencions s\u00f3n prepagables en un 75% una vegada recaiguda la resoluci\u00f3, una mesura que \u201cest\u00e0 pensada especialment per a ajudar als municipis m\u00e9s xicotets, que moltes vegades no disposen de capacitat financera per a avan\u00e7ar recursos i que, d&#8217;esta manera, poden posar en marxa els projectes sense dificultats de liquiditat\u201d.<\/p>\n\n\n\n<p class=\"wp-block-paragraph\">Aix\u00ed mateix, la Diputaci\u00f3 de Val\u00e8ncia tamb\u00e9 ha publicat les ajudes destinades a entitats i associacions feministes de la prov\u00edncia, que compten en 2026 amb una dotaci\u00f3 de 250.000 euros. Esta l\u00ednia de subvencions consolida l&#8217;increment registrat en els \u00faltims exercicis i m\u00e9s que triplica la dotaci\u00f3 existent en 2022 i 2023, quan era de 80.000 euros, passant a 180.000 euros en 2024 i aconseguint els 250.000 euros en les convocat\u00f2ries de 2025 i 2026. En este sentit, Enguix ha remarcat que \u201ctreballem juntament amb les associacions per a aconseguir una igualtat real\u201d, subratllant el paper fonamental que exercix el teixit associatiu en la sensibilitzaci\u00f3, la formaci\u00f3, la prevenci\u00f3 de la viol\u00e8ncia de g\u00e8nere i l&#8217;atenci\u00f3 a les dones.&nbsp;<\/p>\n\n\n\n<p class=\"wp-block-paragraph\">Pel que respecta a les ajudes destinades a entitats i associacions feministes, la convocat\u00f2ria es resol en r\u00e8gim de concurr\u00e8ncia competitiva, conforme al que s&#8217;establix en l&#8217;Ordenan\u00e7a General de Subvencions de la Diputaci\u00f3 de Val\u00e8ncia. Cada entitat podr\u00e0 presentar un \u00fanic programa o projecte, amb un import m\u00e0xim subvencionable de 15.000 euros, i les actuacions hauran de realitzar-se al llarg de 2026. El termini de presentaci\u00f3 de sol\u00b7licituds \u00e9s igualment de 20 dies h\u00e0bils.<\/p>\n\n\n\n<p class=\"wp-block-paragraph\">Estes convocat\u00f2ries s&#8217;emmarquen en el conjunt de pol\u00edtiques d&#8217;igualtat impulsades per la Diputaci\u00f3 de Val\u00e8ncia, que es complementen amb altres accions com el Feminari, la guia d&#8217;urbanisme amb perspectiva de g\u00e8nere, que incorpora la igualtat de manera transversal en un \u00e0mbit tan rellevant com l&#8217;urbanisme i el disseny de les ciutats, o el cat\u00e0leg IgualSARC, desenvolupat en coordinaci\u00f3 amb l&#8217;\u00e0rea de Cultura. Aix\u00ed mateix, la Diputaci\u00f3 impulsa exposicions i projeccions de documentals, com \u2018El peso de la ausencia\u2019, al costat d&#8217;altres iniciatives culturals i educatives orientades a la sensibilitzaci\u00f3 social i a la incorporaci\u00f3 de la perspectiva de g\u00e8nere en diferents \u00e0mbits de l&#8217;acci\u00f3 p\u00fablica.<\/p>\n","protected":false},"excerpt":{"rendered":"<div class=\"mh-excerpt\">La convocat\u00f2ria publicada en el BOP consolida l&#8217;increment progressiu de les ajudes des de 2023 i refor\u00e7a el suport a ajuntaments, mancomunitats i consorcis de la Xarxa de Municipis Protegits contra la Viol\u00e8ncia de G\u00e8nere, <a class=\"mh-excerpt-more\" href=\"https:\/\/tucomarca.whitekongsoftware.com\/ca\/les-ajudes-en-igualtat-de-la-diputacio-es-tripliquen-en-tres-anys-i-aconseguixen-els-19-milions-deuros-en-2026\/\" title=\"Les ajudes en Igualtat de la Diputaci\u00f3 es tripliquen en tres anys i aconseguixen els 1,9 milions d&#8217;euros en 2026\">[+] <\/a><\/div>\n","protected":false},"author":12,"featured_media":289985,"comment_status":"open","ping_status":"open","sticky":false,"template":"","format":"standard","meta":{"footnotes":""},"categories":[10898,10948,10894,10904,10947,10896],"tags":[23688,11246,20404],"class_list":["post-289986","post","type-post","status-publish","format-standard","has-post-thumbnail","category-ventana-ca","category-infraestructuras-ca","category-la-comarca-ca","category-sin-categorizar-ca","category-politica","category-seccion-ca","tag-ayudas-en-igualdad-ca","tag-diputacio-de-valencia-ca","tag-natalia-enguix-2-ca"],"_links":{"self":[{"href":"https:\/\/tucomarca.whitekongsoftware.com\/ca\/wp-json\/wp\/v2\/posts\/289986","targetHints":{"allow":["GET"]}}],"collection":[{"href":"https:\/\/tucomarca.whitekongsoftware.com\/ca\/wp-json\/wp\/v2\/posts"}],"about":[{"href":"https:\/\/tucomarca.whitekongsoftware.com\/ca\/wp-json\/wp\/v2\/types\/post"}],"author":[{"embeddable":true,"href":"https:\/\/tucomarca.whitekongsoftware.com\/ca\/wp-json\/wp\/v2\/users\/12"}],"replies":[{"embeddable":true,"href":"https:\/\/tucomarca.whitekongsoftware.com\/ca\/wp-json\/wp\/v2\/comments?post=289986"}],"version-history":[{"count":0,"href":"https:\/\/tucomarca.whitekongsoftware.com\/ca\/wp-json\/wp\/v2\/posts\/289986\/revisions"}],"wp:featuredmedia":[{"embeddable":true,"href":"https:\/\/tucomarca.whitekongsoftware.com\/ca\/wp-json\/wp\/v2\/media\/289985"}],"wp:attachment":[{"href":"https:\/\/tucomarca.whitekongsoftware.com\/ca\/wp-json\/wp\/v2\/media?parent=289986"}],"wp:term":[{"taxonomy":"category","embeddable":true,"href":"https:\/\/tucomarca.whitekongsoftware.com\/ca\/wp-json\/wp\/v2\/categories?post=289986"},{"taxonomy":"post_tag","embeddable":true,"href":"https:\/\/tucomarca.whitekongsoftware.com\/ca\/wp-json\/wp\/v2\/tags?post=289986"}],"curies":[{"name":"wp","href":"https:\/\/api.w.org\/{rel}","templated":true}]}}