{"id":289949,"date":"2026-01-12T15:00:00","date_gmt":"2026-01-12T14:00:00","guid":{"rendered":"https:\/\/www.tucomarca.com\/wordpress\/segunda\/?p=289949"},"modified":"2026-01-12T16:28:45","modified_gmt":"2026-01-12T15:28:45","slug":"perez-llorca-insta-la-continuitat-de-la-central-nuclear-de-cofrentes-i-defen-per-a-la-comunitat-valenciana-un-model-energetic-sobira","status":"publish","type":"post","link":"https:\/\/tucomarca.whitekongsoftware.com\/ca\/perez-llorca-insta-la-continuitat-de-la-central-nuclear-de-cofrentes-i-defen-per-a-la-comunitat-valenciana-un-model-energetic-sobira\/","title":{"rendered":"P\u00e9rez Llorca insta la continu\u00eftat de la central nuclear de Cofrentes i def\u00e9n per a la Comunitat Valenciana un model energ\u00e8tic sobir\u00e0"},"content":{"rendered":"\n<h3 class=\"wp-block-heading\">Ressalta la import\u00e0ncia d\u2019esta infraestructura estrat\u00e8gica que \u201cprodu\u00efx el 52 % de l\u2019electricitat que es genera en la Comunitat Valenciana i t\u00e9 un enorme impacte per a la competitivitat de la nostra ind\u00fastria\u201d.<\/h3>\n\n\n\n<h3 class=\"wp-block-heading\">El president ha visitat la central nuclear de Cofrentes a on ha advocat per \u201caplicar el sentit com\u00fa\u201d per a evitar el \u201ctancament ideol\u00f2gic\u201d d\u2019esta instal\u00b7laci\u00f3.<\/h3>\n\n\n\n<h3 class=\"wp-block-heading\">Avan\u00e7a el desbloqueig de 8.000 expedients d\u2019acc\u00e9s a subministrament el\u00e8ctric en vivendes i empreses de la prov\u00edncia de Val\u00e8ncia que estaven acumulats des de 2020 gr\u00e0cies al Pla Simplifica.<\/h3>\n\n\n\n<figure class=\"wp-block-image size-large\"><img loading=\"lazy\" decoding=\"async\" width=\"1024\" height=\"691\" src=\"http:\/\/www.tucomarca.com\/wordpress\/segunda\/wp-content\/uploads\/2026\/01\/GVANuclearCofrentes_49-1024x691.jpeg\" alt=\"\" class=\"wp-image-289948\" srcset=\"https:\/\/tucomarca.whitekongsoftware.com\/wp-content\/uploads\/2026\/01\/GVANuclearCofrentes_49-1024x691.jpeg 1024w, https:\/\/tucomarca.whitekongsoftware.com\/wp-content\/uploads\/2026\/01\/GVANuclearCofrentes_49-300x202.jpeg 300w, https:\/\/tucomarca.whitekongsoftware.com\/wp-content\/uploads\/2026\/01\/GVANuclearCofrentes_49-768x518.jpeg 768w, https:\/\/tucomarca.whitekongsoftware.com\/wp-content\/uploads\/2026\/01\/GVANuclearCofrentes_49.jpeg 1181w\" sizes=\"auto, (max-width: 1024px) 100vw, 1024px\" \/><\/figure>\n\n\n\n<p class=\"wp-block-paragraph\">El president de la Generalitat, Juanfran P\u00e9rez Llorca, ha reiterat el comprom\u00eds del Consell en la defensa de la continu\u00eftat de la central nuclear de Cofrentes i l\u2019aposta per un model energ\u00e8tic valenci\u00e0 sobir\u00e0.<\/p>\n\n\n\n<p class=\"wp-block-paragraph\">El cap del Consell ha visitat les instal\u00b7lacions de la central a la qual ha descrit com a \u201cinfraestructura estrat\u00e8gica per al nostre territori, ja que produ\u00efx el 52 % de l\u2019electricitat que es genera en la Comunitat Valenciana\u201d.<\/p>\n\n\n\n<p class=\"wp-block-paragraph\">P\u00e9rez Llorca ha real\u00e7at \u201cl\u2019enorme impacte\u201d per a la competitivitat de la ind\u00fastria de la Comunitat Valenciana que compta \u201camb m\u00e9s de 12.000 empreses industrials dependents del subministrament el\u00e8ctric, que generen 184.000 ocupacions directes i m\u00e9s de 230.000 ocupacions indirectes\u201d.&nbsp;<\/p>\n\n\n\n<figure class=\"wp-block-gallery has-nested-images columns-2 is-cropped wp-block-gallery-1 is-layout-flex wp-block-gallery-is-layout-flex\">\n<figure class=\"wp-block-image size-large\"><img loading=\"lazy\" decoding=\"async\" width=\"1024\" height=\"691\" data-id=\"289942\" src=\"https:\/\/www.tucomarca.com\/wordpress\/segunda\/wp-content\/uploads\/2026\/01\/GVANuclearCofrentes_17-1024x691.jpeg\" alt=\"\" class=\"wp-image-289942\" srcset=\"https:\/\/tucomarca.whitekongsoftware.com\/wp-content\/uploads\/2026\/01\/GVANuclearCofrentes_17-1024x691.jpeg 1024w, https:\/\/tucomarca.whitekongsoftware.com\/wp-content\/uploads\/2026\/01\/GVANuclearCofrentes_17-300x202.jpeg 300w, https:\/\/tucomarca.whitekongsoftware.com\/wp-content\/uploads\/2026\/01\/GVANuclearCofrentes_17-768x518.jpeg 768w, https:\/\/tucomarca.whitekongsoftware.com\/wp-content\/uploads\/2026\/01\/GVANuclearCofrentes_17.jpeg 1181w\" sizes=\"auto, (max-width: 1024px) 100vw, 1024px\" \/><\/figure>\n\n\n\n<figure class=\"wp-block-image size-large\"><img loading=\"lazy\" decoding=\"async\" width=\"1024\" height=\"691\" data-id=\"289941\" src=\"https:\/\/www.tucomarca.com\/wordpress\/segunda\/wp-content\/uploads\/2026\/01\/GVANuclearCofrentes_40-1024x691.jpeg\" alt=\"\" class=\"wp-image-289941\" srcset=\"https:\/\/tucomarca.whitekongsoftware.com\/wp-content\/uploads\/2026\/01\/GVANuclearCofrentes_40-1024x691.jpeg 1024w, https:\/\/tucomarca.whitekongsoftware.com\/wp-content\/uploads\/2026\/01\/GVANuclearCofrentes_40-300x202.jpeg 300w, https:\/\/tucomarca.whitekongsoftware.com\/wp-content\/uploads\/2026\/01\/GVANuclearCofrentes_40-768x518.jpeg 768w, https:\/\/tucomarca.whitekongsoftware.com\/wp-content\/uploads\/2026\/01\/GVANuclearCofrentes_40.jpeg 1181w\" sizes=\"auto, (max-width: 1024px) 100vw, 1024px\" \/><\/figure>\n\n\n\n<figure class=\"wp-block-image size-large\"><img loading=\"lazy\" decoding=\"async\" width=\"1024\" height=\"691\" data-id=\"289943\" src=\"https:\/\/www.tucomarca.com\/wordpress\/segunda\/wp-content\/uploads\/2026\/01\/GVANuclearCofrentes_08-1024x691.jpeg\" alt=\"\" class=\"wp-image-289943\" srcset=\"https:\/\/tucomarca.whitekongsoftware.com\/wp-content\/uploads\/2026\/01\/GVANuclearCofrentes_08-1024x691.jpeg 1024w, https:\/\/tucomarca.whitekongsoftware.com\/wp-content\/uploads\/2026\/01\/GVANuclearCofrentes_08-300x202.jpeg 300w, https:\/\/tucomarca.whitekongsoftware.com\/wp-content\/uploads\/2026\/01\/GVANuclearCofrentes_08-768x518.jpeg 768w, https:\/\/tucomarca.whitekongsoftware.com\/wp-content\/uploads\/2026\/01\/GVANuclearCofrentes_08.jpeg 1181w\" sizes=\"auto, (max-width: 1024px) 100vw, 1024px\" \/><\/figure>\n<\/figure>\n\n\n\n<p class=\"wp-block-paragraph\">El president ha assegurat que \u201cpersistir en un tancament programat per a 2030 \u00fanicament per q\u00fcestions ideol\u00f2giques \u00e9s una irresponsabilitat\u201d i ha reclamat al Govern d\u2019Espanya \u201caplicar el sentit com\u00fa perqu\u00e8 una central tan segura com la de Cofrentes continue operativa\u201d.<\/p>\n\n\n\n<p class=\"wp-block-paragraph\">Al respecte, ha ressaltat l\u2019aposta que est\u00e0 realitzant la Uni\u00f3 Europea per l\u2019energia nuclear i ha recordat que l\u2019actual comiss\u00e0ria Teresa Ribera \u201cva donar suport al tancament de Cofrentes quan era ministra mentres que ara secunda la construcci\u00f3 de noves instal\u00b7lacions a Europa\u201d.<\/p>\n\n\n\n<p class=\"wp-block-paragraph\">A m\u00e9s, cal recordar que allargar l\u2019operativitat de la central nuclear permetria refor\u00e7ar el sistema el\u00e8ctric, aconseguir la sobirania energ\u00e8tica i contribuir a la transici\u00f3 cap a un model energ\u00e8tic en la Comunitat Valenciana que prioritze les renovables amb el suport de les no renovables.&nbsp;<\/p>\n\n\n\n<p class=\"wp-block-paragraph\">P\u00e9rez Llorca ha visitat les instal\u00b7lacions de la central nuclear acompanyat pel vicepresident tercer i conseller de Medi Ambient, Infraestructures, Territori i de la Recuperaci\u00f3, Vicente Mart\u00ednez Mus, i el CEO d\u2019Iberdrola Espa\u00f1a, Mario Ruiz-Tagle.<\/p>\n\n\n\n<p class=\"wp-block-paragraph\"><strong>Desbloqueig a 8.000 expedients per a l\u2019acc\u00e9s a subministrament el\u00e8ctric<\/strong><\/p>\n\n\n\n<p class=\"wp-block-paragraph\">El cap del Consell ha avan\u00e7at que la Generalitat ha desbloquejat 8.000 expedients d\u2019acc\u00e9s a subministrament el\u00e8ctric de noves vivendes i empreses de la prov\u00edncia de Val\u00e8ncia que estaven acumulats des de 2020.<\/p>\n\n\n\n<p class=\"wp-block-paragraph\">P\u00e9rez Llorca ha explicat que esta mesura forma part del segon pla de simplificaci\u00f3 administrativa que ha posat en marxa la Generalitat amb l\u2019objectiu d\u2019accelerar estos procediments per a facilitar el creixement econ\u00f2mic, l\u2019ocupaci\u00f3 i el benestar de la ciutadania.<\/p>\n\n\n\n<p class=\"wp-block-paragraph\">El president ha assenyalat que \u201cestem actuant amb proximitat i rapidesa per a fer una administraci\u00f3 molt m\u00e9s eficient i efica\u00e7\u201d. D\u2019esta manera, ha reclamat que este proc\u00e9s de simplificaci\u00f3 s\u2019aplique tamb\u00e9 en el Govern d\u2019Espanya.<\/p>\n","protected":false},"excerpt":{"rendered":"<div class=\"mh-excerpt\">Ressalta la import\u00e0ncia d\u2019esta infraestructura estrat\u00e8gica que \u201cprodu\u00efx el 52 % de l\u2019electricitat que es genera en la Comunitat Valenciana i t\u00e9 un enorme impacte per a la competitivitat de la nostra ind\u00fastria\u201d. El president <a class=\"mh-excerpt-more\" href=\"https:\/\/tucomarca.whitekongsoftware.com\/ca\/perez-llorca-insta-la-continuitat-de-la-central-nuclear-de-cofrentes-i-defen-per-a-la-comunitat-valenciana-un-model-energetic-sobira\/\" title=\"P\u00e9rez Llorca insta la continu\u00eftat de la central nuclear de Cofrentes i def\u00e9n per a la Comunitat Valenciana un model energ\u00e8tic sobir\u00e0\">[+] <\/a><\/div>\n","protected":false},"author":12,"featured_media":289944,"comment_status":"open","ping_status":"open","sticky":false,"template":"","format":"gallery","meta":{"footnotes":""},"categories":[10951,10955,10898,10948,10894,10904,10903,10947,10896],"tags":[22587,11498,23466,11440],"class_list":["post-289949","post","type-post","status-publish","format-gallery","has-post-thumbnail","category-ayora-cofrentes-ca","category-cofrentes-ca","category-ventana-ca","category-infraestructuras-ca","category-la-comarca-ca","category-sin-categorizar-ca","category-medio-ambiente-la-comarca-ca","category-politica","category-seccion-ca","tag-central-nuclear-de-cofrentes-ca","tag-generalitat-valenciana-ca","tag-juanfran-perez-llorca-ca","tag-valle-de-ayora-cofrentes-ca","post_format-post-format-gallery"],"_links":{"self":[{"href":"https:\/\/tucomarca.whitekongsoftware.com\/ca\/wp-json\/wp\/v2\/posts\/289949","targetHints":{"allow":["GET"]}}],"collection":[{"href":"https:\/\/tucomarca.whitekongsoftware.com\/ca\/wp-json\/wp\/v2\/posts"}],"about":[{"href":"https:\/\/tucomarca.whitekongsoftware.com\/ca\/wp-json\/wp\/v2\/types\/post"}],"author":[{"embeddable":true,"href":"https:\/\/tucomarca.whitekongsoftware.com\/ca\/wp-json\/wp\/v2\/users\/12"}],"replies":[{"embeddable":true,"href":"https:\/\/tucomarca.whitekongsoftware.com\/ca\/wp-json\/wp\/v2\/comments?post=289949"}],"version-history":[{"count":0,"href":"https:\/\/tucomarca.whitekongsoftware.com\/ca\/wp-json\/wp\/v2\/posts\/289949\/revisions"}],"wp:featuredmedia":[{"embeddable":true,"href":"https:\/\/tucomarca.whitekongsoftware.com\/ca\/wp-json\/wp\/v2\/media\/289944"}],"wp:attachment":[{"href":"https:\/\/tucomarca.whitekongsoftware.com\/ca\/wp-json\/wp\/v2\/media?parent=289949"}],"wp:term":[{"taxonomy":"category","embeddable":true,"href":"https:\/\/tucomarca.whitekongsoftware.com\/ca\/wp-json\/wp\/v2\/categories?post=289949"},{"taxonomy":"post_tag","embeddable":true,"href":"https:\/\/tucomarca.whitekongsoftware.com\/ca\/wp-json\/wp\/v2\/tags?post=289949"}],"curies":[{"name":"wp","href":"https:\/\/api.w.org\/{rel}","templated":true}]}}