{"id":289853,"date":"2026-01-11T16:30:00","date_gmt":"2026-01-11T15:30:00","guid":{"rendered":"https:\/\/www.tucomarca.com\/wordpress\/segunda\/?p=289853"},"modified":"2026-01-11T23:29:14","modified_gmt":"2026-01-11T22:29:14","slug":"veins-de-caudete-de-las-fuentes-alerten-sobre-la-tramitacio-expres-dun-macroprojecte-de-produccio-de-biometa-i-reclamen-un-major-control-i-garanties-legals","status":"publish","type":"post","link":"https:\/\/tucomarca.whitekongsoftware.com\/ca\/veins-de-caudete-de-las-fuentes-alerten-sobre-la-tramitacio-expres-dun-macroprojecte-de-produccio-de-biometa-i-reclamen-un-major-control-i-garanties-legals\/","title":{"rendered":"Ve\u00efns de Caudete de las Fuentes alerten sobre la &#8220;tramitaci\u00f3 expr\u00e9s&#8221; d\u2019un macroprojecte de producci\u00f3 de biomet\u00e0 i reclamen &#8220;un major control i garanties legals&#8221;"},"content":{"rendered":"\n<p class=\"wp-block-paragraph\">La fi de 2025 i l\u2019entrada del nou any han situat el municipi de Caudete de las Fuentes davant del que una associaci\u00f3 ve\u00efnal qualifica com \u201cun repte que pot modificar el seu entorn, la seua habitabilitat i condicionar el seu desenvolupament de manera irreversible\u201d. L\u2019entitat es referix a la tramitaci\u00f3 d\u2019un projecte per a la construcci\u00f3 d\u2019una planta destinada a la producci\u00f3 de gas met\u00e0 a partir de residus org\u00e0nics, amb una superf\u00edcie constru\u00efda d\u201911.106 metres quadrats sobre un total de 24 hect\u00e0rees.<\/p>\n\n\n\n<p class=\"wp-block-paragraph\">Des de l\u2019associaci\u00f3 asseguren que es tracta d\u2019\u201cuna tramitaci\u00f3 expr\u00e9s\u201d, ja que, al seu parer, \u201cno s\u2019ha tingut en consideraci\u00f3 la magnitud de l\u2019obra, el flux de mat\u00e8ria ni els processos que suposa la seua operaci\u00f3\u201d. En este sentit, denuncien que \u201cs\u2019ha malinterpretat l\u2019Estrat\u00e8gia Territorial de la Comunitat Valenciana\u201d, pensada \u2014segons recorden\u2014 per a la protecci\u00f3 i el desenvolupament de territoris rurals amb baixa densitat de poblaci\u00f3, facilitant la implantaci\u00f3 d\u2019activitats coherents amb l\u2019entorn.<\/p>\n\n\n\n<p class=\"wp-block-paragraph\">\u201cEstem parlant de granges, cellers, alm\u00e0sseres, aules d\u2019interpretaci\u00f3 de la natura o centres de turisme rural, integrats en el paisatge\u201d, expliquen, i consideren que \u201cequiparar este macroprojecte, per la seua extensi\u00f3 i processos, a una activitat pr\u00f2pia del medi rural \u00e9s una interpretaci\u00f3 err\u00f2nia de l\u2019estrat\u00e8gia\u201d.<\/p>\n\n\n\n<p class=\"wp-block-paragraph\">L\u2019associaci\u00f3 sost\u00e9 que esta interpretaci\u00f3 ha deixat l\u2019aprovaci\u00f3 del projecte en mans de l\u2019Autoritzaci\u00f3 Ambiental Integrada, \u201cdelegant la supervisi\u00f3 de par\u00e0metres urban\u00edstics i d\u2019operaci\u00f3 en l\u2019Ajuntament de Caudete de las Fuentes, que compta amb escassos recursos i no hauria d\u2019assumir esta responsabilitat\u201d.<\/p>\n\n\n\n<p class=\"wp-block-paragraph\">Aix\u00ed mateix, afirmen que el Pla General d\u2019Ordenaci\u00f3 Urbana (PGOU) del municipi \u201cempara la necessitat d\u2019exigir una Declaraci\u00f3 d\u2019Inter\u00e9s Comunitari (DIC)\u201d, recordant que el mateix document recull literalment que \u201cper a evitar arbitrarietats, ser\u00e0 necess\u00e0ria la pr\u00e8via Declaraci\u00f3 d\u2019Inter\u00e9s Comunitari\u201d. Segons indiquen, esta figura \u201cgarantix que l\u2019activitat en s\u00f2l r\u00fastic s\u2019ajuste a la legalitat i que la seua aprovaci\u00f3 depenga d\u2019un organisme auton\u00f2mic\u201d.<\/p>\n\n\n\n<p class=\"wp-block-paragraph\">L\u2019entitat ve\u00efnal tamb\u00e9 assegura que \u201cel projecte presentat no s\u2019ajusta a diversos par\u00e0metres urban\u00edstics del PGOU\u201d, malgrat que, segons assenyalen, el promotor sost\u00e9 el contrari. \u201cPer a una gran part dels ve\u00efns aix\u00f2 suposa un ab\u00fas\u201d, afirmen, i recorden que ja s\u2019han presentat m\u00e9s de 250 al\u00b7legacions, que preveuen ampliar conforme avancen en l\u2019an\u00e0lisi de l\u2019expedient.<\/p>\n\n\n\n<p class=\"wp-block-paragraph\">Pel que fa al funcionament de la planta, l\u2019associaci\u00f3 alerta que es preveu tractar 145 milions de quilos de residus anuals, que \u201cno procedixen ni dels ramaders del municipi ni dels seus 725 habitants\u201d, cosa que implicaria l\u2019entrada di\u00e0ria d\u2019uns 400.000 quilos de residus procedents de l\u2019exterior. Afigen que es generaran 145.000 litres diaris d\u2019un fluid sense inter\u00e9s nutritiu, per al qual \u201cno es contempla ni dep\u00f2sit d\u2019acumulaci\u00f3 ni sistema de depuraci\u00f3\u201d, aix\u00ed com 23.600 quilos diaris de soluci\u00f3 de sulfat am\u00f2nic, que s\u2019emmagatzemarien en dep\u00f2sits de gran capacitat. \u201cQu\u00e8 ocorreria en cas d\u2019un vessament?\u201d, es pregunten.<\/p>\n\n\n\n<p class=\"wp-block-paragraph\">L\u2019associaci\u00f3 tamb\u00e9 mostra la seua preocupaci\u00f3 per l\u2019\u00fas d\u2019\u00e0cid sulf\u00faric i sosa c\u00e0ustica en el proc\u00e9s, aix\u00ed com per l\u2019emissi\u00f3 d\u2019\u00e0cid sulfh\u00eddric, responsable \u2014segons indiquen\u2014 d\u2019\u201cuna olor sufocant\u201d. En este punt, critiquen que \u201cla depuraci\u00f3 de l\u2019aire i de les olors es deixa en mans d\u2019unes bact\u00e8ries de l\u2019efic\u00e0cia de les quals no s\u2019aporta informaci\u00f3\u201d, i advertixen que la renovaci\u00f3 d\u2019aire prevista, de 85.000 m\u00b3\/hora, s\u2019abocaria directament a l\u2019atmosfera \u201csense detallar l\u2019impacte de les part\u00edcules en suspensi\u00f3\u201d.<\/p>\n\n\n\n<p class=\"wp-block-paragraph\">Des del punt de vista urban\u00edstic, denuncien \u201cl\u2019abs\u00e8ncia d\u2019un quadre clar de superf\u00edcies, volums i altures de les edificacions\u201d, i asseguren que \u201csense aprofundir massa en el projecte t\u00e8cnic ja es detecta que algunes construccions superen l\u2019altura m\u00e0xima permesa\u201d, citant digestors de 22,7 metres, cosa que consideren contr\u00e0ria al PGOU.<\/p>\n\n\n\n<p class=\"wp-block-paragraph\">Una altra de les q\u00fcestions que destaquen \u00e9s \u201cl\u2019abs\u00e8ncia d\u2019un pla de reversi\u00f3\u201d. Segons expliquen, \u201csi les instal\u00b7lacions quedaren obsoletes, els nostres descendents haurien d\u2019assumir la recuperaci\u00f3 del terreny o conviure amb un impacte paisatg\u00edstic permanent en una superf\u00edcie de 24 hect\u00e0rees\u201d.<\/p>\n\n\n\n<p class=\"wp-block-paragraph\">Amb tot aix\u00f2, l\u2019associaci\u00f3 afirma que vol \u201cexpressar el descontentament d\u2019una part important de la poblaci\u00f3 per este procediment llampec\u201d i reclama \u201cinformaci\u00f3 vera\u00e7, comprensible i amb temps suficient per a poder analitzar-la\u201d. Conclouen assenyalant que \u201cno creiem que les dreceres vagen a afavorir el promotor, perqu\u00e8 som del nostre poble, sabem el que tenim i el que ens juguem\u201d.<\/p>\n","protected":false},"excerpt":{"rendered":"<div class=\"mh-excerpt\">La fi de 2025 i l\u2019entrada del nou any han situat el municipi de Caudete de las Fuentes davant del que una associaci\u00f3 ve\u00efnal qualifica com \u201cun repte que pot modificar el seu entorn, la <a class=\"mh-excerpt-more\" href=\"https:\/\/tucomarca.whitekongsoftware.com\/ca\/veins-de-caudete-de-las-fuentes-alerten-sobre-la-tramitacio-expres-dun-macroprojecte-de-produccio-de-biometa-i-reclamen-un-major-control-i-garanties-legals\/\" title=\"Ve\u00efns de Caudete de las Fuentes alerten sobre la &#8220;tramitaci\u00f3 expr\u00e9s&#8221; d\u2019un macroprojecte de producci\u00f3 de biomet\u00e0 i reclamen &#8220;un major control i garanties legals&#8221;\">[+] <\/a><\/div>\n","protected":false},"author":12,"featured_media":284771,"comment_status":"open","ping_status":"open","sticky":false,"template":"","format":"standard","meta":{"footnotes":""},"categories":[11032,10898,10948,10894,10903,10947,10908,10909,11057,10896,10897],"tags":[11304,23672,10910],"class_list":["post-289853","post","type-post","status-publish","format-standard","has-post-thumbnail","category-caudete-ca","category-ventana-ca","category-infraestructuras-ca","category-la-comarca-ca","category-medio-ambiente-la-comarca-ca","category-politica","category-requena-ca","category-requena-utiel-ca","category-san-antonio-ca","category-seccion-ca","category-sucesos-la-comarca-ca","tag-caudete-de-la-fuentes-ca","tag-planta-de-biogas-ca","tag-requena-utiel-ca"],"_links":{"self":[{"href":"https:\/\/tucomarca.whitekongsoftware.com\/ca\/wp-json\/wp\/v2\/posts\/289853","targetHints":{"allow":["GET"]}}],"collection":[{"href":"https:\/\/tucomarca.whitekongsoftware.com\/ca\/wp-json\/wp\/v2\/posts"}],"about":[{"href":"https:\/\/tucomarca.whitekongsoftware.com\/ca\/wp-json\/wp\/v2\/types\/post"}],"author":[{"embeddable":true,"href":"https:\/\/tucomarca.whitekongsoftware.com\/ca\/wp-json\/wp\/v2\/users\/12"}],"replies":[{"embeddable":true,"href":"https:\/\/tucomarca.whitekongsoftware.com\/ca\/wp-json\/wp\/v2\/comments?post=289853"}],"version-history":[{"count":0,"href":"https:\/\/tucomarca.whitekongsoftware.com\/ca\/wp-json\/wp\/v2\/posts\/289853\/revisions"}],"wp:featuredmedia":[{"embeddable":true,"href":"https:\/\/tucomarca.whitekongsoftware.com\/ca\/wp-json\/wp\/v2\/media\/284771"}],"wp:attachment":[{"href":"https:\/\/tucomarca.whitekongsoftware.com\/ca\/wp-json\/wp\/v2\/media?parent=289853"}],"wp:term":[{"taxonomy":"category","embeddable":true,"href":"https:\/\/tucomarca.whitekongsoftware.com\/ca\/wp-json\/wp\/v2\/categories?post=289853"},{"taxonomy":"post_tag","embeddable":true,"href":"https:\/\/tucomarca.whitekongsoftware.com\/ca\/wp-json\/wp\/v2\/tags?post=289853"}],"curies":[{"name":"wp","href":"https:\/\/api.w.org\/{rel}","templated":true}]}}