{"id":289814,"date":"2026-01-11T12:00:00","date_gmt":"2026-01-11T11:00:00","guid":{"rendered":"https:\/\/www.tucomarca.com\/wordpress\/segunda\/?p=289814"},"modified":"2026-01-11T22:02:15","modified_gmt":"2026-01-11T21:02:15","slug":"lestudi-de-linvestigador-bunyolense-de-la-upv-francisco-valles-reprodueix-amb-precisio-la-inundacio-de-la-dana-del-29-doctubre-mitjancant-simulacio-hidraulica-bidimensional","status":"publish","type":"post","link":"https:\/\/tucomarca.whitekongsoftware.com\/ca\/lestudi-de-linvestigador-bunyolense-de-la-upv-francisco-valles-reprodueix-amb-precisio-la-inundacio-de-la-dana-del-29-doctubre-mitjancant-simulacio-hidraulica-bidimensional\/","title":{"rendered":"L&#8217;estudi de l&#8217;investigador bunyolense de la UPV Francisco Vall\u00e9s reprodueix amb precisi\u00f3 la inundaci\u00f3 de la DANA del 29 d&#8217;octubre mitjan\u00e7ant simulaci\u00f3 hidr\u00e0ulica bidimensional"},"content":{"rendered":"\n<p class=\"wp-block-paragraph\">La investigaci\u00f3, liderada per Francisco Vall\u00e9s, analitza detalladament la din\u00e0mica de la riuada, els fluxos desbordats i el paper de les infraestructures en els danys registrats.<\/p>\n\n\n\n<p class=\"wp-block-paragraph\">El treball desenvolupa una eina innovadora basada en la pot\u00e8ncia hidr\u00e0ulica del corrent que ha donat suport a la recerca de persones desaparegudes i a la gesti\u00f3 de l\u2019emerg\u00e8ncia.<\/p>\n\n\n\n<p class=\"wp-block-paragraph\">Un treball liderat per Francisco Vall\u00e9s Mor\u00e1n, investigador de l\u2019Instituto de Ingenier\u00eda del Agua y Medio Ambiente (IIAMA) de la Universitat Polit\u00e8cnica de Val\u00e8ncia, ha analitzat amb detall la inundaci\u00f3 provocada per la dana del 29 d\u2019octubre de 2024 a l\u2019Horta Sud (Val\u00e8ncia) mitjan\u00e7ant t\u00e8cniques avan\u00e7ades de modelitzaci\u00f3 hidr\u00e0ulica bidimensional.<\/p>\n\n\n\n<p class=\"wp-block-paragraph\">L\u2019estudi, publicat a Cuadernos de Geograf\u00eda de la Universitat de Val\u00e8ncia, reprodueix amb gran precisi\u00f3 la din\u00e0mica de l\u2019episodi, l\u2019extensi\u00f3 de la inundaci\u00f3 i els fluxos desbordats que van causar greus danys materials i humans.<\/p>\n\n\n\n<p class=\"wp-block-paragraph\">A partir d\u2019informaci\u00f3 p\u00fablica i eines d\u2019acc\u00e9s lliure, la investigaci\u00f3 ha perm\u00e9s reconstruir el comportament hidr\u00e0ulic dels sistemes de barrancs Poyo\u2013Torrent i Po\u00e7alet\u2013Saleta, incloent-hi velocitats extremes del flux, temps d\u2019arribada a les poblacions afectades i calats que van superar els quatre metres en alguns punts urbans.<\/p>\n\n\n\n<p class=\"wp-block-paragraph\">\u00abEls resultats mostren l\u2019extraordin\u00e0ria rapidesa i viol\u00e8ncia de l\u2019episodi, amb velocitats de fins a 8 m\/s i temps de resposta inferiors a una hora entre la cap\u00e7alera i les zones m\u00e9s densament poblades\u00bb, indica l\u2019investigador de l\u2019IIAMA.<\/p>\n\n\n\n<figure class=\"wp-block-image size-large\"><img loading=\"lazy\" decoding=\"async\" width=\"1024\" height=\"576\" src=\"https:\/\/www.tucomarca.com\/wordpress\/segunda\/wp-content\/uploads\/2026\/01\/Figura5calledelaAlmasseretaenPicanya-1-1024x576.png\" alt=\"\" class=\"wp-image-289824\" srcset=\"https:\/\/tucomarca.whitekongsoftware.com\/wp-content\/uploads\/2026\/01\/Figura5calledelaAlmasseretaenPicanya-1-1024x576.png 1024w, https:\/\/tucomarca.whitekongsoftware.com\/wp-content\/uploads\/2026\/01\/Figura5calledelaAlmasseretaenPicanya-1-300x169.png 300w, https:\/\/tucomarca.whitekongsoftware.com\/wp-content\/uploads\/2026\/01\/Figura5calledelaAlmasseretaenPicanya-1-768x432.png 768w, https:\/\/tucomarca.whitekongsoftware.com\/wp-content\/uploads\/2026\/01\/Figura5calledelaAlmasseretaenPicanya-1-678x381.png 678w, https:\/\/tucomarca.whitekongsoftware.com\/wp-content\/uploads\/2026\/01\/Figura5calledelaAlmasseretaenPicanya-1.png 1280w\" sizes=\"auto, (max-width: 1024px) 100vw, 1024px\" \/><figcaption class=\"wp-element-caption\"><em>Figura 5. Model hidr\u00e0ulic. Simulaci\u00f3 dels nivells assolits per la inundaci\u00f3 al carrer de l\u2019Almassereta, a Picanya<\/em><\/figcaption><\/figure>\n\n\n\n<h3 class=\"wp-block-heading\">Principals conclusions<\/h3>\n\n\n\n<p class=\"wp-block-paragraph\">L\u2019estudi confirma que la modelitzaci\u00f3 hidr\u00e0ulica reprodueix amb suficient fiabilitat la realitat observada durant la dana, tant en l\u2019extensi\u00f3 de la inundaci\u00f3 com en els nivells d\u2019aigua i l\u2019evoluci\u00f3 temporal del proc\u00e9s. A m\u00e9s, posa de manifest el paper determinant de determinades infraestructures de transport, com l\u2019autovia V-31, que van generar efectes de remans i van contribuir a agreujar la inundaci\u00f3 aig\u00fces amunt.<\/p>\n\n\n\n<p class=\"wp-block-paragraph\">\u00abEls resultats evidencien tamb\u00e9 la coher\u00e8ncia entre els fluxos desbordats i la geomorfologia hist\u00f2rica del territori, marcada per paleollits i zones d\u2019acumulaci\u00f3 natural de l\u2019aigua, la qual cosa refor\u00e7a la robustesa de l\u2019an\u00e0lisi realitzada\u00bb, destaca l\u2019investigador Francisco Vall\u00e9s.<\/p>\n\n\n\n<h3 class=\"wp-block-heading\">Innovaci\u00f3: una eina per a la localitzaci\u00f3 de desapareguts<\/h3>\n\n\n\n<p class=\"wp-block-paragraph\">Un dels principals elements innovadors del treball \u00e9s el desenvolupament d\u2019una eina basada en la <strong>pot\u00e8ncia hidr\u00e0ulica del corrent<\/strong> com a indicador de la seua capacitat d\u2019arrossegament.<\/p>\n\n\n\n<p class=\"wp-block-paragraph\">Este enfocament permet identificar les traject\u00f2ries dels fluxos desbordats m\u00e9s energ\u00e8tics i, especialment, les zones on esta energia es dissipa, que s\u00f3n les \u00e0rees amb major probabilitat d\u2019acumulaci\u00f3 de persones o objectes arrossegats per la riuada.<\/p>\n\n\n\n<p class=\"wp-block-paragraph\">\u00abEsta metodologia ha sigut aplicada durant l\u2019episodi d\u2019octubre de 2024 i ha resultat d\u2019utilitat per als cossos d\u2019emerg\u00e8ncies, facilitant les tasques de recerca de persones desaparegudes. L\u2019eina, exportable en formats georeferenciats d\u2019\u00fas directe, representa un avan\u00e7 significatiu en l\u2019aplicaci\u00f3 del coneixement hidr\u00e0ulic a la gesti\u00f3 d\u2019emerg\u00e8ncies\u00bb, assenyala el professor Vall\u00e9s.<\/p>\n\n\n\n<p class=\"wp-block-paragraph\">A m\u00e9s, els resultats aporten informaci\u00f3 valuosa per a la revisi\u00f3 de les infraestructures existents i per al disseny d\u2019estrat\u00e8gies d\u2019adaptaci\u00f3 davant d\u2019esdeveniments cada vegada m\u00e9s freq\u00fcents i intensos en un context de canvi clim\u00e0tic.<\/p>\n\n\n\n<p class=\"wp-block-paragraph\">Per tot aix\u00f2, el treball demostra que la ci\u00e8ncia hidr\u00e0ulica aplicada pot exercir un paper clau no sols en la planificaci\u00f3 i la prevenci\u00f3 del risc d\u2019inundaci\u00f3, sin\u00f3 tamb\u00e9 en la resposta operativa durant les emerg\u00e8ncies.<\/p>\n\n\n\n<p class=\"wp-block-paragraph\">\u00abLa possibilitat de disposar de simulacions fiables en temps quasi real obri noves vies per a millorar la presa de decisions, optimitzar la recerca de desapareguts i, potencialment, salvar vides humanes en futurs episodis extrems\u00bb, conclou.<\/p>\n\n\n\n<p class=\"wp-block-paragraph\"><strong>REFER\u00c8NCIA:<\/strong><br>Vall\u00e9s-Mor\u00e1n, F. J. (2025). <em>Simulaci\u00f3n hidr\u00e1ulica de la inundaci\u00f3n y flujos desbordados en la DANA del 29 de octubre de 2024 en l\u2019Horta Sud (Valencia)<\/em>. Cuadernos de Geograf\u00eda, 114-115, 375-395. <a href=\"https:\/\/doi.org\/10.7203\/CGUV.114-15.32121\">https:\/\/doi.org\/10.7203\/CGUV.114-15.32121<\/a><\/p>\n","protected":false},"excerpt":{"rendered":"<div class=\"mh-excerpt\">La investigaci\u00f3, liderada per Francisco Vall\u00e9s, analitza detalladament la din\u00e0mica de la riuada, els fluxos desbordats i el paper de les infraestructures en els danys registrats. El treball desenvolupa una eina innovadora basada en la <a class=\"mh-excerpt-more\" href=\"https:\/\/tucomarca.whitekongsoftware.com\/ca\/lestudi-de-linvestigador-bunyolense-de-la-upv-francisco-valles-reprodueix-amb-precisio-la-inundacio-de-la-dana-del-29-doctubre-mitjancant-simulacio-hidraulica-bidimensional\/\" title=\"L&#8217;estudi de l&#8217;investigador bunyolense de la UPV Francisco Vall\u00e9s reprodueix amb precisi\u00f3 la inundaci\u00f3 de la DANA del 29 d&#8217;octubre mitjan\u00e7ant simulaci\u00f3 hidr\u00e0ulica bidimensional\">[+] <\/a><\/div>\n","protected":false},"author":12,"featured_media":289813,"comment_status":"open","ping_status":"open","sticky":false,"template":"","format":"standard","meta":{"footnotes":""},"categories":[10911,21466,10898,10948,10894,10904,10912,10903,10896,10897],"tags":[10913,23670,10914,12693],"class_list":["post-289814","post","type-post","status-publish","format-standard","has-post-thumbnail","category-bunol-ca","category-dana-ca","category-ventana-ca","category-infraestructuras-ca","category-la-comarca-ca","category-sin-categorizar-ca","category-la-hoya-ca","category-medio-ambiente-la-comarca-ca","category-seccion-ca","category-sucesos-la-comarca-ca","tag-bunol-ca","tag-francisco-valles-ca","tag-la-hoya-de-bunol-chiva-ca","tag-upv-ca"],"_links":{"self":[{"href":"https:\/\/tucomarca.whitekongsoftware.com\/ca\/wp-json\/wp\/v2\/posts\/289814","targetHints":{"allow":["GET"]}}],"collection":[{"href":"https:\/\/tucomarca.whitekongsoftware.com\/ca\/wp-json\/wp\/v2\/posts"}],"about":[{"href":"https:\/\/tucomarca.whitekongsoftware.com\/ca\/wp-json\/wp\/v2\/types\/post"}],"author":[{"embeddable":true,"href":"https:\/\/tucomarca.whitekongsoftware.com\/ca\/wp-json\/wp\/v2\/users\/12"}],"replies":[{"embeddable":true,"href":"https:\/\/tucomarca.whitekongsoftware.com\/ca\/wp-json\/wp\/v2\/comments?post=289814"}],"version-history":[{"count":0,"href":"https:\/\/tucomarca.whitekongsoftware.com\/ca\/wp-json\/wp\/v2\/posts\/289814\/revisions"}],"wp:featuredmedia":[{"embeddable":true,"href":"https:\/\/tucomarca.whitekongsoftware.com\/ca\/wp-json\/wp\/v2\/media\/289813"}],"wp:attachment":[{"href":"https:\/\/tucomarca.whitekongsoftware.com\/ca\/wp-json\/wp\/v2\/media?parent=289814"}],"wp:term":[{"taxonomy":"category","embeddable":true,"href":"https:\/\/tucomarca.whitekongsoftware.com\/ca\/wp-json\/wp\/v2\/categories?post=289814"},{"taxonomy":"post_tag","embeddable":true,"href":"https:\/\/tucomarca.whitekongsoftware.com\/ca\/wp-json\/wp\/v2\/tags?post=289814"}],"curies":[{"name":"wp","href":"https:\/\/api.w.org\/{rel}","templated":true}]}}