{"id":289732,"date":"2026-01-09T10:30:00","date_gmt":"2026-01-09T09:30:00","guid":{"rendered":"https:\/\/www.tucomarca.com\/wordpress\/segunda\/?p=289732"},"modified":"2026-01-09T18:04:24","modified_gmt":"2026-01-09T17:04:24","slug":"el-consell-autoritza-la-prorroga-i-modificacio-del-conveni-entre-la-generalitat-i-renfe-per-a-lus-de-la-targeta-mobilis-en-els-servicis-de-rodalia","status":"publish","type":"post","link":"https:\/\/tucomarca.whitekongsoftware.com\/ca\/el-consell-autoritza-la-prorroga-i-modificacio-del-conveni-entre-la-generalitat-i-renfe-per-a-lus-de-la-targeta-mobilis-en-els-servicis-de-rodalia\/","title":{"rendered":"El Consell autoritza la pr\u00f2rroga i modificaci\u00f3 del conveni entre la Generalitat i Renfe per a l\u2019\u00fas de la targeta M\u00f3bilis en els servicis de Rodalia"},"content":{"rendered":"\n<h3 class=\"wp-block-heading\">L\u2019import de l\u2019addenda suposa 21 milions d\u2019euros que assumix l\u2019Autoritat de Transport Metropolit\u00e0 de Val\u00e8ncia (ATMV).<\/h3>\n\n\n\n<h3 class=\"wp-block-heading\">El conveni s\u2019amplia des del 19 de gener de 2026 fins al 18 de gener de 2027<\/h3>\n\n\n\n<p class=\"wp-block-paragraph\">El Consell ha autoritzat la subscripci\u00f3 de la segona addenda de pr\u00f2rroga i modificaci\u00f3 del conveni firmat en 2022 entre l\u2019Autoritat de Transport Metropolit\u00e0 de Val\u00e8ncia (ATMV) i Renfe Viajeros Sociedad Mercantil Estatal, SA, per a la utilitzaci\u00f3 de la targeta M\u00f3bilis en els servicis de Rodalia de Val\u00e8ncia i la venda de t\u00edtols de coordinaci\u00f3 o integraci\u00f3. L\u2019import de la subscripci\u00f3 suposa un increment de 21 milions d\u2019euros a c\u00e0rrec de l\u2019ATMV.<\/p>\n\n\n\n<p class=\"wp-block-paragraph\">Amb este acord, el conveni es prorroga des del 19 de gener de 2026 fins al 18 de gener de 2027, incloent la primera addenda, i actualitza l\u2019estimaci\u00f3 de l\u2019aportaci\u00f3 econ\u00f2mica m\u00e0xima i l\u2019import de la compensaci\u00f3 de l\u2019ATMV en mat\u00e8ria d\u2019integraci\u00f3 tarif\u00e0ria i de col\u00b7laboraci\u00f3 com a xarxa de vendes.<\/p>\n\n\n\n<p class=\"wp-block-paragraph\">L\u2019ATMV \u00e9s l\u2019organisme aut\u00f2nom de la Generalitat encarregat d\u2019exercir les compet\u00e8ncies en mat\u00e8ria de transport p\u00fablic regular de viatgers en el seu \u00e0mbit territorial i de les delegades pels municipis, i t\u00e9 implantades en tota la Comunitat Valenciana targetes intel\u00b7ligents sense contacte interoperables, v\u00e0lides com a t\u00edtol de transport en el sistema de transport p\u00fablic (targeta M\u00f3bilis).<\/p>\n\n\n\n<p class=\"wp-block-paragraph\">Cal recordar que el conveni subscrit en 2022 tenia per finalitat la implantaci\u00f3 d\u2019un sistema d\u2019integraci\u00f3 tarif\u00e0ria en el transport p\u00fablic ferroviari de viatgers de Rodalia, prestat i gestionat per Renfe Viatgers en l\u2019\u00e0mbit d\u2019actuaci\u00f3 de l\u2019ATMV, aix\u00ed com establir el r\u00e8gim de col\u00b7laboraci\u00f3 perqu\u00e8 l\u2019empresa p\u00fablica estatal de transport actue com a xarxa de vendes de t\u00edtols de coordinaci\u00f3 o integraci\u00f3 propietat de l\u2019ATMV.<\/p>\n\n\n\n<p class=\"wp-block-paragraph\">En virtut d\u2019este acord, Renfe possibilita la validaci\u00f3 i cancel\u00b7laci\u00f3 d\u2019estos t\u00edtols en els sistemes d\u2019acc\u00e9s de les estacions i baixadors de la zona integrada de Rodalia del nucli de Val\u00e8ncia. Per la seua part, l\u2019ATMV compensa Renfe per cada usuari que utilitza els servicis de Rodalia amb t\u00edtols d\u2019integraci\u00f3 o coordinaci\u00f3 de la seua titularitat.<\/p>\n\n\n\n<p class=\"wp-block-paragraph\">El conveni preveu aix\u00ed mateix la formalitzaci\u00f3 d\u2019addendes per a establir noves mesures vinculades a la integraci\u00f3 tarif\u00e0ria. En este marc, el 27 de desembre de 2022 es va formalitzar la primera addenda, que va ampliar la zona integrada a tot el nucli de Rodalia Renfe de Val\u00e8ncia i va incrementar l\u2019aportaci\u00f3 econ\u00f2mica m\u00e0xima i la compensaci\u00f3 a realitzar per l\u2019ATMV. La segona dona continu\u00eftat a esta col\u00b7laboraci\u00f3 entre les dos institucions.<\/p>\n\n\n\n<p class=\"wp-block-paragraph\">La subscripci\u00f3 aprovada pel Consell suposa un increment addicional estimat de 21.080.733 euros, que ser\u00e0 finan\u00e7at amb c\u00e0rrec al pressupost de l\u2019ATMV. Per a l\u2019anualitat 2026, que inclou els mesos de gener a novembre, l\u2019import total ascendix a 18.134.934 euros, dels quals 17.817.298 euros corresponen a integraci\u00f3 tarif\u00e0ria i 317.635 euros a la xarxa de vendes de t\u00edtols. Per a la de 2027, que compr\u00e9n el mes de desembre de 2026 i els primers 18 dies de gener de 2027, l\u2019import total \u00e9s de 2.945.799 euros, dels quals 2.877.881 euros corresponen a integraci\u00f3 tarif\u00e0ria i 67.917 euros a xarxa de vendes.<\/p>\n","protected":false},"excerpt":{"rendered":"<div class=\"mh-excerpt\">L\u2019import de l\u2019addenda suposa 21 milions d\u2019euros que assumix l\u2019Autoritat de Transport Metropolit\u00e0 de Val\u00e8ncia (ATMV). El conveni s\u2019amplia des del 19 de gener de 2026 fins al 18 de gener de 2027 El Consell <a class=\"mh-excerpt-more\" href=\"https:\/\/tucomarca.whitekongsoftware.com\/ca\/el-consell-autoritza-la-prorroga-i-modificacio-del-conveni-entre-la-generalitat-i-renfe-per-a-lus-de-la-targeta-mobilis-en-els-servicis-de-rodalia\/\" title=\"El Consell autoritza la pr\u00f2rroga i modificaci\u00f3 del conveni entre la Generalitat i Renfe per a l\u2019\u00fas de la targeta M\u00f3bilis en els servicis de Rodalia\">[+] <\/a><\/div>\n","protected":false},"author":12,"featured_media":77728,"comment_status":"open","ping_status":"open","sticky":false,"template":"","format":"standard","meta":{"footnotes":""},"categories":[10898,10948,10894,10904,10903,10947,10896],"tags":[14114,11498,23662],"class_list":["post-289732","post","type-post","status-publish","format-standard","has-post-thumbnail","category-ventana-ca","category-infraestructuras-ca","category-la-comarca-ca","category-sin-categorizar-ca","category-medio-ambiente-la-comarca-ca","category-politica","category-seccion-ca","tag-cercanias-renfe-ca","tag-generalitat-valenciana-ca","tag-tarjeta-mobilis-ca"],"_links":{"self":[{"href":"https:\/\/tucomarca.whitekongsoftware.com\/ca\/wp-json\/wp\/v2\/posts\/289732","targetHints":{"allow":["GET"]}}],"collection":[{"href":"https:\/\/tucomarca.whitekongsoftware.com\/ca\/wp-json\/wp\/v2\/posts"}],"about":[{"href":"https:\/\/tucomarca.whitekongsoftware.com\/ca\/wp-json\/wp\/v2\/types\/post"}],"author":[{"embeddable":true,"href":"https:\/\/tucomarca.whitekongsoftware.com\/ca\/wp-json\/wp\/v2\/users\/12"}],"replies":[{"embeddable":true,"href":"https:\/\/tucomarca.whitekongsoftware.com\/ca\/wp-json\/wp\/v2\/comments?post=289732"}],"version-history":[{"count":0,"href":"https:\/\/tucomarca.whitekongsoftware.com\/ca\/wp-json\/wp\/v2\/posts\/289732\/revisions"}],"wp:featuredmedia":[{"embeddable":true,"href":"https:\/\/tucomarca.whitekongsoftware.com\/ca\/wp-json\/wp\/v2\/media\/77728"}],"wp:attachment":[{"href":"https:\/\/tucomarca.whitekongsoftware.com\/ca\/wp-json\/wp\/v2\/media?parent=289732"}],"wp:term":[{"taxonomy":"category","embeddable":true,"href":"https:\/\/tucomarca.whitekongsoftware.com\/ca\/wp-json\/wp\/v2\/categories?post=289732"},{"taxonomy":"post_tag","embeddable":true,"href":"https:\/\/tucomarca.whitekongsoftware.com\/ca\/wp-json\/wp\/v2\/tags?post=289732"}],"curies":[{"name":"wp","href":"https:\/\/api.w.org\/{rel}","templated":true}]}}