{"id":289632,"date":"2026-01-08T09:00:00","date_gmt":"2026-01-08T08:00:00","guid":{"rendered":"https:\/\/www.tucomarca.com\/wordpress\/segunda\/?p=289632"},"modified":"2026-01-08T20:06:41","modified_gmt":"2026-01-08T19:06:41","slug":"la-diputacio-reforca-la-seua-collaboracio-amb-els-municipis-per-a-captar-fons-europeus-orientats-a-joventut-i-cultura","status":"publish","type":"post","link":"https:\/\/tucomarca.whitekongsoftware.com\/ca\/la-diputacio-reforca-la-seua-collaboracio-amb-els-municipis-per-a-captar-fons-europeus-orientats-a-joventut-i-cultura\/","title":{"rendered":"La Diputaci\u00f3 refor\u00e7a la seua col\u00b7laboraci\u00f3 amb els municipis per a captar fons europeus orientats a joventut i cultura"},"content":{"rendered":"\n<h3 class=\"wp-block-heading\">L&#8217;\u00e0rea de Fons Europeus, que dirigix Juan Ram\u00f3n Adsuara, aposta en 2026 per la captaci\u00f3 de fons destinats als j\u00f3vens i per l&#8217;acc\u00e9s dels ajuntaments al programa Europa Creativa.<\/h3>\n\n\n\n<h3 class=\"wp-block-heading\">La Diputaci\u00f3 tamb\u00e9 treballar\u00e0 en la preparaci\u00f3 de les entitats locals davant el futur Marc Financer Plurianual 2028-2034 de la UE, actualment en negociaci\u00f3.<\/h3>\n\n\n\n<p class=\"wp-block-paragraph\">La Diputaci\u00f3 de Val\u00e8ncia refor\u00e7ar\u00e0 la seua ajuda, durant 2026, als municipis de la prov\u00edncia en l&#8217;acc\u00e9s als diferents programes de finan\u00e7ament europeu, amb la finalitat d&#8217;accelerar la seua projecci\u00f3 internacional i millorar la qualitat de vida dels seus habitants. L&#8217;estrat\u00e8gia per al nou any prioritzar\u00e0 de manera especial els fons orientats a la joventut valenciana i als programes d&#8217;\u00e0mbit cultural.<\/p>\n\n\n\n<p class=\"wp-block-paragraph\">Aix\u00ed ho ha confirmat el diputat de Fons Europeus de la corporaci\u00f3, Juan Ram\u00f3n Adsuara, que ja va avan\u00e7ar estes l\u00ednies estrat\u00e8giques durant la seua \u00faltima visita a Brussel\u00b7les al desembre. \u201cLa joventut valenciana i a l&#8217;\u00e0mbit cultural estaran en el centre de l&#8217;estrat\u00e8gia de la Diputaci\u00f3 per a perqu\u00e8 els nostres municipis capten fons europeus en 2026\u201d.<\/p>\n\n\n\n<p class=\"wp-block-paragraph\">Quant als fons per a joventut, un dels objectius de la Diputaci\u00f3 \u00e9s implementar un programa que permeta enviar j\u00f3vens valencians a Brussel\u00b7les perqu\u00e8 realitzen pr\u00e0ctiques formatives en les institucions de la Uni\u00f3 Europea. \u201cEl nostre objectiu de cara a 2026 \u00e9s desenvolupar un programa, en col\u00b7laboraci\u00f3 amb els ajuntaments i les universitats, perqu\u00e8 els nostres j\u00f3vens puguen formar-se en entitats de la comissi\u00f3, fundacions i associacions europees, aix\u00ed com en entitats privades vinculades a la gesti\u00f3 de programes i captaci\u00f3 de fons europeus\u201d, declara Adsuara.<\/p>\n\n\n\n<p class=\"wp-block-paragraph\">Pel que fa a l&#8217;\u00e0mbit cultural, la Diputaci\u00f3 potenciar\u00e0 al llarg dels pr\u00f2xims mesos l&#8217;acc\u00e9s dels ajuntaments al programa Europa Creativa, el qual \u00e9s una de les ferramentes clau de la Uni\u00f3 Europea per a promoure la innovaci\u00f3 cultural i el talent emergent. Este programa promou la cultura i la creativitat, i est\u00e0 dirigit a associacions culturals locals per a facilitar el seu intercanvi amb les d&#8217;altres pa\u00efsos; crear activitats conjuntes; afavorir la mobilitat d&#8217;artistes, etc.<\/p>\n\n\n\n<p class=\"wp-block-paragraph\"><strong>Marc Financer Plurianual<\/strong><\/p>\n\n\n\n<p class=\"wp-block-paragraph\">A m\u00e9s, l&#8217;\u00e0rea de Fons Europeus de la Diputaci\u00f3 de Val\u00e8ncia treballar\u00e0 en la preparaci\u00f3 de les entitats locals davant el futur Marc Financer Plurianual 2028-2034, actualment en negociaci\u00f3, i en el qual es planteja la possibilitat que els governs intermedis europeus, com s\u00f3n les diputacions, puguen gestionar part dels fons destinats als municipis, a causa de la seua major proximitat i coneixement de les necessitats del territori.&nbsp;<\/p>\n\n\n\n<p class=\"wp-block-paragraph\">Este avan\u00e7 permetria acostar encara m\u00e9s les oportunitats de finan\u00e7ament als municipis i facilitar la posada en marxa de projectes que beneficien de manera directa a la joventut i al sector cultural, i tamb\u00e9 a pol\u00edtiques dirigides a la lluita contra la despoblaci\u00f3, el desenvolupament rural i el desenvolupament socioecon\u00f2mic de la prov\u00edncia.<\/p>\n\n\n\n<p class=\"wp-block-paragraph\">\u201cAmb estes accions, la Diputaci\u00f3 reafirma el seu comprom\u00eds amb un model de desenvolupament m\u00e9s europeu, creatiu i orientat a les noves generacions, consolidant-se com un suport essencial perqu\u00e8 els ajuntaments accedisquen amb \u00e8xit a les oportunitats que oferix la Uni\u00f3 Europea\u201d, sost\u00e9 Juan Ram\u00f3n Adsuara.<\/p>\n","protected":false},"excerpt":{"rendered":"<div class=\"mh-excerpt\">L&#8217;\u00e0rea de Fons Europeus, que dirigix Juan Ram\u00f3n Adsuara, aposta en 2026 per la captaci\u00f3 de fons destinats als j\u00f3vens i per l&#8217;acc\u00e9s dels ajuntaments al programa Europa Creativa. La Diputaci\u00f3 tamb\u00e9 treballar\u00e0 en la <a class=\"mh-excerpt-more\" href=\"https:\/\/tucomarca.whitekongsoftware.com\/ca\/la-diputacio-reforca-la-seua-collaboracio-amb-els-municipis-per-a-captar-fons-europeus-orientats-a-joventut-i-cultura\/\" title=\"La Diputaci\u00f3 refor\u00e7a la seua col\u00b7laboraci\u00f3 amb els municipis per a captar fons europeus orientats a joventut i cultura\">[+] <\/a><\/div>\n","protected":false},"author":12,"featured_media":289631,"comment_status":"open","ping_status":"open","sticky":false,"template":"","format":"standard","meta":{"footnotes":""},"categories":[10898,10948,10894,10904,11007,10947,10896],"tags":[11246,18614,21202,23650],"class_list":["post-289632","post","type-post","status-publish","format-standard","has-post-thumbnail","category-ventana-ca","category-infraestructuras-ca","category-la-comarca-ca","category-sin-categorizar-ca","category-ocio-y-cultura-ca","category-politica","category-seccion-ca","tag-diputacio-de-valencia-ca","tag-fondos-europeos-ca","tag-juan-ramon-adsuara","tag-marco-financiero-plurianual-ca"],"_links":{"self":[{"href":"https:\/\/tucomarca.whitekongsoftware.com\/ca\/wp-json\/wp\/v2\/posts\/289632","targetHints":{"allow":["GET"]}}],"collection":[{"href":"https:\/\/tucomarca.whitekongsoftware.com\/ca\/wp-json\/wp\/v2\/posts"}],"about":[{"href":"https:\/\/tucomarca.whitekongsoftware.com\/ca\/wp-json\/wp\/v2\/types\/post"}],"author":[{"embeddable":true,"href":"https:\/\/tucomarca.whitekongsoftware.com\/ca\/wp-json\/wp\/v2\/users\/12"}],"replies":[{"embeddable":true,"href":"https:\/\/tucomarca.whitekongsoftware.com\/ca\/wp-json\/wp\/v2\/comments?post=289632"}],"version-history":[{"count":0,"href":"https:\/\/tucomarca.whitekongsoftware.com\/ca\/wp-json\/wp\/v2\/posts\/289632\/revisions"}],"wp:featuredmedia":[{"embeddable":true,"href":"https:\/\/tucomarca.whitekongsoftware.com\/ca\/wp-json\/wp\/v2\/media\/289631"}],"wp:attachment":[{"href":"https:\/\/tucomarca.whitekongsoftware.com\/ca\/wp-json\/wp\/v2\/media?parent=289632"}],"wp:term":[{"taxonomy":"category","embeddable":true,"href":"https:\/\/tucomarca.whitekongsoftware.com\/ca\/wp-json\/wp\/v2\/categories?post=289632"},{"taxonomy":"post_tag","embeddable":true,"href":"https:\/\/tucomarca.whitekongsoftware.com\/ca\/wp-json\/wp\/v2\/tags?post=289632"}],"curies":[{"name":"wp","href":"https:\/\/api.w.org\/{rel}","templated":true}]}}