{"id":289444,"date":"2026-01-07T10:30:00","date_gmt":"2026-01-07T09:30:00","guid":{"rendered":"https:\/\/www.tucomarca.com\/wordpress\/segunda\/?p=289444"},"modified":"2026-03-12T00:27:27","modified_gmt":"2026-03-11T23:27:27","slug":"detinguts-els-presumptes-autors-de-12-robatoris-amb-forca-a-naquera","status":"publish","type":"post","link":"https:\/\/tucomarca.whitekongsoftware.com\/ca\/detinguts-els-presumptes-autors-de-12-robatoris-amb-forca-a-naquera\/","title":{"rendered":"Detinguts els presumptes autors de 12 robatoris amb for\u00e7a a N\u00e0quera"},"content":{"rendered":"\n<h3 class=\"wp-block-heading\">Se&#8217;ls atribueix l&#8217;autoria de 14 robatoris amb for\u00e7a, 12 d&#8217;ells en habitatges de la localitat valenciana de N\u00e0quera.<\/h3>\n\n\n\n<p class=\"wp-block-paragraph\">L&#8217;operaci\u00f3 va comen\u00e7ar al desembre de 2024, quan es van rebre diverses den\u00fancies per robatoris en habitatges de la localitat de N\u00e0quera emprant el mateix modus operandi. En aquests robatoris se sostreien, entre altres estris, joies i diners.&nbsp;<\/p>\n\n\n\n<p class=\"wp-block-paragraph\">En l&#8217;Operaci\u00f3 \u2018ROSMONT\u2019 han sigut claus els testimoniatges arreplegats pels agents a ve\u00efns i testimonis de la zona. Alguns d&#8217;ells van afirmar haver vist un vehicle rondant per la zona en actitud sospitosa. Posteriorment, i gr\u00e0cies a la labor d&#8217;investigaci\u00f3, es va poder posar el focus sobre un vehicle concret.&nbsp;<\/p>\n\n\n\n<p class=\"wp-block-paragraph\">Arran d&#8217;aquest fet, la Gu\u00e0rdia civil va intensificar la labor de vigil\u00e0ncia en les zones afectades i va realitzar un seguiment, tant del vehicle identificat com del suposat autor dels fets. Es va aconseguir corroborar que en les zones per les quals l&#8217;autor, a peu per camins per a evitar l&#8217;acci\u00f3 policial, rondava, es denunciaven robatoris en habitatges. En algun dels robatoris fins i tot va arribar a ser sorpr\u00e9s pels habitants, per la qual cosa es comptava amb descripci\u00f3 f\u00edsica d&#8217;aquest.&nbsp;<\/p>\n\n\n\n<p class=\"wp-block-paragraph\">En un altre dels robatoris comesos en un habitatge d&#8217;un complex de N\u00e0quera, l&#8217;autor va sostraure un tallagespa sense el cable d&#8217;alimentaci\u00f3 de c\u00e0rrega, ja que aquest es trobava ancorat al s\u00f2l. En dates posteriors, els agents van descobrir un anunci en un portal de compra i venda d&#8217;articles de segona m\u00e0 en el qual es posava a la venda aquesta mateixa eina sense aquest cable. El mateix va succeir amb diferents elements sostrets en robatoris similars, com diverses bicicletes i un ordinador que, l&#8217;autor dels fets, va anunciar en aquest portal dies i fins i tot hores, posteriors al robatori. El perfil de l&#8217;usuari de venda coincidia en tots ells encara que, m\u00e9s tard, els agents descobririen que es tractava d&#8217;un nom d&#8217;usuari fals.&nbsp;<\/p>\n\n\n\n<p class=\"wp-block-paragraph\">En un altre dels robatoris comesos en els col\u00b7legis p\u00fablics de les localitats de Serra (temptativa) i N\u00e0quera, es va comptar amb el testimoniatge d&#8217;un ve\u00ed que va presenciar un vehicle en actitud sospitosa, arribant fins i tot a gravar imatges d&#8217;aquest. Eixa mateixa nit, eixe vehicle va ser identificat per una patrulla de la Gu\u00e0rdia civil de B\u00e9tera. El mateix va oc\u00f3rrer amb un robatori esdevingut a l&#8217;octubre, en el qual les imatges de l&#8217;habitatge van captar a l&#8217;autor que, moments despr\u00e9s, va ser identificat en els voltants per una patrulla de la Policia Local de N\u00e0quera.&nbsp;<\/p>\n\n\n\n<p class=\"wp-block-paragraph\">De la investigaci\u00f3, els agents van poder con\u00e9ixer que l&#8217;autor estaria sent ajudat per la seua parella sentimental per a posar a la venda els articles de joieria, ja que disposava d&#8217;una quantitat que supera l&#8217;habitual de venda en establiments de compra venda de joies.&nbsp;<\/p>\n\n\n\n<p class=\"wp-block-paragraph\">Amb tot aix\u00f2, es procedeix a realitzar el registre en l&#8217;habitatge dels detinguts, on es localitza documentaci\u00f3, tant de persones com de vehicles, a nom de terceres persones, maquinaria i joies sostretes, vestimenta utilitzada en els robatoris i eines per a for\u00e7ar els habitatges. Com a resultat, es procedeix a la detenci\u00f3 de dues persones, un home i una dona de 34 i 33 anys i nacionalitat espanyola. Se&#8217;ls atribueixen 12 delictes de robatori amb for\u00e7a a casa habitada i 2 robatoris amb for\u00e7a en establiments p\u00fablics. &nbsp;<\/p>\n\n\n\n<p class=\"wp-block-paragraph\">La investigaci\u00f3 ha sigut duta a terme per agents del Lloc principal de B\u00e9tera amb la col\u00b7laboraci\u00f3 de la Policia Local de N\u00e0quera.&nbsp;<\/p>\n\n\n\n<p class=\"wp-block-paragraph\">Les dilig\u00e8ncies van ser entregades en el Jutjat de Primera Inst\u00e0ncia i Instrucci\u00f3 n\u00famero 6 de Ll\u00edria.<\/p>\n\n\n\n<figure class=\"wp-block-gallery has-nested-images columns-2 is-cropped wp-block-gallery-1 is-layout-flex wp-block-gallery-is-layout-flex\">\n<figure class=\"wp-block-image size-large\"><img loading=\"lazy\" decoding=\"async\" width=\"1024\" height=\"576\" data-id=\"289440\" src=\"https:\/\/www.tucomarca.com\/wordpress\/segunda\/wp-content\/uploads\/2026\/01\/NaqueraRobos5-1024x576.jpg\" alt=\"\" class=\"wp-image-289440\" srcset=\"https:\/\/tucomarca.whitekongsoftware.com\/wp-content\/uploads\/2026\/01\/NaqueraRobos5-1024x576.jpg 1024w, https:\/\/tucomarca.whitekongsoftware.com\/wp-content\/uploads\/2026\/01\/NaqueraRobos5-300x169.jpg 300w, https:\/\/tucomarca.whitekongsoftware.com\/wp-content\/uploads\/2026\/01\/NaqueraRobos5-768x432.jpg 768w, https:\/\/tucomarca.whitekongsoftware.com\/wp-content\/uploads\/2026\/01\/NaqueraRobos5-1536x864.jpg 1536w, https:\/\/tucomarca.whitekongsoftware.com\/wp-content\/uploads\/2026\/01\/NaqueraRobos5-678x381.jpg 678w, https:\/\/tucomarca.whitekongsoftware.com\/wp-content\/uploads\/2026\/01\/NaqueraRobos5.jpg 1920w\" sizes=\"auto, (max-width: 1024px) 100vw, 1024px\" \/><\/figure>\n\n\n\n<figure class=\"wp-block-image size-large\"><img loading=\"lazy\" decoding=\"async\" width=\"1024\" height=\"576\" data-id=\"289434\" src=\"https:\/\/www.tucomarca.com\/wordpress\/segunda\/wp-content\/uploads\/2026\/01\/NaqueraRobos2-1024x576.jpg\" alt=\"\" class=\"wp-image-289434\" srcset=\"https:\/\/tucomarca.whitekongsoftware.com\/wp-content\/uploads\/2026\/01\/NaqueraRobos2-1024x576.jpg 1024w, https:\/\/tucomarca.whitekongsoftware.com\/wp-content\/uploads\/2026\/01\/NaqueraRobos2-300x169.jpg 300w, https:\/\/tucomarca.whitekongsoftware.com\/wp-content\/uploads\/2026\/01\/NaqueraRobos2-768x432.jpg 768w, https:\/\/tucomarca.whitekongsoftware.com\/wp-content\/uploads\/2026\/01\/NaqueraRobos2-1536x864.jpg 1536w, https:\/\/tucomarca.whitekongsoftware.com\/wp-content\/uploads\/2026\/01\/NaqueraRobos2-678x381.jpg 678w, https:\/\/tucomarca.whitekongsoftware.com\/wp-content\/uploads\/2026\/01\/NaqueraRobos2.jpg 1920w\" sizes=\"auto, (max-width: 1024px) 100vw, 1024px\" \/><\/figure>\n\n\n\n<figure class=\"wp-block-image size-large\"><img loading=\"lazy\" decoding=\"async\" width=\"1024\" height=\"576\" data-id=\"289438\" src=\"https:\/\/www.tucomarca.com\/wordpress\/segunda\/wp-content\/uploads\/2026\/01\/NaqueraRobos4-1024x576.jpg\" alt=\"\" class=\"wp-image-289438\" srcset=\"https:\/\/tucomarca.whitekongsoftware.com\/wp-content\/uploads\/2026\/01\/NaqueraRobos4-1024x576.jpg 1024w, https:\/\/tucomarca.whitekongsoftware.com\/wp-content\/uploads\/2026\/01\/NaqueraRobos4-300x169.jpg 300w, https:\/\/tucomarca.whitekongsoftware.com\/wp-content\/uploads\/2026\/01\/NaqueraRobos4-768x432.jpg 768w, https:\/\/tucomarca.whitekongsoftware.com\/wp-content\/uploads\/2026\/01\/NaqueraRobos4-1536x864.jpg 1536w, https:\/\/tucomarca.whitekongsoftware.com\/wp-content\/uploads\/2026\/01\/NaqueraRobos4-678x381.jpg 678w, https:\/\/tucomarca.whitekongsoftware.com\/wp-content\/uploads\/2026\/01\/NaqueraRobos4.jpg 1920w\" sizes=\"auto, (max-width: 1024px) 100vw, 1024px\" \/><\/figure>\n\n\n\n<figure class=\"wp-block-image size-large\"><img loading=\"lazy\" decoding=\"async\" width=\"1024\" height=\"576\" data-id=\"289436\" src=\"https:\/\/www.tucomarca.com\/wordpress\/segunda\/wp-content\/uploads\/2026\/01\/NaqueraRobos3-1024x576.jpg\" alt=\"\" class=\"wp-image-289436\" srcset=\"https:\/\/tucomarca.whitekongsoftware.com\/wp-content\/uploads\/2026\/01\/NaqueraRobos3-1024x576.jpg 1024w, https:\/\/tucomarca.whitekongsoftware.com\/wp-content\/uploads\/2026\/01\/NaqueraRobos3-300x169.jpg 300w, https:\/\/tucomarca.whitekongsoftware.com\/wp-content\/uploads\/2026\/01\/NaqueraRobos3-768x432.jpg 768w, https:\/\/tucomarca.whitekongsoftware.com\/wp-content\/uploads\/2026\/01\/NaqueraRobos3-1536x864.jpg 1536w, https:\/\/tucomarca.whitekongsoftware.com\/wp-content\/uploads\/2026\/01\/NaqueraRobos3-678x381.jpg 678w, https:\/\/tucomarca.whitekongsoftware.com\/wp-content\/uploads\/2026\/01\/NaqueraRobos3.jpg 1920w\" sizes=\"auto, (max-width: 1024px) 100vw, 1024px\" \/><\/figure>\n<\/figure>\n","protected":false},"excerpt":{"rendered":"<div class=\"mh-excerpt\">Se&#8217;ls atribueix l&#8217;autoria de 14 robatoris amb for\u00e7a, 12 d&#8217;ells en habitatges de la localitat valenciana de N\u00e0quera. L&#8217;operaci\u00f3 va comen\u00e7ar al desembre de 2024, quan es van rebre diverses den\u00fancies per robatoris en habitatges <a class=\"mh-excerpt-more\" href=\"https:\/\/tucomarca.whitekongsoftware.com\/ca\/detinguts-els-presumptes-autors-de-12-robatoris-amb-forca-a-naquera\/\" title=\"Detinguts els presumptes autors de 12 robatoris amb for\u00e7a a N\u00e0quera\">[+] <\/a><\/div>\n","protected":false},"author":1,"featured_media":289433,"comment_status":"open","ping_status":"open","sticky":false,"template":"","format":"gallery","meta":{"footnotes":""},"categories":[10892,10898,10894,10904,10936,10896,10897],"tags":[10899,11118,11134],"class_list":["post-289444","post","type-post","status-publish","format-gallery","has-post-thumbnail","category-camp-de-turia-ca","category-ventana-ca","category-la-comarca-ca","category-sin-categorizar-ca","category-naquera-ca","category-seccion-ca","category-sucesos-la-comarca-ca","tag-camp-de-turia-ca","tag-guardia-civil-ca","tag-naquera-ca","post_format-post-format-gallery"],"_links":{"self":[{"href":"https:\/\/tucomarca.whitekongsoftware.com\/ca\/wp-json\/wp\/v2\/posts\/289444","targetHints":{"allow":["GET"]}}],"collection":[{"href":"https:\/\/tucomarca.whitekongsoftware.com\/ca\/wp-json\/wp\/v2\/posts"}],"about":[{"href":"https:\/\/tucomarca.whitekongsoftware.com\/ca\/wp-json\/wp\/v2\/types\/post"}],"author":[{"embeddable":true,"href":"https:\/\/tucomarca.whitekongsoftware.com\/ca\/wp-json\/wp\/v2\/users\/1"}],"replies":[{"embeddable":true,"href":"https:\/\/tucomarca.whitekongsoftware.com\/ca\/wp-json\/wp\/v2\/comments?post=289444"}],"version-history":[{"count":0,"href":"https:\/\/tucomarca.whitekongsoftware.com\/ca\/wp-json\/wp\/v2\/posts\/289444\/revisions"}],"wp:featuredmedia":[{"embeddable":true,"href":"https:\/\/tucomarca.whitekongsoftware.com\/ca\/wp-json\/wp\/v2\/media\/289433"}],"wp:attachment":[{"href":"https:\/\/tucomarca.whitekongsoftware.com\/ca\/wp-json\/wp\/v2\/media?parent=289444"}],"wp:term":[{"taxonomy":"category","embeddable":true,"href":"https:\/\/tucomarca.whitekongsoftware.com\/ca\/wp-json\/wp\/v2\/categories?post=289444"},{"taxonomy":"post_tag","embeddable":true,"href":"https:\/\/tucomarca.whitekongsoftware.com\/ca\/wp-json\/wp\/v2\/tags?post=289444"}],"curies":[{"name":"wp","href":"https:\/\/api.w.org\/{rel}","templated":true}]}}