{"id":289413,"date":"2026-01-06T20:45:00","date_gmt":"2026-01-06T19:45:00","guid":{"rendered":"https:\/\/www.tucomarca.com\/wordpress\/segunda\/?p=289413"},"modified":"2026-01-05T14:43:12","modified_gmt":"2026-01-05T13:43:12","slug":"la-diputacio-comenca-a-implantar-en-els-primers-ajuntaments-la-seua-nova-aplicacio-de-queixes-ciutadanes","status":"publish","type":"post","link":"https:\/\/tucomarca.whitekongsoftware.com\/ca\/la-diputacio-comenca-a-implantar-en-els-primers-ajuntaments-la-seua-nova-aplicacio-de-queixes-ciutadanes\/","title":{"rendered":"La Diputaci\u00f3 comen\u00e7a a implantar en els primers ajuntaments la seua nova aplicaci\u00f3 de queixes ciutadanes"},"content":{"rendered":"\n<h3 class=\"wp-block-heading\">Els habitants dels municipis de Pu\u00e7ol, Requena, San Antonio de Benag\u00e9ber i Catarroja ja poden comunicar a l&#8217;instant, des de l&#8217;APP, els desperfectes, millores o suggeriments que vagen observant en el seu entorn.<\/h3>\n\n\n\n<p class=\"wp-block-paragraph\">La Diputaci\u00f3 de Val\u00e8ncia ja ha comen\u00e7at a implantar en els primers ajuntaments la seua nova aplicaci\u00f3 web, de nom CIVIS, que ha posat a la disposici\u00f3 dels municipis de la prov\u00edncia perqu\u00e8 els seus ciutadans puguen comunicar a l&#8217;instant, i de manera senzilla i r\u00e0pida, els desperfectes, millores o suggeriments que vagen observant en el seu entorn. Els ajuntaments pilots en els quals s&#8217;est\u00e0 implantant esta aplicaci\u00f3 s\u00f3n Pu\u00e7ol, Requena, San Antonio de Benag\u00e9ber i Catarroja.<\/p>\n\n\n\n<p class=\"wp-block-paragraph\">Gr\u00e0cies a esta ferramenta, desenvolupada per l&#8217;\u00e0rea d&#8217;Inform\u00e0tica que dirigix el diputat Juan Ram\u00f3n Adsuara, els habitants d&#8217;estes quatre localitats ja poden enviar des del seu tel\u00e8fon m\u00f2bil avisos r\u00e0pids sobre desperfectes en la via p\u00fablica, suggeriments i, fins i tot, agra\u00efments, seleccionant una de les categories disponibles: plagues, residus, enllumenat, parcs, cal\u00e7ades, connexions wifi, sorolls, mobiliari urb\u00e0, sem\u00e0fors\u2026 Els avisos es generen i es geolocalizan en el mapa per a ser atesos al m\u00e9s prompte possible per l&#8217;ajuntament. Paral\u00b7lelament, el sistema es comunicar\u00e0 amb el ciutad\u00e0 a trav\u00e9s del tel\u00e8fon m\u00f2bil per a informar-lo sobre l&#8217;estat de la seua incid\u00e8ncia.<\/p>\n\n\n\n<p class=\"wp-block-paragraph\">\u201cEsta nova APP suposa un avan\u00e7 significatiu en la modernitzaci\u00f3 digital de l&#8217;administraci\u00f3 local, una de les prioritats de la Diputaci\u00f3. Es tracta una ferramenta pr\u00e0ctica i din\u00e0mica que, a m\u00e9s, incorpora funcions innovadores, com la gesti\u00f3 d&#8217;inscripcions i cites pr\u00e8vies, acostant l&#8217;administraci\u00f3 als ciutadans de manera intu\u00eftiva i efica\u00e7\u201d, ha destacat Juan Ram\u00f3n Adsuara, diputat d&#8217;Inform\u00e0tica. Aix\u00ed mateix, ha afegit que \u201cgr\u00e0cies a esta aplicaci\u00f3, els ajuntaments, especialment els m\u00e9s xicotets i amb menys recursos, podran resoldre de forma m\u00e9s eficient les incid\u00e8ncies dels seus municipis\u201d.<\/p>\n\n\n\n<p class=\"wp-block-paragraph\"><strong>Simplificaci\u00f3 en la gesti\u00f3<\/strong><\/p>\n\n\n\n<p class=\"wp-block-paragraph\">L&#8217;aplicaci\u00f3 inclou ferramentes que simplifiquen substancialment la gesti\u00f3 de les incid\u00e8ncies per part dels ajuntaments. D&#8217;una banda, se&#8217;ls oferix un panell de gesti\u00f3 que centralitza i agilitza la recepci\u00f3, organitzaci\u00f3 i resoluci\u00f3 de les queixes. Permet prioritzar les incid\u00e8ncies, assignar-les als equips responsables i fer un seguiment en temps real de cada cas, reduint amb aix\u00f2 els temps de resposta.<\/p>\n\n\n\n<p class=\"wp-block-paragraph\">A m\u00e9s, el panell va generant informes i estad\u00edstiques que ajudaran a identificar tend\u00e8ncies i \u00e0rees problem\u00e0tiques, facilitant l&#8217;elaboraci\u00f3 d&#8217;estrat\u00e8gies i la prevenci\u00f3 dels problemes. Per exemple, si es produ\u00efx una queixa per part de diversos ve\u00efns un dia de la setmana a una mateixa hora en concret, l&#8217;ajuntament tindr\u00e0 m\u00e9s informaci\u00f3 per a actuar sobre eixa incid\u00e8ncia.<\/p>\n\n\n\n<p class=\"wp-block-paragraph\">La nova aplicaci\u00f3 CIVIS estar\u00e0 disponible per a tots els ajuntaments de la prov\u00edncia que formen part de la plataforma Portals Municipals, una iniciativa impulsada per la Diputaci\u00f3 per a garantir la pres\u00e8ncia en Internet de les entitats locals valencianes. La plataforma oferix assist\u00e8ncia t\u00e8cnica, suport i actualitzaci\u00f3 cont\u00ednua de les p\u00e0gines web municipals dels municipis adherits.<\/p>\n","protected":false},"excerpt":{"rendered":"<div class=\"mh-excerpt\">Els habitants dels municipis de Pu\u00e7ol, Requena, San Antonio de Benag\u00e9ber i Catarroja ja poden comunicar a l&#8217;instant, des de l&#8217;APP, els desperfectes, millores o suggeriments que vagen observant en el seu entorn. La Diputaci\u00f3 <a class=\"mh-excerpt-more\" href=\"https:\/\/tucomarca.whitekongsoftware.com\/ca\/la-diputacio-comenca-a-implantar-en-els-primers-ajuntaments-la-seua-nova-aplicacio-de-queixes-ciutadanes\/\" title=\"La Diputaci\u00f3 comen\u00e7a a implantar en els primers ajuntaments la seua nova aplicaci\u00f3 de queixes ciutadanes\">[+] <\/a><\/div>\n","protected":false},"author":12,"featured_media":289404,"comment_status":"open","ping_status":"open","sticky":false,"template":"","format":"standard","meta":{"footnotes":""},"categories":[10892,10898,10948,10894,10904,10947,10908,10909,10934,10896],"tags":[10899,11246,11099,10910,11147],"class_list":["post-289413","post","type-post","status-publish","format-standard","has-post-thumbnail","category-camp-de-turia-ca","category-ventana-ca","category-infraestructuras-ca","category-la-comarca-ca","category-sin-categorizar-ca","category-politica","category-requena-ca","category-requena-utiel-ca","category-san-antonio-de-benageber-ca","category-seccion-ca","tag-camp-de-turia-ca","tag-diputacio-de-valencia-ca","tag-requena-ca","tag-requena-utiel-ca","tag-san-antoni-de-benageber"],"_links":{"self":[{"href":"https:\/\/tucomarca.whitekongsoftware.com\/ca\/wp-json\/wp\/v2\/posts\/289413","targetHints":{"allow":["GET"]}}],"collection":[{"href":"https:\/\/tucomarca.whitekongsoftware.com\/ca\/wp-json\/wp\/v2\/posts"}],"about":[{"href":"https:\/\/tucomarca.whitekongsoftware.com\/ca\/wp-json\/wp\/v2\/types\/post"}],"author":[{"embeddable":true,"href":"https:\/\/tucomarca.whitekongsoftware.com\/ca\/wp-json\/wp\/v2\/users\/12"}],"replies":[{"embeddable":true,"href":"https:\/\/tucomarca.whitekongsoftware.com\/ca\/wp-json\/wp\/v2\/comments?post=289413"}],"version-history":[{"count":0,"href":"https:\/\/tucomarca.whitekongsoftware.com\/ca\/wp-json\/wp\/v2\/posts\/289413\/revisions"}],"wp:featuredmedia":[{"embeddable":true,"href":"https:\/\/tucomarca.whitekongsoftware.com\/ca\/wp-json\/wp\/v2\/media\/289404"}],"wp:attachment":[{"href":"https:\/\/tucomarca.whitekongsoftware.com\/ca\/wp-json\/wp\/v2\/media?parent=289413"}],"wp:term":[{"taxonomy":"category","embeddable":true,"href":"https:\/\/tucomarca.whitekongsoftware.com\/ca\/wp-json\/wp\/v2\/categories?post=289413"},{"taxonomy":"post_tag","embeddable":true,"href":"https:\/\/tucomarca.whitekongsoftware.com\/ca\/wp-json\/wp\/v2\/tags?post=289413"}],"curies":[{"name":"wp","href":"https:\/\/api.w.org\/{rel}","templated":true}]}}