{"id":289363,"date":"2026-01-05T12:00:00","date_gmt":"2026-01-05T11:00:00","guid":{"rendered":"https:\/\/www.tucomarca.com\/wordpress\/segunda\/?p=289363"},"modified":"2026-01-05T14:46:11","modified_gmt":"2026-01-05T13:46:11","slug":"el-temporal-de-fred-i-pluja-obliga-a-suspendre-la-majoria-de-les-cavalcades-de-reis-a-linterior-i-a-traslladar-a-ses-majestats-a-espais-tancats","status":"publish","type":"post","link":"https:\/\/tucomarca.whitekongsoftware.com\/ca\/el-temporal-de-fred-i-pluja-obliga-a-suspendre-la-majoria-de-les-cavalcades-de-reis-a-linterior-i-a-traslladar-a-ses-majestats-a-espais-tancats\/","title":{"rendered":"El temporal de fred i pluja obliga a suspendre la majoria de les cavalcades de Reis a l&#8217;interior i a traslladar a Ses Majestats a espais tancats"},"content":{"rendered":"\n<p class=\"wp-block-paragraph\">L\u2019episodi de fred intens, pluges persistents i previsi\u00f3 de nevades a les zones d\u2019interior ha obligat nombrosos municipis de l\u2019interior de la prov\u00edncia de Val\u00e8ncia a suspendre o modificar la celebraci\u00f3 de les tradicionals Cavalcades de Reis, previstes per als pr\u00f2xims dies.<\/p>\n\n\n\n<p class=\"wp-block-paragraph\">Davant les condicions meteorol\u00f2giques adverses i amb l\u2019objectiu de garantir la seguretat de la ciutadania, especialment de les xiquetes i els xiquets, la majoria d\u2019ajuntaments ha optat per cancel\u00b7lar els recorreguts a l\u2019aire lliure i traslladar les visites de Ses Majestats els Reis Mags d\u2019Orient a espais tancats, com poliesportius, centres culturals o salons d\u2019actes municipals.<\/p>\n\n\n\n<p class=\"wp-block-paragraph\">Les comarques de l\u2019interior, entre les quals es troben Requena-Utiel, el Rac\u00f3 d\u2019Adem\u00fas, la Foia de Bu\u00f1ol, la Canal de Navarr\u00e9s i la Ribera Alta, figuren entre les m\u00e9s afectades per este temporal, que ha provocat un notable descens de les temperatures, acumulaci\u00f3 de precipitacions i risc de formaci\u00f3 de gel a carreteres i espais p\u00fablics.<\/p>\n\n\n\n<p class=\"wp-block-paragraph\">En el cas d&#8217;Utiel durant el mat\u00ed de dia 5, encara est\u00e0 en l&#8217;aire fer la cavalcada, per\u00f2 les seues majestats estan atenent els m\u00e9s xicotets en el teatre Rambal; en el cas de Tur\u00eds la cavalcada es trasllada al dimarts, 6 de gener, a les 10,00 h i finalitzar\u00e0 al Teatre Ideal per a repartir alguns regals. Godelleta rebr\u00e0 als Reis Mags en la sala d&#8217;actes d&#8217;ajuntament; Bunyol ho far\u00e0 en el Pavell\u00f3 Poliesportiu del Planell.<\/p>\n\n\n\n<p class=\"wp-block-paragraph\">Xest susp\u00e9n la Cavalcada de Reis, no obstant aix\u00f2, els xiquets i xiquetes no es quedaran sense rebre a Ses Majestats els Reis Mags. La recepci\u00f3 tindr\u00e0 lloc en el Teatre Liceu a les 18,00 hores, on s&#8217;ha preparat una programaci\u00f3. A Xiva els Reis Mags rebran als xiquets hui, 5 de gener, al Cinema Teatre Municipal Astoria, i perqu\u00e8 tots puguen veure&#8217;ls es rebran en dos torns: primer torn. 17.00 hores; segon torn. 19.00 hores. L&#8217;entrada \u00e9s gratu\u00efta i obligat\u00f2ria. Arreplegar en taquilla del Teatre Astoria de 9.00 a 14.00 hores.<\/p>\n\n\n\n<p class=\"wp-block-paragraph\">Malgrat la suspensi\u00f3 de les cavalcades en el seu format habitual, Ses Majestats els Reis Mags mantindran la seua visita als municipis, adaptant la programaci\u00f3 per a continuar portant il\u00b7lusi\u00f3 als m\u00e9s menuts en condicions de seguretat. En molts casos, les recepcions es realitzaran en horaris esglaonats i amb mesures organitzatives especials.<\/p>\n\n\n\n<p class=\"wp-block-paragraph\">Des dels ajuntaments i els serveis d\u2019emerg\u00e8ncia es recomana evitar despla\u00e7aments innecessaris, extremar la precauci\u00f3 davant la possible formaci\u00f3 de plaques de gel i seguir en tot moment les indicacions de Protecci\u00f3 Civil. La previsi\u00f3 meteorol\u00f2gica indica que el temporal podria prolongar-se durant les pr\u00f2ximes hores, mantenint un ambient plenament hivernal a l\u2019interior de la prov\u00edncia de Val\u00e8ncia.<\/p>\n","protected":false},"excerpt":{"rendered":"<div class=\"mh-excerpt\">L\u2019episodi de fred intens, pluges persistents i previsi\u00f3 de nevades a les zones d\u2019interior ha obligat nombrosos municipis de l\u2019interior de la prov\u00edncia de Val\u00e8ncia a suspendre o modificar la celebraci\u00f3 de les tradicionals Cavalcades <a class=\"mh-excerpt-more\" href=\"https:\/\/tucomarca.whitekongsoftware.com\/ca\/el-temporal-de-fred-i-pluja-obliga-a-suspendre-la-majoria-de-les-cavalcades-de-reis-a-linterior-i-a-traslladar-a-ses-majestats-a-espais-tancats\/\" title=\"El temporal de fred i pluja obliga a suspendre la majoria de les cavalcades de Reis a l&#8217;interior i a traslladar a Ses Majestats a espais tancats\">[+] <\/a><\/div>\n","protected":false},"author":12,"featured_media":289412,"comment_status":"open","ping_status":"open","sticky":false,"template":"","format":"standard","meta":{"footnotes":""},"categories":[10890,11019,10951,10898,10963,10894,10904,10912,10903,11007,10909,10896,10897,11059],"tags":[23646,10914,11928,10910,23647],"class_list":["post-289363","post","type-post","status-publish","format-standard","has-post-thumbnail","category-ademus","category-agenda-ca","category-ayora-cofrentes-ca","category-ventana-ca","category-la-canal-de-navarres-ca","category-la-comarca-ca","category-sin-categorizar-ca","category-la-hoya-ca","category-medio-ambiente-la-comarca-ca","category-ocio-y-cultura-ca","category-requena-utiel-ca","category-seccion-ca","category-sucesos-la-comarca-ca","category-utiel-ca","tag-cabalgatas-de-reyes-ca","tag-la-hoya-de-bunol-chiva-ca","tag-la-serrania-ca","tag-requena-utiel-ca","tag-temporal-de-frio-y-lluvia-ca"],"_links":{"self":[{"href":"https:\/\/tucomarca.whitekongsoftware.com\/ca\/wp-json\/wp\/v2\/posts\/289363","targetHints":{"allow":["GET"]}}],"collection":[{"href":"https:\/\/tucomarca.whitekongsoftware.com\/ca\/wp-json\/wp\/v2\/posts"}],"about":[{"href":"https:\/\/tucomarca.whitekongsoftware.com\/ca\/wp-json\/wp\/v2\/types\/post"}],"author":[{"embeddable":true,"href":"https:\/\/tucomarca.whitekongsoftware.com\/ca\/wp-json\/wp\/v2\/users\/12"}],"replies":[{"embeddable":true,"href":"https:\/\/tucomarca.whitekongsoftware.com\/ca\/wp-json\/wp\/v2\/comments?post=289363"}],"version-history":[{"count":0,"href":"https:\/\/tucomarca.whitekongsoftware.com\/ca\/wp-json\/wp\/v2\/posts\/289363\/revisions"}],"wp:featuredmedia":[{"embeddable":true,"href":"https:\/\/tucomarca.whitekongsoftware.com\/ca\/wp-json\/wp\/v2\/media\/289412"}],"wp:attachment":[{"href":"https:\/\/tucomarca.whitekongsoftware.com\/ca\/wp-json\/wp\/v2\/media?parent=289363"}],"wp:term":[{"taxonomy":"category","embeddable":true,"href":"https:\/\/tucomarca.whitekongsoftware.com\/ca\/wp-json\/wp\/v2\/categories?post=289363"},{"taxonomy":"post_tag","embeddable":true,"href":"https:\/\/tucomarca.whitekongsoftware.com\/ca\/wp-json\/wp\/v2\/tags?post=289363"}],"curies":[{"name":"wp","href":"https:\/\/api.w.org\/{rel}","templated":true}]}}