{"id":289301,"date":"2026-01-02T11:45:00","date_gmt":"2026-01-02T10:45:00","guid":{"rendered":"https:\/\/www.tucomarca.com\/wordpress\/segunda\/el-ayuntamiento-de-requena-recomienda-a-la-poblacion-almacenar-alimentos-ante-un-previsible-aislamiento-a-causa-de-la-nieve-en-los-proximos-dias\/"},"modified":"2026-01-02T19:23:58","modified_gmt":"2026-01-02T18:23:58","slug":"el-ayuntamiento-de-requena-recomienda-a-la-poblacion-almacenar-alimentos-ante-un-previsible-aislamiento-a-causa-de-la-nieve-en-los-proximos-dias","status":"publish","type":"post","link":"https:\/\/tucomarca.whitekongsoftware.com\/ca\/el-ayuntamiento-de-requena-recomienda-a-la-poblacion-almacenar-alimentos-ante-un-previsible-aislamiento-a-causa-de-la-nieve-en-los-proximos-dias\/","title":{"rendered":"L&#8217;Ajuntament de Requena recomana a la poblaci\u00f3 emmagatzemar aliments davant un previsible a\u00efllament a causa de la neu en els pr\u00f2xims dies"},"content":{"rendered":"\n<p class=\"wp-block-paragraph\">L&#8217;Ajuntament&nbsp; de Requena ha publicat una s\u00e8rie de recomanacions a la ciutadania&nbsp;davant la previsi\u00f3 de neu per a la matinada del 4 al 5 de gener aix\u00ed com durant el dia 5.<\/p>\n\n\n\n<p class=\"wp-block-paragraph\">El consistori ha distribu\u00eft a trav\u00e9s de les xarxes socials recomanacions que inclouen la de&nbsp;&#8220;emmagatzemar aliments i combustibles per a un per\u00edode d&#8217;a\u00efllament d&#8217;una setmana&#8221; aix\u00ed com que s&#8217;adquirisquen piles de recanvi per als aparells de r\u00e0dio.<\/p>\n\n\n\n<p class=\"wp-block-paragraph\">Unes mesures que han sigut anunciades despr\u00e9s de la reuni\u00f3 de coordinaci\u00f3 celebrada aquest divendres per l&#8217;Ajuntament de Requena en la qual s&#8217;han repassat les vies d&#8217;evacuaci\u00f3, el Pla d&#8217;Emerg\u00e8ncia i s&#8217;ha establit el&nbsp;protocol de retirada de neu, prioritzant les principals vies del municipi i accessos, els diferents barris i els accessos a serveis essencials com el centre de salut, l&#8217;hospital, la resid\u00e8ncia i els llogarets.<\/p>\n\n\n\n<p class=\"wp-block-paragraph\">Tamb\u00e9 s&#8217;han coordinat les primeres actuacions, com l&#8217;escampat de sal en els accessos que puguen resultar m\u00e9s conflictius, especialment en pedanies com Les Nogueras, Villar de Olmos i La Canyada.<\/p>\n","protected":false},"excerpt":{"rendered":"<div class=\"mh-excerpt\">L&#8217;Ajuntament&nbsp; de Requena ha publicat una s\u00e8rie de recomanacions a la ciutadania&nbsp;davant la previsi\u00f3 de neu per a la matinada del 4 al 5 de gener aix\u00ed com durant el dia 5. El consistori ha <a class=\"mh-excerpt-more\" href=\"https:\/\/tucomarca.whitekongsoftware.com\/ca\/el-ayuntamiento-de-requena-recomienda-a-la-poblacion-almacenar-alimentos-ante-un-previsible-aislamiento-a-causa-de-la-nieve-en-los-proximos-dias\/\" title=\"L&#8217;Ajuntament de Requena recomana a la poblaci\u00f3 emmagatzemar aliments davant un previsible a\u00efllament a causa de la neu en els pr\u00f2xims dies\">[+] <\/a><\/div>\n","protected":false},"author":1,"featured_media":210460,"comment_status":"open","ping_status":"open","sticky":false,"template":"","format":"standard","meta":{"footnotes":""},"categories":[10898,10948,10894,10904,10903,10947,10908,10909,10896,10897],"tags":[11916,11099,10910],"class_list":["post-289301","post","type-post","status-publish","format-standard","has-post-thumbnail","category-ventana-ca","category-infraestructuras-ca","category-la-comarca-ca","category-sin-categorizar-ca","category-medio-ambiente-la-comarca-ca","category-politica","category-requena-ca","category-requena-utiel-ca","category-seccion-ca","category-sucesos-la-comarca-ca","tag-nieve-ca","tag-requena-ca","tag-requena-utiel-ca"],"_links":{"self":[{"href":"https:\/\/tucomarca.whitekongsoftware.com\/ca\/wp-json\/wp\/v2\/posts\/289301","targetHints":{"allow":["GET"]}}],"collection":[{"href":"https:\/\/tucomarca.whitekongsoftware.com\/ca\/wp-json\/wp\/v2\/posts"}],"about":[{"href":"https:\/\/tucomarca.whitekongsoftware.com\/ca\/wp-json\/wp\/v2\/types\/post"}],"author":[{"embeddable":true,"href":"https:\/\/tucomarca.whitekongsoftware.com\/ca\/wp-json\/wp\/v2\/users\/1"}],"replies":[{"embeddable":true,"href":"https:\/\/tucomarca.whitekongsoftware.com\/ca\/wp-json\/wp\/v2\/comments?post=289301"}],"version-history":[{"count":0,"href":"https:\/\/tucomarca.whitekongsoftware.com\/ca\/wp-json\/wp\/v2\/posts\/289301\/revisions"}],"wp:featuredmedia":[{"embeddable":true,"href":"https:\/\/tucomarca.whitekongsoftware.com\/ca\/wp-json\/wp\/v2\/media\/210460"}],"wp:attachment":[{"href":"https:\/\/tucomarca.whitekongsoftware.com\/ca\/wp-json\/wp\/v2\/media?parent=289301"}],"wp:term":[{"taxonomy":"category","embeddable":true,"href":"https:\/\/tucomarca.whitekongsoftware.com\/ca\/wp-json\/wp\/v2\/categories?post=289301"},{"taxonomy":"post_tag","embeddable":true,"href":"https:\/\/tucomarca.whitekongsoftware.com\/ca\/wp-json\/wp\/v2\/tags?post=289301"}],"curies":[{"name":"wp","href":"https:\/\/api.w.org\/{rel}","templated":true}]}}