{"id":289280,"date":"2026-01-02T11:15:00","date_gmt":"2026-01-02T10:15:00","guid":{"rendered":"https:\/\/www.tucomarca.com\/wordpress\/segunda\/?p=289280"},"modified":"2026-01-02T19:15:26","modified_gmt":"2026-01-02T18:15:26","slug":"la-diputacio-consolida-el-programa-dassessorament-en-sostenibilitat-amb-mes-de-3-000-empreses-participants","status":"publish","type":"post","link":"https:\/\/tucomarca.whitekongsoftware.com\/ca\/la-diputacio-consolida-el-programa-dassessorament-en-sostenibilitat-amb-mes-de-3-000-empreses-participants\/","title":{"rendered":"La Diputaci\u00f3 consolida el programa d&#8217;assessorament en sostenibilitat amb m\u00e9s de 3.000 empreses participants"},"content":{"rendered":"\n<h3 class=\"wp-block-heading\">La corporaci\u00f3 provincial finan\u00e7a amb 68.000 euros l&#8217;Oficina de Sostenibilitat 2025 de C\u00e1mara Valencia, un servici gratu\u00eft de suport t\u00e8cnic i formatiu per a pimes i aut\u00f2noms.<\/h3>\n\n\n\n<h3 class=\"wp-block-heading\">La vicepresidenta Nat\u00e0lia Enguix destaca que \u201ceste programa \u00e9s un exemple m\u00e9s del treball que fem perqu\u00e8 les pol\u00edtiques p\u00fabliques arriben a tot el territori i es tradu\u00efsquen en ferramentes \u00fatils, en esta ocasi\u00f3, per a millorar la competitivitat i sostenibilitat del nostre teixit productiu\u201d.<\/h3>\n\n\n\n<p class=\"wp-block-paragraph\">La Diputaci\u00f3 de Val\u00e8ncia, a trav\u00e9s de l&#8217;\u00c0rea de Cooperaci\u00f3 Municipal, ha finan\u00e7at este 2025 l&#8217;Oficina de Sostenibilitat, un programa d&#8217;assessorament t\u00e8cnic, diagn\u00f2stic i formaci\u00f3 dirigit a pimes i aut\u00f2noms. La iniciativa compta amb una dotaci\u00f3 nominativa de 68.000 euros a C\u00e1mara Valencia, que assumix la gesti\u00f3 t\u00e8cnica i l&#8217;execuci\u00f3 de les actuacions.<\/p>\n\n\n\n<p class=\"wp-block-paragraph\">L&#8217;Oficina de Sostenibilitat ha oferit un servici gratu\u00eft d&#8217;atenci\u00f3 i acompanyament a organitzacions interessades a incorporar criteris de sostenibilitat en la seua activitat, mitjan\u00e7ant la resoluci\u00f3 de consultes t\u00e8cniques, la realitzaci\u00f3 de diagn\u00f2stics individualitzats i l&#8217;elaboraci\u00f3 de plans d&#8217;acci\u00f3 adaptats a la realitat de cada entitat. En este context, la vicepresidenta primera i diputada de Cooperaci\u00f3 Municipal, Nat\u00e0lia Enguix, ha assenyalat que \u201cdes de la Diputaci\u00f3 treballem perqu\u00e8 les pol\u00edtiques p\u00fabliques arriben al conjunt del territori i es tradu\u00efsquen en ferramentes \u00fatils, en esta ocasi\u00f3, per a millorar la competitivitat i sostenibilitat del nostre teixit productiu\u201d. Un bon exemple d&#8217;aix\u00f2, segons remarca Enguix \u00e9s \u201cel finan\u00e7ament d&#8217;este programa per part de la Diputaci\u00f3, perqu\u00e8 ha contribu\u00eft al fet que pimes i aut\u00f2noms disposen d&#8217;informaci\u00f3 clara, criteris homogenis i acompanyament t\u00e8cnic per a planificar actuacions realistes i ajustades a la seua capacitat\u201d.&nbsp;<\/p>\n\n\n\n<p class=\"wp-block-paragraph\">En el mateix sentit, Jos\u00e9 Aparici, responsable de l&#8217;Oficina de Sostenibilitat, destaca que \u201cdurant els dos \u00faltims anys, l&#8217;agenda ha aterrat, alineat els seus continguts amb les necessitats reals del teixit empresarial i allunyant-se d&#8217;una visi\u00f3 elitista de la sostenibilitat\u201d.<\/p>\n\n\n\n<figure class=\"wp-block-image size-large\"><img loading=\"lazy\" decoding=\"async\" width=\"1024\" height=\"683\" src=\"http:\/\/www.tucomarca.com\/wordpress\/segunda\/wp-content\/uploads\/2026\/01\/OficinaSostenibilidad-1024x683.jpg\" alt=\"\" class=\"wp-image-289277\" srcset=\"https:\/\/tucomarca.whitekongsoftware.com\/wp-content\/uploads\/2026\/01\/OficinaSostenibilidad-1024x683.jpg 1024w, https:\/\/tucomarca.whitekongsoftware.com\/wp-content\/uploads\/2026\/01\/OficinaSostenibilidad-300x200.jpg 300w, https:\/\/tucomarca.whitekongsoftware.com\/wp-content\/uploads\/2026\/01\/OficinaSostenibilidad-768x512.jpg 768w, https:\/\/tucomarca.whitekongsoftware.com\/wp-content\/uploads\/2026\/01\/OficinaSostenibilidad-1536x1024.jpg 1536w, https:\/\/tucomarca.whitekongsoftware.com\/wp-content\/uploads\/2026\/01\/OficinaSostenibilidad-2048x1365.jpg 2048w\" sizes=\"auto, (max-width: 1024px) 100vw, 1024px\" \/><\/figure>\n\n\n\n<p class=\"wp-block-paragraph\">Al llarg de l&#8217;exercici, m\u00e9s de 3.000 empreses i entitats han participat en les diferents l\u00ednies d&#8217;activitat del programa. L&#8217;actuaci\u00f3 s&#8217;ha concretat en una agenda continuada de tallers, jornades presencials i seminaris en l\u00ednia, aix\u00ed com en trobades t\u00e8cniques dirigides tant a responsables empresarials com a personal t\u00e8cnic municipal. A m\u00e9s, s&#8217;han elaborat publicacions infogr\u00e0fiques, com a guies, butlletins, articles o videopodcasts, que faciliten l&#8217;acc\u00e9s a esta informaci\u00f3 en qualsevol moment. Per part de Cambra Val\u00e8ncia, el seu director de l&#8217;\u00e0rea de competitivitat, Rafa Mossi, subratlla que \u201cl&#8217;agenda formativa, \u00e9s la cara m\u00e9s reconeixible de l&#8217;Oficina de Sostenibilitat, la qual s&#8217;erigix com a ecosistema de networking referent i orientat a entitats de qualsevol grand\u00e0ria o sector, i interessades a implementar criteris de sostenibilitat en els seus productes i processos\u201d.&nbsp;<\/p>\n\n\n\n<p class=\"wp-block-paragraph\">Les activitats formatives han abordat, entre altres continguts, l&#8217;efici\u00e8ncia energ\u00e8tica i les energies renovables, la fiscalitat ambiental aplicada a l&#8217;empresa, la contractaci\u00f3 p\u00fablica verda, la gesti\u00f3 de residus i envasos, la log\u00edstica i la cadena de subministrament, el c\u00e0lcul d\u2019empremptes ambientals, els sistemes de certificaci\u00f3 i verificaci\u00f3, la tra\u00e7abilitat de residus i l&#8217;an\u00e0lisi de convocat\u00f2ries d&#8217;ajudes i subvencions vinculades a innovaci\u00f3, digitalitzaci\u00f3 i sostenibilitat. A m\u00e9s del component formatiu, l&#8217;Oficina de Sostenibilitat ha mantingut un servici permanent d&#8217;assessoria t\u00e8cnica que ha perm\u00e9s a les organitzacions resoldre consultes espec\u00edfiques en mat\u00e8ria de legislaci\u00f3 ambiental, finan\u00e7ament o sistemes de gesti\u00f3, aix\u00ed com accedir a ferramentes de diagn\u00f2stic a partir de les quals s&#8217;han elaborat plans de millora amb un enfocament pr\u00e0ctic i aplicat.&nbsp;<\/p>\n\n\n\n<p class=\"wp-block-paragraph\">La vicepresidenta primera i diputada de Cooperaci\u00f3 Municipal, Nat\u00e0lia Enguix, ha recalcat que \u201cl&#8217;Oficina de Sostenibilitat s&#8217;emmarca en una l\u00ednia de treball m\u00e9s \u00e0mplia de la Diputaci\u00f3 orientada a refor\u00e7ar la cooperaci\u00f3 amb els municipis i a oferir respostes concretes a les necessitats del territori, des d&#8217;una perspectiva comarcal i municipalista\u201d. Aix\u00ed, la vicepresidenta ha recordat que la Diputaci\u00f3 de Val\u00e8ncia est\u00e0 desenvolupant, a trav\u00e9s de diferents \u00e0rees, actuacions complement\u00e0ries dirigides a donar suport al desenvolupament econ\u00f2mic local, el comer\u00e7 de proximitat i l&#8217;emprenedoria. Entre elles, destaquen els treballs impulsats des de la delegaci\u00f3 de Promoci\u00f3 Econ\u00f2mica, que tamb\u00e9 coordina la vicepresidenta primera, per a establir el disseny d&#8217;una acci\u00f3 formativa espec\u00edfica dirigida a persones emprenedores interessades a iniciar la seua activitat en mercats municipals de l&#8217;interior de la prov\u00edncia, aix\u00ed com les ajudes extraordin\u00e0ries al comer\u00e7 local, com les articulades mitjan\u00e7ant el Bo Comer\u00e7 Dana que ha tingut un impacte econ\u00f2mic de 10 milions d&#8217;euros, la formaci\u00f3 a directius a trav\u00e9s del Formworking, o la formaci\u00f3 a Pime familiar per a afrontar el relleu generacional.<\/p>\n\n\n\n<p class=\"wp-block-paragraph\">D&#8217;altra banda, la vicepresidenta Nat\u00e0lia Enguix ha remarcat que \u201cla Diputaci\u00f3 est\u00e0 avan\u00e7ant en el desplegament d&#8217;una xarxa d&#8217;oficines comarcals com a instrument de proximitat per a millorar l&#8217;atenci\u00f3 a ajuntaments, empreses i ciutadania, facilitant l&#8217;acc\u00e9s a informaci\u00f3, assessorament i servicis p\u00fablics des d&#8217;una l\u00f2gica territorial m\u00e9s pr\u00f2xima\u201d. Enguix ha concl\u00f2s destacant que \u201ctotes estes actuacions responen a un mateix objectiu: refor\u00e7ar la capacitat dels municipis, especialment els m\u00e9s xicotets, per a afrontar els reptes econ\u00f2mics i socials actuals, garantint que les pol\u00edtiques p\u00fabliques tinguen un impacte real i equilibrat en el conjunt de la prov\u00edncia\u201d.<\/p>\n","protected":false},"excerpt":{"rendered":"<div class=\"mh-excerpt\">La corporaci\u00f3 provincial finan\u00e7a amb 68.000 euros l&#8217;Oficina de Sostenibilitat 2025 de C\u00e1mara Valencia, un servici gratu\u00eft de suport t\u00e8cnic i formatiu per a pimes i aut\u00f2noms. La vicepresidenta Nat\u00e0lia Enguix destaca que \u201ceste programa <a class=\"mh-excerpt-more\" href=\"https:\/\/tucomarca.whitekongsoftware.com\/ca\/la-diputacio-consolida-el-programa-dassessorament-en-sostenibilitat-amb-mes-de-3-000-empreses-participants\/\" title=\"La Diputaci\u00f3 consolida el programa d&#8217;assessorament en sostenibilitat amb m\u00e9s de 3.000 empreses participants\">[+] <\/a><\/div>\n","protected":false},"author":12,"featured_media":289276,"comment_status":"open","ping_status":"open","sticky":false,"template":"","format":"standard","meta":{"footnotes":""},"categories":[10898,10948,10894,10904,11007,10947,10896],"tags":[23536,11246,13140],"class_list":["post-289280","post","type-post","status-publish","format-standard","has-post-thumbnail","category-ventana-ca","category-infraestructuras-ca","category-la-comarca-ca","category-sin-categorizar-ca","category-ocio-y-cultura-ca","category-politica","category-seccion-ca","tag-camara-valencia-ca","tag-diputacio-de-valencia-ca","tag-sostenibilidad-ca"],"_links":{"self":[{"href":"https:\/\/tucomarca.whitekongsoftware.com\/ca\/wp-json\/wp\/v2\/posts\/289280","targetHints":{"allow":["GET"]}}],"collection":[{"href":"https:\/\/tucomarca.whitekongsoftware.com\/ca\/wp-json\/wp\/v2\/posts"}],"about":[{"href":"https:\/\/tucomarca.whitekongsoftware.com\/ca\/wp-json\/wp\/v2\/types\/post"}],"author":[{"embeddable":true,"href":"https:\/\/tucomarca.whitekongsoftware.com\/ca\/wp-json\/wp\/v2\/users\/12"}],"replies":[{"embeddable":true,"href":"https:\/\/tucomarca.whitekongsoftware.com\/ca\/wp-json\/wp\/v2\/comments?post=289280"}],"version-history":[{"count":0,"href":"https:\/\/tucomarca.whitekongsoftware.com\/ca\/wp-json\/wp\/v2\/posts\/289280\/revisions"}],"wp:featuredmedia":[{"embeddable":true,"href":"https:\/\/tucomarca.whitekongsoftware.com\/ca\/wp-json\/wp\/v2\/media\/289276"}],"wp:attachment":[{"href":"https:\/\/tucomarca.whitekongsoftware.com\/ca\/wp-json\/wp\/v2\/media?parent=289280"}],"wp:term":[{"taxonomy":"category","embeddable":true,"href":"https:\/\/tucomarca.whitekongsoftware.com\/ca\/wp-json\/wp\/v2\/categories?post=289280"},{"taxonomy":"post_tag","embeddable":true,"href":"https:\/\/tucomarca.whitekongsoftware.com\/ca\/wp-json\/wp\/v2\/tags?post=289280"}],"curies":[{"name":"wp","href":"https:\/\/api.w.org\/{rel}","templated":true}]}}