{"id":289200,"date":"2025-12-31T11:30:00","date_gmt":"2025-12-31T10:30:00","guid":{"rendered":"https:\/\/www.tucomarca.com\/wordpress\/segunda\/?p=289200"},"modified":"2025-12-31T13:48:15","modified_gmt":"2025-12-31T12:48:15","slug":"cultura-destina-675-746-euros-en-ajudes-per-a-biblioteques-arxius-i-agents-del-sector-del-llibre-afectats-per-la-dana-del-passat-any","status":"publish","type":"post","link":"https:\/\/tucomarca.whitekongsoftware.com\/ca\/cultura-destina-675-746-euros-en-ajudes-per-a-biblioteques-arxius-i-agents-del-sector-del-llibre-afectats-per-la-dana-del-passat-any\/","title":{"rendered":"Cultura destina 675.746 euros en ajudes per a biblioteques, arxius i agents del sector del llibre afectats per la dana del passat any"},"content":{"rendered":"\n<h3 class=\"wp-block-heading\">Aquests recursos estan dirigits a sufragar la reparaci\u00f3 dels danys provocats per la dana a les biblioteques i arxius municipals.<\/h3>\n\n\n\n<p class=\"wp-block-paragraph\">Tamb\u00e9 busquen reactivaci\u00f3 econ\u00f2mica de llibreries i empreses distribu\u00efdores del sector afectades<br>La Conselleria d&#8217;Educaci\u00f3, Cultura i Universitats ha publicat en el DOGV (https:\/\/dogv.gva.es\/es\/resultat-dogv?signatura=2025\/52943) la resoluci\u00f3 per la qual es destinen 675.746,64 euros en subvencions destinades a les biblioteques p\u00fabliques, arxius p\u00fablics, aix\u00ed com a llibreries i les seues distribu\u00efdores afectades pel temporal de vent i pluges iniciat el 29 d&#8217;octubre de 2024 en la Comunitat Valenciana.<\/p>\n\n\n\n<p class=\"wp-block-paragraph\">Les ajudes tenen com a finalitat atendre les necessitats espec\u00edfiques de biblioteques i arxius p\u00fablics, garantint la preservaci\u00f3 del patrimoni documental i bibliogr\u00e0fic, el complet restabliment de les seues funcions, i la incorporaci\u00f3 de l&#8217;equipament necessari per a un servei p\u00fablic de qualitat i plenament operatiu.<\/p>\n\n\n\n<p class=\"wp-block-paragraph\">Aix\u00ed mateix, una altra de les seues finalitats \u00e9s la reactivaci\u00f3 econ\u00f2mica de llibreries i empreses distribu\u00efdores del sector del llibre, mitjan\u00e7ant la reparaci\u00f3 i reposici\u00f3 de fons, col\u00b7leccions, instal\u00b7lacions, equipament i b\u00e9ns materials indispensables per al desenvolupament de la seua activitat, prioritzant aquelles actuacions que contribu\u00efsquen de manera directa a l&#8217;acc\u00e9s a la lectura i a la dinamitzaci\u00f3 cultural de la ciutadania.<\/p>\n\n\n\n<p class=\"wp-block-paragraph\">A l&#8217;efecte d&#8217;aquestes subvencions, s&#8217;han concedit 207.074,19 euros per a despeses corrents i un import de 468.672,45 euros per a despeses d&#8217;inversi\u00f3.<\/p>\n\n\n\n<p class=\"wp-block-paragraph\">Entre els beneficiaris es troben els arxius i biblioteques dels ajuntaments d&#8217;Aldaia, Albal, Godelleta, Paiporta, Alfafar, Massanassa, Albalat de la Ribera, Algemes\u00ed, Monserrat i les seg\u00fcents empreses i distribu\u00efdores: Librolandia, Moixeranga, Esplai Llibres, Gea LLibres, Fuera de Ruta, Passarella Store, Jos\u00e9 Ram\u00f3n Sancho, Jos\u00e9 Javier Garc\u00eda Vicente, Yolanda Gir\u00f3n Jarque i Maria Purificaci\u00f3n S\u00e1nchez Roque.<\/p>\n","protected":false},"excerpt":{"rendered":"<div class=\"mh-excerpt\">Aquests recursos estan dirigits a sufragar la reparaci\u00f3 dels danys provocats per la dana a les biblioteques i arxius municipals. Tamb\u00e9 busquen reactivaci\u00f3 econ\u00f2mica de llibreries i empreses distribu\u00efdores del sector afectadesLa Conselleria d&#8217;Educaci\u00f3, Cultura <a class=\"mh-excerpt-more\" href=\"https:\/\/tucomarca.whitekongsoftware.com\/ca\/cultura-destina-675-746-euros-en-ajudes-per-a-biblioteques-arxius-i-agents-del-sector-del-llibre-afectats-per-la-dana-del-passat-any\/\" title=\"Cultura destina 675.746 euros en ajudes per a biblioteques, arxius i agents del sector del llibre afectats per la dana del passat any\">[+] <\/a><\/div>\n","protected":false},"author":12,"featured_media":243281,"comment_status":"open","ping_status":"open","sticky":false,"template":"","format":"standard","meta":{"footnotes":""},"categories":[21466,10898,10948,10894,10904,10903,11007,10947,10896,10897],"tags":[21788,12194,11498],"class_list":["post-289200","post","type-post","status-publish","format-standard","has-post-thumbnail","category-dana-ca","category-ventana-ca","category-infraestructuras-ca","category-la-comarca-ca","category-sin-categorizar-ca","category-medio-ambiente-la-comarca-ca","category-ocio-y-cultura-ca","category-politica","category-seccion-ca","category-sucesos-la-comarca-ca","tag-ayudas-dana-ca","tag-cultura-ca","tag-generalitat-valenciana-ca"],"_links":{"self":[{"href":"https:\/\/tucomarca.whitekongsoftware.com\/ca\/wp-json\/wp\/v2\/posts\/289200","targetHints":{"allow":["GET"]}}],"collection":[{"href":"https:\/\/tucomarca.whitekongsoftware.com\/ca\/wp-json\/wp\/v2\/posts"}],"about":[{"href":"https:\/\/tucomarca.whitekongsoftware.com\/ca\/wp-json\/wp\/v2\/types\/post"}],"author":[{"embeddable":true,"href":"https:\/\/tucomarca.whitekongsoftware.com\/ca\/wp-json\/wp\/v2\/users\/12"}],"replies":[{"embeddable":true,"href":"https:\/\/tucomarca.whitekongsoftware.com\/ca\/wp-json\/wp\/v2\/comments?post=289200"}],"version-history":[{"count":0,"href":"https:\/\/tucomarca.whitekongsoftware.com\/ca\/wp-json\/wp\/v2\/posts\/289200\/revisions"}],"wp:featuredmedia":[{"embeddable":true,"href":"https:\/\/tucomarca.whitekongsoftware.com\/ca\/wp-json\/wp\/v2\/media\/243281"}],"wp:attachment":[{"href":"https:\/\/tucomarca.whitekongsoftware.com\/ca\/wp-json\/wp\/v2\/media?parent=289200"}],"wp:term":[{"taxonomy":"category","embeddable":true,"href":"https:\/\/tucomarca.whitekongsoftware.com\/ca\/wp-json\/wp\/v2\/categories?post=289200"},{"taxonomy":"post_tag","embeddable":true,"href":"https:\/\/tucomarca.whitekongsoftware.com\/ca\/wp-json\/wp\/v2\/tags?post=289200"}],"curies":[{"name":"wp","href":"https:\/\/api.w.org\/{rel}","templated":true}]}}