{"id":289145,"date":"2025-12-30T10:00:00","date_gmt":"2025-12-30T09:00:00","guid":{"rendered":"https:\/\/www.tucomarca.com\/wordpress\/segunda\/?p=289145"},"modified":"2025-12-31T10:12:28","modified_gmt":"2025-12-31T09:12:28","slug":"el-pressupost-de-xest-supera-per-primera-vegada-els-11-milions-deuros","status":"publish","type":"post","link":"https:\/\/tucomarca.whitekongsoftware.com\/ca\/el-pressupost-de-xest-supera-per-primera-vegada-els-11-milions-deuros\/","title":{"rendered":"El pressupost de Xest supera per primera vegada els 11 milions d&#8217;euros"},"content":{"rendered":"\n<h3 class=\"wp-block-heading\">Els comptes van ser aprovats amb els vots favorables de l&#8217;equip de govern.<\/h3>\n\n\n\n<h3 class=\"wp-block-heading\">Es tracta del pressupost m\u00e9s alt de la hist\u00f2ria, en els quals la tramitaci\u00f3 de la reconstrucci\u00f3, la just\u00edcia fiscal i l&#8217;augment de subvencions s\u00f3n tres dels eixos principals.<\/h3>\n\n\n\n<h3 class=\"wp-block-heading\">El ple extraordinari va aprovar per unanimitat un nou sistema din\u00e0mic d&#8217;adquisici\u00f3 per a la contractaci\u00f3 de subministraments diversos per a l&#8217;Ajuntament de Xest, amb la finalitat d&#8217;agilitzar els tr\u00e0mits administratius.<\/h3>\n\n\n\n<p class=\"wp-block-paragraph\">L&#8217;ajuntament de Xest comptar\u00e0 amb un pressupost per a 2026 de 11,603,415,83 euros, la qual cosa suposa un increment del 5,62% respecte a 2025. Els comptes han sigut aprovades en el ple extraordinari celebrat el 23 de desembre amb els vots favorables de l&#8217;equip de govern (PSPV i EUPV) enfront dels vots contraris del PP.<\/p>\n\n\n\n<p class=\"wp-block-paragraph\">La tinenta d&#8217;alcalde i regidora d&#8217;Hisenda, M\u00aa \u00c1ngeles Llorente, va destacar que \u201ces tracta de la primera vegada en deu anys que els pressupostos passen pel ple abans de Nadal\u201d, felicitant tant el departament d&#8217;Intervenci\u00f3 de l&#8217;Ajuntament per la tramitaci\u00f3 dels comptes com als integrants de l&#8217;equip de govern \u201cles seues aportacions per a fer possible aquests pressupostos\u201d.<\/p>\n\n\n\n<p class=\"wp-block-paragraph\">Un pressupost que Llorente va qualificar de \u201ceficient i efica\u00e7 per a resoldre tots els reptes als quals s&#8217;enfronta Xest\u201d. L&#8217;augment de 626.956,94 euros, segons Llorente respecte a l&#8217;exercici anterior, \u201c\u00e9s degut a l&#8217;increment de les inspeccions tribut\u00e0ries que ja s&#8217;estan realitzant\u201d, unes inspeccions que persegueixen \u201cfer just\u00edcia fiscal, \u00e9s a dir, que pague tothom, i fonamentalment les grans empreses\u201d.<\/p>\n\n\n\n<p class=\"wp-block-paragraph\">Llorente tamb\u00e9 va subratllar que l&#8217;Ajuntament de Xest \u201cno t\u00e9 cap mena de deute\u201d, la qual cosa s&#8217;explica per la bona gesti\u00f3 que aquest equip de govern est\u00e0 realitzant\u201d. Tamb\u00e9 va assenyalar que el cap\u00edtol de subvencions \u201cha augmentat sobretot les dels col\u00b7legis i altres com la de l&#8217;Associaci\u00f3 de Mestresses de casa\u201d. A m\u00e9s, va informar que en els comptes de 2026 s&#8217;ha incl\u00f2s els canvis derivats de la nova Relaci\u00f3 de Llocs de treball (RPT) de l&#8217;Ajuntament de Xest.<\/p>\n\n\n\n<p class=\"wp-block-paragraph\">Segons Jos\u00e9 Morell, alcalde de Xest, aquest pressupost \u201c\u00e9s el m\u00e9s alt de la hist\u00f2ria de Xest, simplement aplicant una revisi\u00f3 fiscal que ha aflorat persones que tenien q contribuir i no ho feien\u201d. En la seua intervenci\u00f3 tamb\u00e9 va destacar que \u201cdes de fa una d\u00e8cada no existeix deute a l&#8217;Ajuntament de Xest\u201d, la qual cosa confirma \u201cla bona gesti\u00f3 que s&#8217;est\u00e0 fent a l&#8217;Ajuntament\u201d, i va avan\u00e7ar l&#8217;augment en les subvencions i tamb\u00e9 en promoci\u00f3 econ\u00f2mica, aix\u00ed com \u201cl&#8217;aposta pel manteniment dels edificis p\u00fablics de la localitat\u201d.<\/p>\n\n\n\n<p class=\"wp-block-paragraph\">Aquest pressupost est\u00e0 preparat per a \u201ccanalitzar la reconstrucci\u00f3, ja que hem refor\u00e7at els diferents departaments per a fer front a la quantitat d&#8217;ajudes provinents del Govern d&#8217;Espanya i d&#8217;altres administracions destinades a la reconstrucci\u00f3\u201d.<\/p>\n\n\n\n<p class=\"wp-block-paragraph\">Per part seua, M\u00aa Carmen Corber\u00e1n, en nom del Partit Popular, va explicar el vot en contra dels populars assenyalant que \u201csi tingu\u00e9rem responsabilitat de govern haur\u00edem repartit el pressupost d&#8217;una altra manera, ateses les necessitats del poble\u201d.<\/p>\n\n\n\n<p class=\"wp-block-paragraph\">Aprovat un nou sistema din\u00e0mic de contractaci\u00f3<\/p>\n\n\n\n<p class=\"wp-block-paragraph\">A m\u00e9s del pressupost per a 2026 el ple de l&#8217;Ajuntament de Xest va aprovar per unanimitat l&#8217;establiment d&#8217;un sistema din\u00e0mic d&#8217;adquisici\u00f3 per a la contractaci\u00f3 de subministraments diversos per a l&#8217;Ajuntament de Xest. Es tracta d&#8217;un sistema similar al que ja s&#8217;est\u00e0 aplicant en l&#8217;\u00e0rea d&#8217;Urbanisme que, segons l&#8217;alcalde de Xest \u201cpersegueix l&#8217;objectiu d&#8217;agilitzar la maquin\u00e0ria administrativa, agilitzant els tr\u00e0mits i eliminant els retards en els pagaments\u201d. Les empreses es poden inscriure i es van llan\u00e7ant les diferents necessitats municipals. Un sistema obert, en les quals les empreses poden entrar i eixir, i que compta amb una gran varietat de modalitats de contracte.<\/p>\n\n\n\n<figure class=\"wp-block-gallery has-nested-images columns-2 is-cropped wp-block-gallery-1 is-layout-flex wp-block-gallery-is-layout-flex\">\n<figure class=\"wp-block-image size-large\"><img loading=\"lazy\" decoding=\"async\" width=\"1024\" height=\"768\" data-id=\"289142\" src=\"https:\/\/www.tucomarca.com\/wordpress\/segunda\/wp-content\/uploads\/2025\/12\/PlenoCheste4-1024x768.jpg\" alt=\"\" class=\"wp-image-289142\" srcset=\"https:\/\/tucomarca.whitekongsoftware.com\/wp-content\/uploads\/2025\/12\/PlenoCheste4-1024x768.jpg 1024w, https:\/\/tucomarca.whitekongsoftware.com\/wp-content\/uploads\/2025\/12\/PlenoCheste4-300x225.jpg 300w, https:\/\/tucomarca.whitekongsoftware.com\/wp-content\/uploads\/2025\/12\/PlenoCheste4-768x576.jpg 768w, https:\/\/tucomarca.whitekongsoftware.com\/wp-content\/uploads\/2025\/12\/PlenoCheste4-678x509.jpg 678w, https:\/\/tucomarca.whitekongsoftware.com\/wp-content\/uploads\/2025\/12\/PlenoCheste4-326x245.jpg 326w, https:\/\/tucomarca.whitekongsoftware.com\/wp-content\/uploads\/2025\/12\/PlenoCheste4-80x60.jpg 80w, https:\/\/tucomarca.whitekongsoftware.com\/wp-content\/uploads\/2025\/12\/PlenoCheste4.jpg 1319w\" sizes=\"auto, (max-width: 1024px) 100vw, 1024px\" \/><\/figure>\n\n\n\n<figure class=\"wp-block-image size-large\"><img loading=\"lazy\" decoding=\"async\" width=\"1024\" height=\"747\" data-id=\"289138\" src=\"https:\/\/www.tucomarca.com\/wordpress\/segunda\/wp-content\/uploads\/2025\/12\/PlenoCheste2-1024x747.jpg\" alt=\"\" class=\"wp-image-289138\" srcset=\"https:\/\/tucomarca.whitekongsoftware.com\/wp-content\/uploads\/2025\/12\/PlenoCheste2-1024x747.jpg 1024w, https:\/\/tucomarca.whitekongsoftware.com\/wp-content\/uploads\/2025\/12\/PlenoCheste2-300x219.jpg 300w, https:\/\/tucomarca.whitekongsoftware.com\/wp-content\/uploads\/2025\/12\/PlenoCheste2-768x560.jpg 768w, https:\/\/tucomarca.whitekongsoftware.com\/wp-content\/uploads\/2025\/12\/PlenoCheste2.jpg 1184w\" sizes=\"auto, (max-width: 1024px) 100vw, 1024px\" \/><\/figure>\n\n\n\n<figure class=\"wp-block-image size-large\"><img loading=\"lazy\" decoding=\"async\" width=\"1024\" height=\"768\" data-id=\"289136\" src=\"https:\/\/www.tucomarca.com\/wordpress\/segunda\/wp-content\/uploads\/2025\/12\/PlenoCheste1-1024x768.jpg\" alt=\"\" class=\"wp-image-289136\" srcset=\"https:\/\/tucomarca.whitekongsoftware.com\/wp-content\/uploads\/2025\/12\/PlenoCheste1-1024x768.jpg 1024w, https:\/\/tucomarca.whitekongsoftware.com\/wp-content\/uploads\/2025\/12\/PlenoCheste1-300x225.jpg 300w, https:\/\/tucomarca.whitekongsoftware.com\/wp-content\/uploads\/2025\/12\/PlenoCheste1-768x576.jpg 768w, https:\/\/tucomarca.whitekongsoftware.com\/wp-content\/uploads\/2025\/12\/PlenoCheste1-678x509.jpg 678w, https:\/\/tucomarca.whitekongsoftware.com\/wp-content\/uploads\/2025\/12\/PlenoCheste1-326x245.jpg 326w, https:\/\/tucomarca.whitekongsoftware.com\/wp-content\/uploads\/2025\/12\/PlenoCheste1-80x60.jpg 80w, https:\/\/tucomarca.whitekongsoftware.com\/wp-content\/uploads\/2025\/12\/PlenoCheste1.jpg 1319w\" sizes=\"auto, (max-width: 1024px) 100vw, 1024px\" \/><\/figure>\n<\/figure>\n","protected":false},"excerpt":{"rendered":"<div class=\"mh-excerpt\">Els comptes van ser aprovats amb els vots favorables de l&#8217;equip de govern. Es tracta del pressupost m\u00e9s alt de la hist\u00f2ria, en els quals la tramitaci\u00f3 de la reconstrucci\u00f3, la just\u00edcia fiscal i l&#8217;augment <a class=\"mh-excerpt-more\" href=\"https:\/\/tucomarca.whitekongsoftware.com\/ca\/el-pressupost-de-xest-supera-per-primera-vegada-els-11-milions-deuros\/\" title=\"El pressupost de Xest supera per primera vegada els 11 milions d&#8217;euros\">[+] <\/a><\/div>\n","protected":false},"author":12,"featured_media":289141,"comment_status":"open","ping_status":"open","sticky":false,"template":"","format":"gallery","meta":{"footnotes":""},"categories":[10898,10948,10894,10912,10947,10896,10974],"tags":[11071,10914,13619],"class_list":["post-289145","post","type-post","status-publish","format-gallery","has-post-thumbnail","category-ventana-ca","category-infraestructuras-ca","category-la-comarca-ca","category-la-hoya-ca","category-politica","category-seccion-ca","category-cheste-ca","tag-cheste","tag-la-hoya-de-bunol-chiva-ca","tag-presupuestos-ca","post_format-post-format-gallery"],"_links":{"self":[{"href":"https:\/\/tucomarca.whitekongsoftware.com\/ca\/wp-json\/wp\/v2\/posts\/289145","targetHints":{"allow":["GET"]}}],"collection":[{"href":"https:\/\/tucomarca.whitekongsoftware.com\/ca\/wp-json\/wp\/v2\/posts"}],"about":[{"href":"https:\/\/tucomarca.whitekongsoftware.com\/ca\/wp-json\/wp\/v2\/types\/post"}],"author":[{"embeddable":true,"href":"https:\/\/tucomarca.whitekongsoftware.com\/ca\/wp-json\/wp\/v2\/users\/12"}],"replies":[{"embeddable":true,"href":"https:\/\/tucomarca.whitekongsoftware.com\/ca\/wp-json\/wp\/v2\/comments?post=289145"}],"version-history":[{"count":0,"href":"https:\/\/tucomarca.whitekongsoftware.com\/ca\/wp-json\/wp\/v2\/posts\/289145\/revisions"}],"wp:featuredmedia":[{"embeddable":true,"href":"https:\/\/tucomarca.whitekongsoftware.com\/ca\/wp-json\/wp\/v2\/media\/289141"}],"wp:attachment":[{"href":"https:\/\/tucomarca.whitekongsoftware.com\/ca\/wp-json\/wp\/v2\/media?parent=289145"}],"wp:term":[{"taxonomy":"category","embeddable":true,"href":"https:\/\/tucomarca.whitekongsoftware.com\/ca\/wp-json\/wp\/v2\/categories?post=289145"},{"taxonomy":"post_tag","embeddable":true,"href":"https:\/\/tucomarca.whitekongsoftware.com\/ca\/wp-json\/wp\/v2\/tags?post=289145"}],"curies":[{"name":"wp","href":"https:\/\/api.w.org\/{rel}","templated":true}]}}