{"id":289122,"date":"2025-12-30T11:30:00","date_gmt":"2025-12-30T10:30:00","guid":{"rendered":"https:\/\/www.tucomarca.com\/wordpress\/segunda\/?p=289122"},"modified":"2025-12-31T10:17:16","modified_gmt":"2025-12-31T09:17:16","slug":"la-diputacio-injecta-26-500-euros-en-el-rincon-de-ademuz-i-la-serrania-per-a-fomentar-les-compres-nadalenques-en-el-comerc-rural","status":"publish","type":"post","link":"https:\/\/tucomarca.whitekongsoftware.com\/ca\/la-diputacio-injecta-26-500-euros-en-el-rincon-de-ademuz-i-la-serrania-per-a-fomentar-les-compres-nadalenques-en-el-comerc-rural\/","title":{"rendered":"La Diputaci\u00f3 injecta 26.500 euros en el Rinc\u00f3n de Ademuz i la Serran\u00eda per a fomentar les compres nadalenques en el comer\u00e7 rural"},"content":{"rendered":"\n<h3 class=\"wp-block-heading\">A trav\u00e9s del projecte \u2018Connecta Comer\u00e7 Rural\u2019, els ve\u00efns de les dos comarques han obtingut descomptes de fins a 200 euros per compres realitzades en els quasi 100 comer\u00e7os locals adherits.<\/h3>\n\n\n\n<h3 class=\"wp-block-heading\">La iniciativa s&#8217;ha dut a terme de manera transversal des de les \u00e0rees d&#8217;Administraci\u00f3 Electr\u00f2nica i Desenvolupament Territorial Sostenible.<\/h3>\n\n\n\n<p class=\"wp-block-paragraph\">La Diputaci\u00f3 de Val\u00e8ncia ha destinat 26.500 euros a impulsar el consum en el comer\u00e7 local de les comarques del Rinc\u00f3n de Ademuz i la Serran\u00eda a trav\u00e9s del projecte Connecta Comer\u00e7 Rural, una iniciativa duta a terme de manera conjunta per les \u00e0rees d&#8217;Administraci\u00f3 Electr\u00f2nica i Desenvolupament Territorial Sostenible de la corporaci\u00f3 provincial.<\/p>\n\n\n\n<p class=\"wp-block-paragraph\">Gr\u00e0cies a esta aportaci\u00f3, la campanya desenvolupada durant el per\u00edode nadalenc ha perm\u00e9s mobilitzar un total de 66.834,65 euros en transaccions comercials, ja que el sistema d&#8217;incentius estava dissenyat perqu\u00e8 cada descompte obtingut per la ciutadania es generara a partir d&#8217;un gasto previ en els comer\u00e7os adherits.&nbsp;<\/p>\n\n\n\n<p class=\"wp-block-paragraph\">D&#8217;esta manera, tal com explica el president Vicent Momp\u00f3, &#8220;cada euro de la Diputaci\u00f3 en este programa ha servit per a multiplicar el volum de compres realitzades en establiments locals, garantint que el gasto es quede en el territori i reforce l&#8217;economia de 26 municipis de l&#8217;interior mitjan\u00e7ant un innovador sistema de moneda virtual, amb un funcionament extremadament senzill tant per a usuaris com per a comerciants&#8221;.<\/p>\n\n\n\n<p class=\"wp-block-paragraph\">Aix\u00ed, el projecte Connecta Comer\u00e7 Rural est\u00e0 concebut com una ferramenta per a dinamitzar el teixit comercial de zones especialment afectades per la despoblaci\u00f3, combinant innovaci\u00f3 tecnol\u00f2gica i pol\u00edtiques de desenvolupament territorial. A trav\u00e9s d&#8217;una aplicaci\u00f3 m\u00f2bil, els usuaris han pogut realitzar les seues compres en establiments locals i beneficiar-se de descomptes que es reinvertien en noves compres dins de la pr\u00f2pia xarxa comercial de les dos comarques.<\/p>\n\n\n\n<p class=\"wp-block-paragraph\">El diputat d&#8217;Administraci\u00f3 Electr\u00f2nica, Juan Ram\u00f3n Adsuara, ha assenyalat que \u201ceste projecte demostra que la tecnologia, ben aplicada, pot tindre un impacte directe i mesurable en l&#8217;economia real dels nostres pobles\u201d. En este sentit, Adsuara ha destacat que \u201cla moneda digital permet garantir la tra\u00e7abilitat de les ajudes, assegurar que els diners es gasta on ha de gastar-se i oferir a comerciants i ciutadania una ferramenta senzilla, segura i transparent\u201d.<\/p>\n\n\n\n<p class=\"wp-block-paragraph\">Per part seua, el diputat de Desenvolupament Rural, Avelino Mascarell, ha subratllat que \u201ccada euro que es queda en el comer\u00e7 local \u00e9s una xicoteta vict\u00f2ria enfront de la despoblaci\u00f3\u201d. Mascarell ha remarcat que \u201cConnecta Comer\u00e7 Rural no \u00e9s nom\u00e9s una campanya de consum, sin\u00f3 una pol\u00edtica activa per a mantindre vius els nostres pobles, recolzar als qui emprenen en el medi rural i refor\u00e7ar la identitat econ\u00f2mica i social d&#8217;estes comarques d&#8217;interior\u201d.<\/p>\n\n\n\n<p class=\"wp-block-paragraph\">Des de l&#8217;\u00e0mbit municipal, l&#8217;alcaldessa d&#8217;Alpuente, Itziar M\u00e9ndez, ha destacat que \u201ciniciatives com Connecta Comer\u00e7 Rural demostren que, amb el suport adequat, el comer\u00e7 dels nostres pobles pot competir i continuar sent un pilar fonamental de la vida econ\u00f2mica i social del territori\u201d. M\u00e9ndez ha subratllat a m\u00e9s que \u201cl&#8217;impacte de la campanya no \u00e9s nom\u00e9s econ\u00f2mic, sin\u00f3 tamb\u00e9 an\u00edmic, perqu\u00e8 refor\u00e7a la confian\u00e7a de la ciutadania en els seus propis comer\u00e7os\u201d.<\/p>\n\n\n\n<p class=\"wp-block-paragraph\">Els resultats obtinguts durant la campanya de Nadal reforcen el plantejament inicial del projecte, que busca no sols incentivar el consum puntual, sin\u00f3 tamb\u00e9 familiaritzar tant a comerciants com a clients amb ferramentes digitals que milloren la competitivitat del comer\u00e7 rural a mitj\u00e0 i llarg termini.<\/p>\n","protected":false},"excerpt":{"rendered":"<div class=\"mh-excerpt\">A trav\u00e9s del projecte \u2018Connecta Comer\u00e7 Rural\u2019, els ve\u00efns de les dos comarques han obtingut descomptes de fins a 200 euros per compres realitzades en els quasi 100 comer\u00e7os locals adherits. La iniciativa s&#8217;ha dut <a class=\"mh-excerpt-more\" href=\"https:\/\/tucomarca.whitekongsoftware.com\/ca\/la-diputacio-injecta-26-500-euros-en-el-rincon-de-ademuz-i-la-serrania-per-a-fomentar-les-compres-nadalenques-en-el-comerc-rural\/\" title=\"La Diputaci\u00f3 injecta 26.500 euros en el Rinc\u00f3n de Ademuz i la Serran\u00eda per a fomentar les compres nadalenques en el comer\u00e7 rural\">[+] <\/a><\/div>\n","protected":false},"author":12,"featured_media":289121,"comment_status":"open","ping_status":"open","sticky":false,"template":"","format":"standard","meta":{"footnotes":""},"categories":[10890,11046,10898,10948,10894,10947,10896],"tags":[23490,11246],"class_list":["post-289122","post","type-post","status-publish","format-standard","has-post-thumbnail","category-ademus","category-los-serranos-ca","category-ventana-ca","category-infraestructuras-ca","category-la-comarca-ca","category-politica","category-seccion-ca","tag-connecta-comercio-rural-ca","tag-diputacio-de-valencia-ca"],"_links":{"self":[{"href":"https:\/\/tucomarca.whitekongsoftware.com\/ca\/wp-json\/wp\/v2\/posts\/289122","targetHints":{"allow":["GET"]}}],"collection":[{"href":"https:\/\/tucomarca.whitekongsoftware.com\/ca\/wp-json\/wp\/v2\/posts"}],"about":[{"href":"https:\/\/tucomarca.whitekongsoftware.com\/ca\/wp-json\/wp\/v2\/types\/post"}],"author":[{"embeddable":true,"href":"https:\/\/tucomarca.whitekongsoftware.com\/ca\/wp-json\/wp\/v2\/users\/12"}],"replies":[{"embeddable":true,"href":"https:\/\/tucomarca.whitekongsoftware.com\/ca\/wp-json\/wp\/v2\/comments?post=289122"}],"version-history":[{"count":0,"href":"https:\/\/tucomarca.whitekongsoftware.com\/ca\/wp-json\/wp\/v2\/posts\/289122\/revisions"}],"wp:featuredmedia":[{"embeddable":true,"href":"https:\/\/tucomarca.whitekongsoftware.com\/ca\/wp-json\/wp\/v2\/media\/289121"}],"wp:attachment":[{"href":"https:\/\/tucomarca.whitekongsoftware.com\/ca\/wp-json\/wp\/v2\/media?parent=289122"}],"wp:term":[{"taxonomy":"category","embeddable":true,"href":"https:\/\/tucomarca.whitekongsoftware.com\/ca\/wp-json\/wp\/v2\/categories?post=289122"},{"taxonomy":"post_tag","embeddable":true,"href":"https:\/\/tucomarca.whitekongsoftware.com\/ca\/wp-json\/wp\/v2\/tags?post=289122"}],"curies":[{"name":"wp","href":"https:\/\/api.w.org\/{rel}","templated":true}]}}