{"id":289094,"date":"2025-12-30T12:50:00","date_gmt":"2025-12-30T11:50:00","guid":{"rendered":"https:\/\/www.tucomarca.com\/wordpress\/segunda\/?p=289094"},"modified":"2025-12-31T10:36:05","modified_gmt":"2025-12-31T09:36:05","slug":"perez-llorca-destaca-que-la-generalitat-ha-finalitzat-en-un-any-la-reconstruccio-del-72-de-les-obres-locals-assumides","status":"publish","type":"post","link":"https:\/\/tucomarca.whitekongsoftware.com\/ca\/perez-llorca-destaca-que-la-generalitat-ha-finalitzat-en-un-any-la-reconstruccio-del-72-de-les-obres-locals-assumides\/","title":{"rendered":"P\u00e9rez Llorca destaca que la Generalitat ha finalitzat en un any la reconstrucci\u00f3 del 72% de les obres locals assumides"},"content":{"rendered":"\n<h3 class=\"wp-block-heading\">Reitera la col\u00b7laboraci\u00f3 del Consell amb les localitats afectades per a continuar donant resposta a les necessitats dels municipis ja que \u201ces tracta d&#8217;un dels nostres objectius principals en la reconstrucci\u00f3\u201d.<\/h3>\n\n\n\n<h3 class=\"wp-block-heading\">Reclama de nou al Govern d&#8217;Espanya buscar les modificacions legals perqu\u00e8 els ajuntaments \u201ces puguen tramitar per urg\u00e8ncia les obres en comptes del procediment ordinari\u201d.<\/h3>\n\n\n\n<p class=\"wp-block-paragraph\">El president de la Generalitat, Juanfran P\u00e9rez Llorca, ha destacat que el Consell ha finalitzat en un any la reconstrucci\u00f3 del 72% de les obres locals assumides per l&#8217;Administraci\u00f3 auton\u00f2mica amb una execuci\u00f3 de m\u00e9s de 30 milions d&#8217;euros dels prop de 52 pressupostats.<\/p>\n\n\n\n<p class=\"wp-block-paragraph\">Aquesta part del Pla Endavant tenia com a objectiu recuperar infraestructures municipals que van patir greus danys per les inundacions d&#8217;octubre de 2024. Els treballs duts a terme no sols han perm\u00e9s restituir les infraestructures anteriors sin\u00f3 incorporar millores per a fer-les m\u00e9s resilients enfront de fen\u00f2mens meteorol\u00f2gics extrems.<\/p>\n\n\n\n<p class=\"wp-block-paragraph\">El cap del Consell ha assenyalat que aquestes actuacions \u201ces van iniciar despr\u00e9s que la Generalitat assumira les compet\u00e8ncies necess\u00e0ries per a dur a terme obres de rehabilitaci\u00f3 en m\u00e9s d&#8217;una vintena de localitats afectades davant les dificultats dels ajuntaments per a assumir els treballs i la necessitat d&#8217;executar-los com m\u00e9s prompte millor\u201d.<\/p>\n\n\n\n<p class=\"wp-block-paragraph\">Les infraestructures assumides abastaven vies, passarel\u00b7les, ponts, camins i accessos en els municipis d&#8217;Alfafar, Torrent, Alc\u00e0sser, Picassent, Godelleta, Chera, Requena, Gestalgar, Sinarcas, Cheste, Beniparrell, Albal, Catarroja, Massanassa, Aldaia, Bu\u00f1ol, Chiva, Loriguilla, Algemes\u00ed, Montserrat, Siete Aguas, Calles, Bugarra, Macastre, Sot de Chera, Pedralba, Paiporta i Utiel.<\/p>\n\n\n\n<p class=\"wp-block-paragraph\">El president ha reiterat la col\u00b7laboraci\u00f3 de la Generalitat amb les localitats damnificades per a continuar donant resposta a les necessitats dels municipis ja que \u201ces tracta d&#8217;un dels nostres objectius principals en el proc\u00e9s de reconstrucci\u00f3 aix\u00ed com ajudar-los en les labors de reactivaci\u00f3 i refor\u00e7 de les infraestructures danyades\u201d.<\/p>\n\n\n\n<p class=\"wp-block-paragraph\"><strong>Una quinzena de municipis amb el 100% de les obres concloses<\/strong><\/p>\n\n\n\n<p class=\"wp-block-paragraph\">En aquests moments, de les 58 obres assumides per la Generalitat ja s&#8217;han finalitzat 42, la qual cosa suposa que una quinzena municipis compten amb totes les actuacions completades, mentre que en la resta de les localitats ja hi ha infraestructures finalitzades i en servei, avan\u00e7ant de manera progressiva en la recuperaci\u00f3 total de la resta.<\/p>\n\n\n\n<p class=\"wp-block-paragraph\">Els municipis en els quals ja han concl\u00f2s totes les actuacions de reconstrucci\u00f3 de les infraestructures danyades s\u00f3n Algemes\u00ed, Montserrat, Bunyol, Setaig\u00fces, Macastre, Xera, Requena, Xestalgar, Beniparrell, Catarroja, Massanassa, Albal, Aldaia, Xest, Paiporta i Alfafar. En la resta de les localitats, part de les obres ja s&#8217;ha completat i les intervencions pendents est\u00e0 previst que finalitzen progressivament al llarg dels pr\u00f2xims mesos.<\/p>\n\n\n\n<p class=\"wp-block-paragraph\"><strong>M\u00e9s col\u00b7laboraci\u00f3 per part del Govern d&#8217;Espa\u00f1a<\/strong><\/p>\n\n\n\n<p class=\"wp-block-paragraph\">P\u00e9rez Llorca ha reclamat de nou que el Govern d&#8217;Espanya \u201cha de buscar les modificacions legals perqu\u00e8 es puguen tramitar per urg\u00e8ncia les obres en comptes del procediment ordinari perqu\u00e8 es puguen fer al m\u00e9s prompte possible, tal com han demanat els ajuntaments de les localitats afectades\u201d.<\/p>\n\n\n\n<p class=\"wp-block-paragraph\">En aquest sentit, ha assenyalat que els ajuntaments \u201cmanquen de la capacitat t\u00e8cnica i administrativa\u201d necess\u00e0ria per a contractar de manera ordin\u00e0ria les obres requerides per a la reconstrucci\u00f3, malgrat disposar dels fons aportats pel Govern. Per aquest motiu, el president ha oferit la col\u00b7laboraci\u00f3 de la Generalitat en l&#8217;execuci\u00f3 d&#8217;aquestes inversions i ha demanat al Govern d&#8217;Espanya que \u201cbusque un mecanisme que permeta a la Generalitat assumir part d&#8217;aquestes obres sense rec\u00f3rrer a l&#8217;endeutament\u201d.<\/p>\n","protected":false},"excerpt":{"rendered":"<div class=\"mh-excerpt\">Reitera la col\u00b7laboraci\u00f3 del Consell amb les localitats afectades per a continuar donant resposta a les necessitats dels municipis ja que \u201ces tracta d&#8217;un dels nostres objectius principals en la reconstrucci\u00f3\u201d. Reclama de nou al <a class=\"mh-excerpt-more\" href=\"https:\/\/tucomarca.whitekongsoftware.com\/ca\/perez-llorca-destaca-que-la-generalitat-ha-finalitzat-en-un-any-la-reconstruccio-del-72-de-les-obres-locals-assumides\/\" title=\"P\u00e9rez Llorca destaca que la Generalitat ha finalitzat en un any la reconstrucci\u00f3 del 72% de les obres locals assumides\">[+] <\/a><\/div>\n","protected":false},"author":12,"featured_media":287322,"comment_status":"open","ping_status":"open","sticky":false,"template":"","format":"standard","meta":{"footnotes":""},"categories":[10983,11040,10911,11038,10892,11054,21466,11046,10898,11034,10977,10948,10894,10904,10912,10902,10931,10978,10903,11000,11025,10947,10909,10896,10979,11026,10897,11059,11037,10974,10975],"tags":[10899,15409,11498,10914,10910],"class_list":["post-289094","post","type-post","status-publish","format-standard","has-post-thumbnail","category-algemesi-ca","category-bugarra-ca","category-bunol-ca","category-calles-ca","category-camp-de-turia-ca","category-chera-ca","category-dana-ca","category-los-serranos-ca","category-ventana-ca","category-gestalgar-ca","category-godelleta-ca","category-infraestructuras-ca","category-la-comarca-ca","category-sin-categorizar-ca","category-la-hoya-ca","category-la-ribera-ca","category-loriguilla-ca","category-macastre-ca","category-medio-ambiente-la-comarca-ca","category-monserrat-ca","category-pedralba-ca","category-politica","category-requena-utiel-ca","category-seccion-ca","category-siete-aguas-ca","category-sot-de-chera-ca","category-sucesos-la-comarca-ca","category-utiel-ca","category-chera-los-serranos-ca","category-cheste-ca","category-chiva-ca","tag-camp-de-turia-ca","tag-dana-2-ca","tag-generalitat-valenciana-ca","tag-la-hoya-de-bunol-chiva-ca","tag-requena-utiel-ca"],"_links":{"self":[{"href":"https:\/\/tucomarca.whitekongsoftware.com\/ca\/wp-json\/wp\/v2\/posts\/289094","targetHints":{"allow":["GET"]}}],"collection":[{"href":"https:\/\/tucomarca.whitekongsoftware.com\/ca\/wp-json\/wp\/v2\/posts"}],"about":[{"href":"https:\/\/tucomarca.whitekongsoftware.com\/ca\/wp-json\/wp\/v2\/types\/post"}],"author":[{"embeddable":true,"href":"https:\/\/tucomarca.whitekongsoftware.com\/ca\/wp-json\/wp\/v2\/users\/12"}],"replies":[{"embeddable":true,"href":"https:\/\/tucomarca.whitekongsoftware.com\/ca\/wp-json\/wp\/v2\/comments?post=289094"}],"version-history":[{"count":0,"href":"https:\/\/tucomarca.whitekongsoftware.com\/ca\/wp-json\/wp\/v2\/posts\/289094\/revisions"}],"wp:featuredmedia":[{"embeddable":true,"href":"https:\/\/tucomarca.whitekongsoftware.com\/ca\/wp-json\/wp\/v2\/media\/287322"}],"wp:attachment":[{"href":"https:\/\/tucomarca.whitekongsoftware.com\/ca\/wp-json\/wp\/v2\/media?parent=289094"}],"wp:term":[{"taxonomy":"category","embeddable":true,"href":"https:\/\/tucomarca.whitekongsoftware.com\/ca\/wp-json\/wp\/v2\/categories?post=289094"},{"taxonomy":"post_tag","embeddable":true,"href":"https:\/\/tucomarca.whitekongsoftware.com\/ca\/wp-json\/wp\/v2\/tags?post=289094"}],"curies":[{"name":"wp","href":"https:\/\/api.w.org\/{rel}","templated":true}]}}