{"id":288957,"date":"2025-12-29T11:30:00","date_gmt":"2025-12-29T10:30:00","guid":{"rendered":"https:\/\/www.tucomarca.com\/wordpress\/segunda\/?p=288957"},"modified":"2025-12-29T15:56:06","modified_gmt":"2025-12-29T14:56:06","slug":"la-ribera-recupera-la-normalitat-despres-dun-episodi-de-tempestes-que-reviu-la-por-a-una-altra-dana","status":"publish","type":"post","link":"https:\/\/tucomarca.whitekongsoftware.com\/ca\/la-ribera-recupera-la-normalitat-despres-dun-episodi-de-tempestes-que-reviu-la-por-a-una-altra-dana\/","title":{"rendered":"La Ribera recupera la normalitat despr\u00e9s d&#8217;un episodi de tempestes que reviu la por a una altra DANA"},"content":{"rendered":"\n<p class=\"wp-block-paragraph\">La comarca de La Ribera ha recuperat progressivament la normalitat despr\u00e9s de l&#8217;episodi de fortes tempestes i pluges intenses registrat en les \u00faltimes hores, un temporal que, sense causar danys greus, va tornar a despertar el record i la preocupaci\u00f3 per les conseq\u00fc\u00e8ncies de l&#8217;anterior episodi de DANA del 29 d&#8217;octubre del 24.<\/p>\n\n\n\n<p class=\"wp-block-paragraph\">Les precipitacions, que en alguns punts van ser intenses i acompanyades d&#8217;aparell el\u00e8ctric, van provocar acumulacions d&#8217;aigua puntuals, basses en carreteres secund\u00e0ries i un augment del cabal en barrancs i s\u00e9quies, la qual cosa va obligar a extremar la vigil\u00e0ncia per part dels serveis d&#8217;emerg\u00e8ncia i els ajuntaments de la comarca.<\/p>\n\n\n\n<p class=\"wp-block-paragraph\">Des del Centre de Coordinaci\u00f3 d&#8217;Emerg\u00e8ncies de la Generalitat Valenciana es va mantindre activat el nivell d&#8217;alerta roja, recomanant precauci\u00f3 en despla\u00e7aments i en zones pr\u00f2ximes a llits. Al llarg de la jornada, els serveis municipals van fer tasques de seguiment i prevenci\u00f3, sense que s&#8217;hagen registrat incid\u00e8ncies de gravetat ni desallotjaments.<\/p>\n\n\n\n<p class=\"wp-block-paragraph\">L&#8217;episodi, encara que de curta duraci\u00f3, va generar inquietud entre la poblaci\u00f3 a causa del record d&#8217;anteriors temporals de pluges torrencials que van afectar la comarca, especialment despr\u00e9s dels danys ocasionats per la DANA d&#8217;octubre del 24. Ve\u00efns i comerciants van mostrar la seua preocupaci\u00f3 davant la rapidesa amb la qual es van produir les precipitacions i la intensitat del fenomen.<\/p>\n\n\n\n<p class=\"wp-block-paragraph\">Amb la millora de la situaci\u00f3 meteorol\u00f2gica i la remissi\u00f3 de les pluges, La Ribera ha anat recuperant la normalitat, reobrint-se carreteres i reprenent-se l&#8217;activitat quotidiana sense majors complicacions. No obstant aix\u00f2, les autoritats insisteixen en la import\u00e0ncia de mantindre la prud\u00e8ncia i seguir les indicacions oficials, especialment davant episodis d&#8217;inestabilitat atmosf\u00e8rica cada vegada m\u00e9s freq\u00fcents.<\/p>\n","protected":false},"excerpt":{"rendered":"<div class=\"mh-excerpt\">La comarca de La Ribera ha recuperat progressivament la normalitat despr\u00e9s de l&#8217;episodi de fortes tempestes i pluges intenses registrat en les \u00faltimes hores, un temporal que, sense causar danys greus, va tornar a despertar <a class=\"mh-excerpt-more\" href=\"https:\/\/tucomarca.whitekongsoftware.com\/ca\/la-ribera-recupera-la-normalitat-despres-dun-episodi-de-tempestes-que-reviu-la-por-a-una-altra-dana\/\" title=\"La Ribera recupera la normalitat despr\u00e9s d&#8217;un episodi de tempestes que reviu la por a una altra DANA\">[+] <\/a><\/div>\n","protected":false},"author":12,"featured_media":288956,"comment_status":"open","ping_status":"open","sticky":false,"template":"","format":"standard","meta":{"footnotes":""},"categories":[21466,10898,10948,10894,10904,10902,10903,10947,10896,10897],"tags":[23621,15409,23622,11356],"class_list":["post-288957","post","type-post","status-publish","format-standard","has-post-thumbnail","category-dana-ca","category-ventana-ca","category-infraestructuras-ca","category-la-comarca-ca","category-sin-categorizar-ca","category-la-ribera-ca","category-medio-ambiente-la-comarca-ca","category-politica","category-seccion-ca","category-sucesos-la-comarca-ca","tag-alerta-meteorologica-ca","tag-dana-2-ca","tag-fuertes-lluvias-y-tormentas-ca","tag-ribera-alta-ca"],"_links":{"self":[{"href":"https:\/\/tucomarca.whitekongsoftware.com\/ca\/wp-json\/wp\/v2\/posts\/288957","targetHints":{"allow":["GET"]}}],"collection":[{"href":"https:\/\/tucomarca.whitekongsoftware.com\/ca\/wp-json\/wp\/v2\/posts"}],"about":[{"href":"https:\/\/tucomarca.whitekongsoftware.com\/ca\/wp-json\/wp\/v2\/types\/post"}],"author":[{"embeddable":true,"href":"https:\/\/tucomarca.whitekongsoftware.com\/ca\/wp-json\/wp\/v2\/users\/12"}],"replies":[{"embeddable":true,"href":"https:\/\/tucomarca.whitekongsoftware.com\/ca\/wp-json\/wp\/v2\/comments?post=288957"}],"version-history":[{"count":0,"href":"https:\/\/tucomarca.whitekongsoftware.com\/ca\/wp-json\/wp\/v2\/posts\/288957\/revisions"}],"wp:featuredmedia":[{"embeddable":true,"href":"https:\/\/tucomarca.whitekongsoftware.com\/ca\/wp-json\/wp\/v2\/media\/288956"}],"wp:attachment":[{"href":"https:\/\/tucomarca.whitekongsoftware.com\/ca\/wp-json\/wp\/v2\/media?parent=288957"}],"wp:term":[{"taxonomy":"category","embeddable":true,"href":"https:\/\/tucomarca.whitekongsoftware.com\/ca\/wp-json\/wp\/v2\/categories?post=288957"},{"taxonomy":"post_tag","embeddable":true,"href":"https:\/\/tucomarca.whitekongsoftware.com\/ca\/wp-json\/wp\/v2\/tags?post=288957"}],"curies":[{"name":"wp","href":"https:\/\/api.w.org\/{rel}","templated":true}]}}